{"id":51386,"date":"2025-03-13T15:19:47","date_gmt":"2025-03-13T18:19:47","guid":{"rendered":"https:\/\/radiorevelacionfm.cl\/?p=51386"},"modified":"2025-03-13T15:46:16","modified_gmt":"2025-03-13T18:46:16","slug":"hospital-de-puerto-aysen-avanza-hacia-la-mediana-complejidad-con-apoyo-del-gobierno-regional","status":"publish","type":"post","link":"https:\/\/radiorevelacionfm.cl\/?p=51386","title":{"rendered":"Con apoyo del Gobierno Regional: Hospital de Puerto Ays\u00e9n busca mejorar prestaciones y equipamiento"},"content":{"rendered":"<div class=\"flex_column av_one_full  flex_column_div av-zero-column-padding first  avia-builder-el-0  el_before_av_one_full  avia-builder-el-first  \" style='border-radius:0px; '><div  class='avia-image-container  av-styling-    avia-builder-el-1  avia-builder-el-no-sibling  avia-align-center '  itemprop=\"image\" itemscope=\"itemscope\" itemtype=\"https:\/\/schema.org\/ImageObject\"  ><div class='avia-image-container-inner'><div class='avia-image-overlay-wrap'><img decoding=\"async\" class='wp-image-51387 avia-img-lazy-loading-not-51387 avia_image' src=\"https:\/\/radiorevelacionfm.cl\/wp-content\/uploads\/2025\/03\/03-8-1-1.jpeg\" alt='' title='03 (8) (1) (1)' height=\"600\" width=\"899\"  itemprop=\"thumbnailUrl\" srcset=\"https:\/\/radiorevelacionfm.cl\/wp-content\/uploads\/2025\/03\/03-8-1-1.jpeg 899w, https:\/\/radiorevelacionfm.cl\/wp-content\/uploads\/2025\/03\/03-8-1-1-300x200.jpeg 300w, https:\/\/radiorevelacionfm.cl\/wp-content\/uploads\/2025\/03\/03-8-1-1-768x513.jpeg 768w, https:\/\/radiorevelacionfm.cl\/wp-content\/uploads\/2025\/03\/03-8-1-1-705x471.jpeg 705w, https:\/\/radiorevelacionfm.cl\/wp-content\/uploads\/2025\/03\/03-8-1-1-450x300.jpeg 450w, https:\/\/radiorevelacionfm.cl\/wp-content\/uploads\/2025\/03\/03-8-1-1-600x400.jpeg 600w\" sizes=\"(max-width: 899px) 100vw, 899px\" \/><\/div><\/div><\/div><\/div>\n<div class=\"flex_column av_one_full  flex_column_div av-zero-column-padding first  avia-builder-el-2  el_after_av_one_full  el_before_av_one_full  column-top-margin\" style='border-radius:0px; '><section class=\"av_textblock_section \"  itemscope=\"itemscope\" itemtype=\"https:\/\/schema.org\/BlogPosting\" itemprop=\"blogPost\" ><div class='avia_textblock  '   itemprop=\"text\" ><p style=\"text-align: center;\"><strong><span style=\"font-size: 18pt;\">Con apoyo del Gobierno Regional: Hospital de Puerto Ays\u00e9n busca mejorar prestaciones y equipamiento <\/span><\/strong><\/p>\n<div id=\"gtx-trans\" style=\"position: absolute; left: -50px; top: 4.31534px;\">\n<div class=\"gtx-trans-icon\"><\/div>\n<\/div>\n<\/div><\/section><\/div>\n<div class=\"flex_column av_one_full  flex_column_div av-zero-column-padding first  avia-builder-el-4  el_after_av_one_full  el_before_av_hr  column-top-margin\" style='border-radius:0px; '><section class=\"av_textblock_section \"  itemscope=\"itemscope\" itemtype=\"https:\/\/schema.org\/BlogPosting\" itemprop=\"blogPost\" ><div class='avia_textblock  '   itemprop=\"text\" ><p style=\"text-align: justify;\"><em>Gobernador Regional y autoridades de salud, recorrieron el recinto para seguir avanzando en agilizar las listas de espera y mejorar en infraestructura y equipamiento.<\/em><\/p>\n<p style=\"text-align: justify;\">Con la visita del Gobernador Regional Marcelo Santana, acompa\u00f1ado por consejeros regionales y el equipo directivo del recinto, el Hospital de Puerto Ays\u00e9n dio un nuevo paso en su camino hacia la consolidaci\u00f3n como establecimiento de mediana complejidad. Durante la jornada, las autoridades recorrieron distintas \u00e1reas del hospital para conocer de primera fuente las necesidades en infraestructura, equipamiento y personal especializado.<\/p>\n<p style=\"text-align: justify;\">El Gobernador Regional Marcelo Santana destac\u00f3 la importancia de fortalecer el hospital y reafirm\u00f3 el compromiso del Gobierno Regional con la salud de los ayseninos. \u201cSabemos que los esfuerzos parecen insuficientes, aunque hay un gran aporte profesional y t\u00e9cnico de parte de este hospital que esperamos prontamente se normalice su mediana complejidad. Para eso hay que invertir, hay que traer recursos al hospital, y es lo que vamos a hacer firmando un convenio de programaci\u00f3n con el Servicio de Salud que nos permita ir equip\u00e1ndose y apoy\u00e1ndolo en todo este trabajo que se necesita. La salud de los vecinos de la regi\u00f3n de Ays\u00e9n es prioridad tanto para el Gobierno Regional como para el Ministerio de Salud\u201d, afirm\u00f3 Santana.<\/p>\n<p style=\"text-align: justify;\">Por su parte, el director del Hospital de Puerto Ays\u00e9n, Hern\u00e1n Barrientos, valor\u00f3 la instancia y la disposici\u00f3n de las autoridades para apoyar el fortalecimiento del recinto. \u201cHoy d\u00eda, como hospital de mediana complejidad y siempre acompa\u00f1ados por nuestro director de servicio, estamos en un desaf\u00edo muy importante para sacar adelante esta meta. Para eso estamos trabajando fuertemente en reducir la lista de espera, los tiempos de espera quir\u00fargicos y de atenciones de especialistas. Requerimos seguir invirtiendo, seguir levantando proyectos que permitan resolver en el corto y mediano plazo todos los desaf\u00edos que tenemos con las especialidades que tanto se requieren en nuestra comuna y en la provincia\u201d, explic\u00f3 Barrientos.<\/p>\n<p style=\"text-align: justify;\">El recorrido incluy\u00f3 una visita a los pabellones quir\u00fargicos, donde se present\u00f3 la estrategia de expansi\u00f3n que permitir\u00e1 aumentar la cantidad de cirug\u00edas mensuales de 100 a 150, apoyadas por financiamiento del GORE para extender la atenci\u00f3n a horarios inh\u00e1biles. Tambi\u00e9n se visit\u00f3 la unidad de di\u00e1lisis, donde se evidenci\u00f3 la necesidad de renovar el equipamiento para hacer frente a la creciente demanda de tratamientos renales, y la zona donde se proyecta la instalaci\u00f3n del TAC Scanner, clave para fortalecer la capacidad diagn\u00f3stica del hospital y reducir traslados a Coyhaique.<\/p>\n<p style=\"text-align: justify;\">La consejera regional por la provincia de Ays\u00e9n, Rosa Gonz\u00e1lez, destac\u00f3 la importancia de avanzar en la reducci\u00f3n de brechas en el acceso a la salud. \u201cNos hemos enfocado en visualizar las l\u00edneas o planes de convenios de programaci\u00f3n que puedan ayudar en la compra del equipamiento necesario para el hospital y as\u00ed acortar de una vez por todas las listas de espera m\u00e9dicas\u201d, se\u00f1al\u00f3.<\/p>\n<p style=\"text-align: justify;\">En la misma l\u00ednea, la consejera Ximena Novoa, subray\u00f3 la urgencia de consolidar al Hospital de Puerto Ays\u00e9n como un centro de mediana complejidad que pueda atender a toda la provincia. \u201cAqu\u00ed no solo se atiende a la gente de Puerto Ays\u00e9n, sino tambi\u00e9n a los vecinos de Isla Huichas, Melinka, Puerto Cisnes, La Junta, Puyuhuapi e incluso de Cochrane. Es fundamental contar con especialistas, con equipamiento y con una infraestructura adecuada para responder a las necesidades de nuestra comunidad\u201d, enfatiz\u00f3.<\/p>\n<p style=\"text-align: justify;\">La visita concluy\u00f3 con el compromiso de seguir avanzando en la concreci\u00f3n de proyectos que permitan dotar al hospital de los recursos necesarios para mejorar la atenci\u00f3n de los habitantes de la regi\u00f3n de Ays\u00e9n.<\/p>\n<\/div><\/section><\/div><div  style='height:50px' class='hr hr-invisible   avia-builder-el-6  el_after_av_one_full  el_before_av_social_share '><span class='hr-inner ' ><span class='hr-inner-style'><\/span><\/span><\/div><\/p>\n<div  class='av-social-sharing-box  avia-builder-el-7  el_after_av_hr  el_before_av_hr  '><div class='av-share-box'><h5 class='av-share-link-description av-no-toc '>Compartir esta noticia<\/h5><ul class='av-share-box-list noLightbox'><li class='av-share-link av-social-link-facebook' ><a target=\"_blank\" aria-label=\"Compartir en Facebook\" href='https:\/\/www.facebook.com\/sharer.php?u=https:\/\/radiorevelacionfm.cl\/?p=51386&#038;t=Con%20apoyo%20del%20Gobierno%20Regional%3A%20Hospital%20de%20Puerto%20Ays%C3%A9n%20busca%20mejorar%20prestaciones%20y%20equipamiento' aria-hidden='false' data-av_icon='\ue8f3' data-av_iconfont='entypo-fontello' title='' data-avia-related-tooltip='Compartir en Facebook' rel=\"noopener\"><span class='avia_hidden_link_text'>Compartir en Facebook<\/span><\/a><\/li><li class='av-share-link av-social-link-twitter' ><a target=\"_blank\" aria-label=\"Compartir en Twitter\" href='https:\/\/twitter.com\/share?text=Con%20apoyo%20del%20Gobierno%20Regional%3A%20Hospital%20de%20Puerto%20Ays%C3%A9n%20busca%20mejorar%20prestaciones%20y%20equipamiento&#038;url=https:\/\/radiorevelacionfm.cl\/?p=51386' aria-hidden='false' data-av_icon='\ue8f1' data-av_iconfont='entypo-fontello' title='' data-avia-related-tooltip='Compartir en Twitter' rel=\"noopener\"><span class='avia_hidden_link_text'>Compartir en Twitter<\/span><\/a><\/li><li class='av-share-link av-social-link-whatsapp' ><a target=\"_blank\" aria-label=\"Compartir en Whatsapp\" href='https:\/\/api.whatsapp.com\/send?text=https:\/\/radiorevelacionfm.cl\/?p=51386' aria-hidden='false' data-av_icon='\uf232' data-av_iconfont='entypo-fontello' title='' data-avia-related-tooltip='Compartir en Whatsapp' rel=\"noopener\"><span class='avia_hidden_link_text'>Compartir en Whatsapp<\/span><\/a><\/li><li class='av-share-link av-social-link-linkedin' ><a target=\"_blank\" aria-label=\"Compartir en LinkedIn\" href='https:\/\/linkedin.com\/shareArticle?mini=true&#038;title=Con%20apoyo%20del%20Gobierno%20Regional%3A%20Hospital%20de%20Puerto%20Ays%C3%A9n%20busca%20mejorar%20prestaciones%20y%20equipamiento&#038;url=https:\/\/radiorevelacionfm.cl\/?p=51386' aria-hidden='false' data-av_icon='\ue8fc' data-av_iconfont='entypo-fontello' title='' data-avia-related-tooltip='Compartir en LinkedIn' rel=\"noopener\"><span class='avia_hidden_link_text'>Compartir en LinkedIn<\/span><\/a><\/li><li class='av-share-link av-social-link-mail' ><a  aria-label=\"Compartir por correo\" href='mailto:?subject=Con%20apoyo%20del%20Gobierno%20Regional%3A%20Hospital%20de%20Puerto%20Ays%C3%A9n%20busca%20mejorar%20prestaciones%20y%20equipamiento&#038;body=https:\/\/radiorevelacionfm.cl\/?p=51386' aria-hidden='false' data-av_icon='\ue805' data-av_iconfont='entypo-fontello' title='' data-avia-related-tooltip='Compartir por correo'><span class='avia_hidden_link_text'>Compartir por correo<\/span><\/a><\/li><\/ul><\/div><\/div>\n<div  style='height:50px' class='hr hr-invisible   avia-builder-el-8  el_after_av_social_share  el_before_av_comments_list '><span class='hr-inner ' ><span class='hr-inner-style'><\/span><\/span><\/div>\n<div  class='av-buildercomment  av-blog-meta-html-info-disabled av-blog-meta-tag-disabled  '><\/div>\n","protected":false},"excerpt":{"rendered":"","protected":false},"author":1,"featured_media":51387,"comment_status":"open","ping_status":"open","sticky":false,"template":"","format":"standard","meta":{"footnotes":""},"categories":[46],"tags":[],"class_list":["post-51386","post","type-post","status-publish","format-standard","has-post-thumbnail","hentry","category-salud"],"jetpack_featured_media_url":"https:\/\/radiorevelacionfm.cl\/wp-content\/uploads\/2025\/03\/03-8-1-1.jpeg","_links":{"self":[{"href":"https:\/\/radiorevelacionfm.cl\/index.php?rest_route=\/wp\/v2\/posts\/51386","targetHints":{"allow":["GET"]}}],"collection":[{"href":"https:\/\/radiorevelacionfm.cl\/index.php?rest_route=\/wp\/v2\/posts"}],"about":[{"href":"https:\/\/radiorevelacionfm.cl\/index.php?rest_route=\/wp\/v2\/types\/post"}],"author":[{"embeddable":true,"href":"https:\/\/radiorevelacionfm.cl\/index.php?rest_route=\/wp\/v2\/users\/1"}],"replies":[{"embeddable":true,"href":"https:\/\/radiorevelacionfm.cl\/index.php?rest_route=%2Fwp%2Fv2%2Fcomments&post=51386"}],"version-history":[{"count":3,"href":"https:\/\/radiorevelacionfm.cl\/index.php?rest_route=\/wp\/v2\/posts\/51386\/revisions"}],"predecessor-version":[{"id":51396,"href":"https:\/\/radiorevelacionfm.cl\/index.php?rest_route=\/wp\/v2\/posts\/51386\/revisions\/51396"}],"wp:featuredmedia":[{"embeddable":true,"href":"https:\/\/radiorevelacionfm.cl\/index.php?rest_route=\/wp\/v2\/media\/51387"}],"wp:attachment":[{"href":"https:\/\/radiorevelacionfm.cl\/index.php?rest_route=%2Fwp%2Fv2%2Fmedia&parent=51386"}],"wp:term":[{"taxonomy":"category","embeddable":true,"href":"https:\/\/radiorevelacionfm.cl\/index.php?rest_route=%2Fwp%2Fv2%2Fcategories&post=51386"},{"taxonomy":"post_tag","embeddable":true,"href":"https:\/\/radiorevelacionfm.cl\/index.php?rest_route=%2Fwp%2Fv2%2Ftags&post=51386"}],"curies":[{"name":"wp","href":"https:\/\/api.w.org\/{rel}","templated":true}]}}