{"id":51383,"date":"2025-03-14T10:35:12","date_gmt":"2025-03-14T13:35:12","guid":{"rendered":"https:\/\/radiorevelacionfm.cl\/?p=51383"},"modified":"2025-03-14T10:35:12","modified_gmt":"2025-03-14T13:35:12","slug":"calisto-por-proyecto-que-agiliza-tramitacion-para-construccion-y-ampliacion-de-nuevas-carceles-atiende-una-urgencia-del-pais","status":"publish","type":"post","link":"https:\/\/radiorevelacionfm.cl\/?p=51383","title":{"rendered":"Calisto por proyecto que agiliza tramitaci\u00f3n para construcci\u00f3n y ampliaci\u00f3n de nuevas c\u00e1rceles: \u201cAtiende una urgencia del pa\u00eds\u201d"},"content":{"rendered":"<div class=\"flex_column av_one_full  flex_column_div av-zero-column-padding first  avia-builder-el-0  el_before_av_one_full  avia-builder-el-first  \" style='border-radius:0px; '><div  class='avia-image-container  av-styling-    avia-builder-el-1  avia-builder-el-no-sibling  avia-align-center '  itemprop=\"image\" itemscope=\"itemscope\" itemtype=\"https:\/\/schema.org\/ImageObject\"  ><div class='avia-image-container-inner'><div class='avia-image-overlay-wrap'><img decoding=\"async\" class='wp-image-51384 avia-img-lazy-loading-not-51384 avia_image' src=\"https:\/\/radiorevelacionfm.cl\/wp-content\/uploads\/2025\/03\/FOTO-CALISTO-ARCHIVO-1-1.jpeg\" alt='' title='FOTO CALISTO ARCHIVO (1) (1)' height=\"600\" width=\"900\"  itemprop=\"thumbnailUrl\" srcset=\"https:\/\/radiorevelacionfm.cl\/wp-content\/uploads\/2025\/03\/FOTO-CALISTO-ARCHIVO-1-1.jpeg 900w, https:\/\/radiorevelacionfm.cl\/wp-content\/uploads\/2025\/03\/FOTO-CALISTO-ARCHIVO-1-1-300x200.jpeg 300w, https:\/\/radiorevelacionfm.cl\/wp-content\/uploads\/2025\/03\/FOTO-CALISTO-ARCHIVO-1-1-768x512.jpeg 768w, https:\/\/radiorevelacionfm.cl\/wp-content\/uploads\/2025\/03\/FOTO-CALISTO-ARCHIVO-1-1-705x470.jpeg 705w, https:\/\/radiorevelacionfm.cl\/wp-content\/uploads\/2025\/03\/FOTO-CALISTO-ARCHIVO-1-1-450x300.jpeg 450w, https:\/\/radiorevelacionfm.cl\/wp-content\/uploads\/2025\/03\/FOTO-CALISTO-ARCHIVO-1-1-600x400.jpeg 600w\" sizes=\"(max-width: 900px) 100vw, 900px\" \/><\/div><\/div><\/div><\/div><div class=\"flex_column av_one_full  flex_column_div av-zero-column-padding first  avia-builder-el-2  el_after_av_one_full  el_before_av_one_full  column-top-margin\" style='border-radius:0px; '><section class=\"av_textblock_section \"  itemscope=\"itemscope\" itemtype=\"https:\/\/schema.org\/BlogPosting\" itemprop=\"blogPost\" ><div class='avia_textblock  '   itemprop=\"text\" ><p style=\"text-align: center;\"><span style=\"font-size: 18pt;\"><b>Calisto por proyecto que agiliza tramitaci\u00f3n para construcci\u00f3n y ampliaci\u00f3n de nuevas c\u00e1rceles: \u201cAtiende una urgencia del pa\u00eds\u201d<\/b><\/span><\/p>\n<div id=\"gtx-trans\" style=\"position: absolute; left: -50px; top: 4.31534px;\">\n<div class=\"gtx-trans-icon\"><\/div>\n<\/div>\n<\/div><\/section><\/div><div class=\"flex_column av_one_full  flex_column_div av-zero-column-padding first  avia-builder-el-4  el_after_av_one_full  el_before_av_hr  column-top-margin\" style='border-radius:0px; '><section class=\"av_textblock_section \"  itemscope=\"itemscope\" itemtype=\"https:\/\/schema.org\/BlogPosting\" itemprop=\"blogPost\" ><div class='avia_textblock  '   itemprop=\"text\" ><p style=\"font-weight: 400; text-align: justify;\">El presidente de la Comisi\u00f3n de Constituci\u00f3n de la C\u00e1mara de Diputados, Miguel \u00c1ngel Calisto, resalt\u00f3 la aprobaci\u00f3n del proyecto de ley que agiliza la tramitaci\u00f3n y reduce los plazos para la construcci\u00f3n de nuevos establecimientos penitenciarios, se\u00f1alando que se trata de una iniciativa \u201cque atiende una urgencia del pa\u00eds\u201d, refiri\u00e9ndose al alto hacinamiento que se vive actualmente en las distintas c\u00e1rceles del pa\u00eds.<\/p>\n<p style=\"font-weight: 400; text-align: justify;\">La iniciativa fue despachada al Senado, donde deber\u00e1 sortear su segundo tr\u00e1mite constitucional para ser Ley de la Rep\u00fablica.<\/p>\n<p style=\"font-weight: 400; text-align: justify;\">Seg\u00fan el diputado Miguel \u00c1ngel Calisto, \u201cdesde la Comisi\u00f3n de Constituci\u00f3n manifestamos nuestra total disposici\u00f3n a tramitar proyectos que tengan como bien atender las urgencias que tiene el pa\u00eds. Hoy d\u00eda nosotros tenemos una crisis carcelaria, con cerca de un 140% de hacinamiento. Es un problema no de un gobierno, sino que se arrastra por muchos a\u00f1os\u201d.<\/p>\n<p style=\"font-weight: 400; text-align: justify;\">\u201cPara nosotros es fundamental la aprobaci\u00f3n de este proyecto que va a cortar los plazos en la construcci\u00f3n de c\u00e1rceles. Hay que decir que hoy d\u00eda en promedio la construcci\u00f3n de una c\u00e1rcel puede demorar 17 a\u00f1os\u201d, indic\u00f3.<\/p>\n<p style=\"font-weight: 400; text-align: justify;\">El parlamentario se\u00f1al\u00f3 que \u201cel crimen organizado y el narcotr\u00e1fico operan desde las c\u00e1rceles y por eso es que necesitamos mejores condiciones carcelarias, de tal manera de poder aislar a las personas que tienen antecedentes m\u00e1s complejos\u201d.<\/p>\n<p style=\"font-weight: 400; text-align: justify;\">Finalmente, el presidente de la comisi\u00f3n de Constituci\u00f3n, asegur\u00f3 que \u201ceste es un paso importante. Le hemos dicho al ministro que siempre va a contar con el respaldo de la comisi\u00f3n para poder enfrentar los problemas que tiene el pa\u00eds, sobre todo si tienen que ver con temas de seguridad\u201d.<\/p>\n<\/div><\/section><\/div><div  style='height:50px' class='hr hr-invisible   avia-builder-el-6  el_after_av_one_full  el_before_av_social_share '><span class='hr-inner ' ><span class='hr-inner-style'><\/span><\/span><\/div><\/p>\n<div  class='av-social-sharing-box  avia-builder-el-7  el_after_av_hr  el_before_av_hr  '><div class='av-share-box'><h5 class='av-share-link-description av-no-toc '>Compartir esta noticia<\/h5><ul class='av-share-box-list noLightbox'><li class='av-share-link av-social-link-facebook' ><a target=\"_blank\" aria-label=\"Compartir en Facebook\" href='https:\/\/www.facebook.com\/sharer.php?u=https:\/\/radiorevelacionfm.cl\/?p=51383&#038;t=Calisto%20por%20proyecto%20que%20agiliza%20tramitaci%C3%B3n%20para%20construcci%C3%B3n%20y%20ampliaci%C3%B3n%20de%20nuevas%20c%C3%A1rceles%3A%20%E2%80%9CAtiende%20una%20urgencia%20del%20pa%C3%ADs%E2%80%9D' aria-hidden='false' data-av_icon='\ue8f3' data-av_iconfont='entypo-fontello' title='' data-avia-related-tooltip='Compartir en Facebook' rel=\"noopener\"><span class='avia_hidden_link_text'>Compartir en Facebook<\/span><\/a><\/li><li class='av-share-link av-social-link-twitter' ><a target=\"_blank\" aria-label=\"Compartir en Twitter\" href='https:\/\/twitter.com\/share?text=Calisto%20por%20proyecto%20que%20agiliza%20tramitaci%C3%B3n%20para%20construcci%C3%B3n%20y%20ampliaci%C3%B3n%20de%20nuevas%20c%C3%A1rceles%3A%20%E2%80%9CAtiende%20una%20urgencia%20del%20pa%C3%ADs%E2%80%9D&#038;url=https:\/\/radiorevelacionfm.cl\/?p=51383' aria-hidden='false' data-av_icon='\ue8f1' data-av_iconfont='entypo-fontello' title='' data-avia-related-tooltip='Compartir en Twitter' rel=\"noopener\"><span class='avia_hidden_link_text'>Compartir en Twitter<\/span><\/a><\/li><li class='av-share-link av-social-link-whatsapp' ><a target=\"_blank\" aria-label=\"Compartir en Whatsapp\" href='https:\/\/api.whatsapp.com\/send?text=https:\/\/radiorevelacionfm.cl\/?p=51383' aria-hidden='false' data-av_icon='\uf232' data-av_iconfont='entypo-fontello' title='' data-avia-related-tooltip='Compartir en Whatsapp' rel=\"noopener\"><span class='avia_hidden_link_text'>Compartir en Whatsapp<\/span><\/a><\/li><li class='av-share-link av-social-link-linkedin' ><a target=\"_blank\" aria-label=\"Compartir en LinkedIn\" href='https:\/\/linkedin.com\/shareArticle?mini=true&#038;title=Calisto%20por%20proyecto%20que%20agiliza%20tramitaci%C3%B3n%20para%20construcci%C3%B3n%20y%20ampliaci%C3%B3n%20de%20nuevas%20c%C3%A1rceles%3A%20%E2%80%9CAtiende%20una%20urgencia%20del%20pa%C3%ADs%E2%80%9D&#038;url=https:\/\/radiorevelacionfm.cl\/?p=51383' aria-hidden='false' data-av_icon='\ue8fc' data-av_iconfont='entypo-fontello' title='' data-avia-related-tooltip='Compartir en LinkedIn' rel=\"noopener\"><span class='avia_hidden_link_text'>Compartir en LinkedIn<\/span><\/a><\/li><li class='av-share-link av-social-link-mail' ><a  aria-label=\"Compartir por correo\" href='mailto:?subject=Calisto%20por%20proyecto%20que%20agiliza%20tramitaci%C3%B3n%20para%20construcci%C3%B3n%20y%20ampliaci%C3%B3n%20de%20nuevas%20c%C3%A1rceles%3A%20%E2%80%9CAtiende%20una%20urgencia%20del%20pa%C3%ADs%E2%80%9D&#038;body=https:\/\/radiorevelacionfm.cl\/?p=51383' aria-hidden='false' data-av_icon='\ue805' data-av_iconfont='entypo-fontello' title='' data-avia-related-tooltip='Compartir por correo'><span class='avia_hidden_link_text'>Compartir por correo<\/span><\/a><\/li><\/ul><\/div><\/div>\n<div  style='height:50px' class='hr hr-invisible   avia-builder-el-8  el_after_av_social_share  el_before_av_comments_list '><span class='hr-inner ' ><span class='hr-inner-style'><\/span><\/span><\/div>\n<div  class='av-buildercomment  av-blog-meta-html-info-disabled av-blog-meta-tag-disabled  '><\/div>\n","protected":false},"excerpt":{"rendered":"","protected":false},"author":1,"featured_media":51384,"comment_status":"open","ping_status":"open","sticky":false,"template":"","format":"standard","meta":{"footnotes":""},"categories":[35],"tags":[],"class_list":["post-51383","post","type-post","status-publish","format-standard","has-post-thumbnail","hentry","category-politica"],"jetpack_featured_media_url":"https:\/\/radiorevelacionfm.cl\/wp-content\/uploads\/2025\/03\/FOTO-CALISTO-ARCHIVO-1-1.jpeg","_links":{"self":[{"href":"https:\/\/radiorevelacionfm.cl\/index.php?rest_route=\/wp\/v2\/posts\/51383","targetHints":{"allow":["GET"]}}],"collection":[{"href":"https:\/\/radiorevelacionfm.cl\/index.php?rest_route=\/wp\/v2\/posts"}],"about":[{"href":"https:\/\/radiorevelacionfm.cl\/index.php?rest_route=\/wp\/v2\/types\/post"}],"author":[{"embeddable":true,"href":"https:\/\/radiorevelacionfm.cl\/index.php?rest_route=\/wp\/v2\/users\/1"}],"replies":[{"embeddable":true,"href":"https:\/\/radiorevelacionfm.cl\/index.php?rest_route=%2Fwp%2Fv2%2Fcomments&post=51383"}],"version-history":[{"count":1,"href":"https:\/\/radiorevelacionfm.cl\/index.php?rest_route=\/wp\/v2\/posts\/51383\/revisions"}],"predecessor-version":[{"id":51385,"href":"https:\/\/radiorevelacionfm.cl\/index.php?rest_route=\/wp\/v2\/posts\/51383\/revisions\/51385"}],"wp:featuredmedia":[{"embeddable":true,"href":"https:\/\/radiorevelacionfm.cl\/index.php?rest_route=\/wp\/v2\/media\/51384"}],"wp:attachment":[{"href":"https:\/\/radiorevelacionfm.cl\/index.php?rest_route=%2Fwp%2Fv2%2Fmedia&parent=51383"}],"wp:term":[{"taxonomy":"category","embeddable":true,"href":"https:\/\/radiorevelacionfm.cl\/index.php?rest_route=%2Fwp%2Fv2%2Fcategories&post=51383"},{"taxonomy":"post_tag","embeddable":true,"href":"https:\/\/radiorevelacionfm.cl\/index.php?rest_route=%2Fwp%2Fv2%2Ftags&post=51383"}],"curies":[{"name":"wp","href":"https:\/\/api.w.org\/{rel}","templated":true}]}}