{"id":51380,"date":"2025-03-13T15:26:33","date_gmt":"2025-03-13T18:26:33","guid":{"rendered":"https:\/\/radiorevelacionfm.cl\/?p=51380"},"modified":"2025-03-14T19:14:32","modified_gmt":"2025-03-14T22:14:32","slug":"destacada-participacion-de-ep-dalco-en-la-expo-patagonia-2025","status":"publish","type":"post","link":"https:\/\/radiorevelacionfm.cl\/?p=51380","title":{"rendered":"Destacada participaci\u00f3n de EP Dalco en la Expo Patagonia 2025"},"content":{"rendered":"<div class=\"flex_column av_one_full  flex_column_div av-zero-column-padding first  avia-builder-el-0  el_before_av_one_full  avia-builder-el-first  \" style='border-radius:0px; '><div  class='avia-image-container  av-styling-    avia-builder-el-1  avia-builder-el-no-sibling  avia-align-center '  itemprop=\"image\" itemscope=\"itemscope\" itemtype=\"https:\/\/schema.org\/ImageObject\"  ><div class='avia-image-container-inner'><div class='avia-image-overlay-wrap'><img decoding=\"async\" class='wp-image-51381 avia-img-lazy-loading-not-51381 avia_image' src=\"https:\/\/radiorevelacionfm.cl\/wp-content\/uploads\/2025\/03\/casa-1-1-1.jpg\" alt='' title='casa (1) (1) (1)' height=\"615\" width=\"802\"  itemprop=\"thumbnailUrl\" srcset=\"https:\/\/radiorevelacionfm.cl\/wp-content\/uploads\/2025\/03\/casa-1-1-1.jpg 802w, https:\/\/radiorevelacionfm.cl\/wp-content\/uploads\/2025\/03\/casa-1-1-1-300x230.jpg 300w, https:\/\/radiorevelacionfm.cl\/wp-content\/uploads\/2025\/03\/casa-1-1-1-768x589.jpg 768w, https:\/\/radiorevelacionfm.cl\/wp-content\/uploads\/2025\/03\/casa-1-1-1-705x541.jpg 705w, https:\/\/radiorevelacionfm.cl\/wp-content\/uploads\/2025\/03\/casa-1-1-1-450x345.jpg 450w, https:\/\/radiorevelacionfm.cl\/wp-content\/uploads\/2025\/03\/casa-1-1-1-600x460.jpg 600w\" sizes=\"(max-width: 802px) 100vw, 802px\" \/><\/div><\/div><\/div><\/div>\n<div class=\"flex_column av_one_full  flex_column_div av-zero-column-padding first  avia-builder-el-2  el_after_av_one_full  el_before_av_one_full  column-top-margin\" style='border-radius:0px; '><section class=\"av_textblock_section \"  itemscope=\"itemscope\" itemtype=\"https:\/\/schema.org\/BlogPosting\" itemprop=\"blogPost\" ><div class='avia_textblock  '   itemprop=\"text\" ><p style=\"text-align: center;\"><strong><span style=\"font-size: 18pt;\">Destacada participaci\u00f3n de EP Dalco en la Expo Patagonia 2025<\/span><\/strong><\/p>\n<div id=\"gtx-trans\" style=\"position: absolute; left: -50px; top: 4.31534px;\">\n<div class=\"gtx-trans-icon\"><\/div>\n<\/div>\n<\/div><\/section><\/div>\n<div class=\"flex_column av_one_full  flex_column_div av-zero-column-padding first  avia-builder-el-4  el_after_av_one_full  el_before_av_hr  column-top-margin\" style='border-radius:0px; '><section class=\"av_textblock_section \"  itemscope=\"itemscope\" itemtype=\"https:\/\/schema.org\/BlogPosting\" itemprop=\"blogPost\" ><div class='avia_textblock  '   itemprop=\"text\" ><p style=\"text-align: justify;\">La Entidad Patrocinante Dalco tuvo una participaci\u00f3n sobresaliente en la Expo Patagonia 2025, donde present\u00f3 su innovador prototipo de vivienda piloto y permiti\u00f3 a los asistentes conocer en detalle sus proyectos a trav\u00e9s de un avanzado visualizador de realidad virtual.<\/p>\n<p style=\"text-align: justify;\">Uno de los principales atractivos del evento fue la posibilidad de recorrer la vivienda piloto, brindando a los visitantes una experiencia inmersiva para explorar sus caracter\u00edsticas y apreciar las soluciones habitacionales que Dalco promueve. Estas soluciones permiten construir conjuntos habitacionales en tiempos reducidos, optimizando los procesos constructivos y garantizando mayor eficiencia.<\/p>\n<p style=\"text-align: justify;\">Adem\u00e1s los asistentes pudieron conocer en profundidad los distintos proyectos habitacionales, sus caracter\u00edsticas y obtener informaci\u00f3n referente a cuales son los requisitos para postular a los subsidios de vivienda. Como entidad patrocinante, EP Dalco se especializa en la gesti\u00f3n de subsidios DS49, dirigidos a familias en situaci\u00f3n de vulnerabilidad, permiti\u00e9ndoles acceder a una vivienda sin necesidad de cr\u00e9dito hipotecario. Este beneficio estatal incluye un subsidio base y apoyos complementarios, adaptados seg\u00fan la ubicaci\u00f3n, el proyecto y la situaci\u00f3n de cada familia.<\/p>\n<p style=\"text-align: justify;\">Miguel Per\u00e1n, gerente de proyectos de la constructora L y D, destac\u00f3 el impacto positivo de la participaci\u00f3n en la exposici\u00f3n. <em>\u00abHacemos una evaluaci\u00f3n muy positiva del evento. Hubo mucho inter\u00e9s por parte del p\u00fablico, la vivienda piloto llam\u00f3 bastante la atenci\u00f3n y logramos mostrar, de manera resumida, nuestro trabajo en viviendas sociales. Sabemos que es una necesidad urgente en el pa\u00eds y queremos aportar nuestro granito de arena industrializando este tipo de soluciones.\u00bb<\/em><\/p>\n<p style=\"text-align: justify;\">El evento tambi\u00e9n brind\u00f3 a los asistentes la oportunidad de despejar dudas sobre los proyectos e iniciativas de EP Dalco y constructora L y D, resaltando los beneficios de su labor conjunta con las familias. Gracias a un equipo altamente calificado, la entidad acompa\u00f1a a las familias en cada etapa del proceso, desde la postulaci\u00f3n hasta la entrega de las llaves, garantizando un apoyo integral.<\/p>\n<p style=\"text-align: justify;\">Quienes visitaron el stand destacaron la calidad de los materiales, las terminaciones y la comodidad de los espacios. Cristina comparti\u00f3 su impresi\u00f3n. <em>\u201dMe sorprendi\u00f3 mucho, la vivienda est\u00e1 muy bonita, de un tama\u00f1o adecuado, el ba\u00f1o es mediano y la cocina est\u00e1 s\u00fa<\/em><em>per linda.\u00bb<\/em><\/p>\n<p style=\"text-align: justify;\">Por su parte, Manuel coment\u00f3, \u00abEs una casa novedosa, bonita, amplia, con buenos materiales, se nota que es c\u00f3moda. Adem\u00e1s, la atenci\u00f3n y las explicaciones que me dieron fueron excelentes.\u00bb<\/p>\n<p style=\"text-align: justify;\">La participaci\u00f3n de Dalco en la Expo Patagonia 2025 no solo permiti\u00f3 exhibir sus avances en materia de vivienda social, sino que tambi\u00e9n reforz\u00f3 su compromiso con la comunidad, promoviendo el acceso a viviendas de calidad para las familias de la regi\u00f3n de Ays\u00e9n.<\/p>\n<\/div><\/section><\/div><div  style='height:50px' class='hr hr-invisible   avia-builder-el-6  el_after_av_one_full  el_before_av_social_share '><span class='hr-inner ' ><span class='hr-inner-style'><\/span><\/span><\/div><\/p>\n<div  class='av-social-sharing-box  avia-builder-el-7  el_after_av_hr  el_before_av_hr  '><div class='av-share-box'><h5 class='av-share-link-description av-no-toc '>Compartir esta noticia<\/h5><ul class='av-share-box-list noLightbox'><li class='av-share-link av-social-link-facebook' ><a target=\"_blank\" aria-label=\"Compartir en Facebook\" href='https:\/\/www.facebook.com\/sharer.php?u=https:\/\/radiorevelacionfm.cl\/?p=51380&#038;t=Destacada%20participaci%C3%B3n%20de%20EP%20Dalco%20en%20la%20Expo%20Patagonia%202025' aria-hidden='false' data-av_icon='\ue8f3' data-av_iconfont='entypo-fontello' title='' data-avia-related-tooltip='Compartir en Facebook' rel=\"noopener\"><span class='avia_hidden_link_text'>Compartir en Facebook<\/span><\/a><\/li><li class='av-share-link av-social-link-twitter' ><a target=\"_blank\" aria-label=\"Compartir en Twitter\" href='https:\/\/twitter.com\/share?text=Destacada%20participaci%C3%B3n%20de%20EP%20Dalco%20en%20la%20Expo%20Patagonia%202025&#038;url=https:\/\/radiorevelacionfm.cl\/?p=51380' aria-hidden='false' data-av_icon='\ue8f1' data-av_iconfont='entypo-fontello' title='' data-avia-related-tooltip='Compartir en Twitter' rel=\"noopener\"><span class='avia_hidden_link_text'>Compartir en Twitter<\/span><\/a><\/li><li class='av-share-link av-social-link-whatsapp' ><a target=\"_blank\" aria-label=\"Compartir en Whatsapp\" href='https:\/\/api.whatsapp.com\/send?text=https:\/\/radiorevelacionfm.cl\/?p=51380' aria-hidden='false' data-av_icon='\uf232' data-av_iconfont='entypo-fontello' title='' data-avia-related-tooltip='Compartir en Whatsapp' rel=\"noopener\"><span class='avia_hidden_link_text'>Compartir en Whatsapp<\/span><\/a><\/li><li class='av-share-link av-social-link-linkedin' ><a target=\"_blank\" aria-label=\"Compartir en LinkedIn\" href='https:\/\/linkedin.com\/shareArticle?mini=true&#038;title=Destacada%20participaci%C3%B3n%20de%20EP%20Dalco%20en%20la%20Expo%20Patagonia%202025&#038;url=https:\/\/radiorevelacionfm.cl\/?p=51380' aria-hidden='false' data-av_icon='\ue8fc' data-av_iconfont='entypo-fontello' title='' data-avia-related-tooltip='Compartir en LinkedIn' rel=\"noopener\"><span class='avia_hidden_link_text'>Compartir en LinkedIn<\/span><\/a><\/li><li class='av-share-link av-social-link-mail' ><a  aria-label=\"Compartir por correo\" href='mailto:?subject=Destacada%20participaci%C3%B3n%20de%20EP%20Dalco%20en%20la%20Expo%20Patagonia%202025&#038;body=https:\/\/radiorevelacionfm.cl\/?p=51380' aria-hidden='false' data-av_icon='\ue805' data-av_iconfont='entypo-fontello' title='' data-avia-related-tooltip='Compartir por correo'><span class='avia_hidden_link_text'>Compartir por correo<\/span><\/a><\/li><\/ul><\/div><\/div>\n<div  style='height:50px' class='hr hr-invisible   avia-builder-el-8  el_after_av_social_share  el_before_av_comments_list '><span class='hr-inner ' ><span class='hr-inner-style'><\/span><\/span><\/div>\n<div  class='av-buildercomment  av-blog-meta-html-info-disabled av-blog-meta-tag-disabled  '><\/div>\n","protected":false},"excerpt":{"rendered":"","protected":false},"author":1,"featured_media":51381,"comment_status":"open","ping_status":"open","sticky":false,"template":"","format":"standard","meta":{"footnotes":""},"categories":[57],"tags":[],"class_list":["post-51380","post","type-post","status-publish","format-standard","has-post-thumbnail","hentry","category-vivienda"],"jetpack_featured_media_url":"https:\/\/radiorevelacionfm.cl\/wp-content\/uploads\/2025\/03\/casa-1-1-1.jpg","_links":{"self":[{"href":"https:\/\/radiorevelacionfm.cl\/index.php?rest_route=\/wp\/v2\/posts\/51380","targetHints":{"allow":["GET"]}}],"collection":[{"href":"https:\/\/radiorevelacionfm.cl\/index.php?rest_route=\/wp\/v2\/posts"}],"about":[{"href":"https:\/\/radiorevelacionfm.cl\/index.php?rest_route=\/wp\/v2\/types\/post"}],"author":[{"embeddable":true,"href":"https:\/\/radiorevelacionfm.cl\/index.php?rest_route=\/wp\/v2\/users\/1"}],"replies":[{"embeddable":true,"href":"https:\/\/radiorevelacionfm.cl\/index.php?rest_route=%2Fwp%2Fv2%2Fcomments&post=51380"}],"version-history":[{"count":3,"href":"https:\/\/radiorevelacionfm.cl\/index.php?rest_route=\/wp\/v2\/posts\/51380\/revisions"}],"predecessor-version":[{"id":51446,"href":"https:\/\/radiorevelacionfm.cl\/index.php?rest_route=\/wp\/v2\/posts\/51380\/revisions\/51446"}],"wp:featuredmedia":[{"embeddable":true,"href":"https:\/\/radiorevelacionfm.cl\/index.php?rest_route=\/wp\/v2\/media\/51381"}],"wp:attachment":[{"href":"https:\/\/radiorevelacionfm.cl\/index.php?rest_route=%2Fwp%2Fv2%2Fmedia&parent=51380"}],"wp:term":[{"taxonomy":"category","embeddable":true,"href":"https:\/\/radiorevelacionfm.cl\/index.php?rest_route=%2Fwp%2Fv2%2Fcategories&post=51380"},{"taxonomy":"post_tag","embeddable":true,"href":"https:\/\/radiorevelacionfm.cl\/index.php?rest_route=%2Fwp%2Fv2%2Ftags&post=51380"}],"curies":[{"name":"wp","href":"https:\/\/api.w.org\/{rel}","templated":true}]}}