{"id":5138,"date":"2021-06-11T10:18:27","date_gmt":"2021-06-11T13:18:27","guid":{"rendered":"https:\/\/radiorevelacionfm.cl\/?p=5138"},"modified":"2021-06-11T10:18:27","modified_gmt":"2021-06-11T13:18:27","slug":"abrieron-las-postulaciones-al-recambio-de-calefactores-electricos-y-kerosene-para-coyhaique","status":"publish","type":"post","link":"https:\/\/radiorevelacionfm.cl\/?p=5138","title":{"rendered":"Abrieron las postulaciones al recambio de calefactores el\u00e9ctricos y kerosene para Coyhaique"},"content":{"rendered":"<div class=\"flex_column av_one_full  flex_column_div av-zero-column-padding first  avia-builder-el-0  el_before_av_one_full  avia-builder-el-first  \" style='border-radius:0px; '><div  class='avia-image-container  av-styling-    avia-builder-el-1  avia-builder-el-no-sibling  avia-align-center '  itemprop=\"image\" itemscope=\"itemscope\" itemtype=\"https:\/\/schema.org\/ImageObject\"  ><div class='avia-image-container-inner'><div class='avia-image-overlay-wrap'><img decoding=\"async\" class='wp-image-0 avia-img-lazy-loading-not-0 avia_image' src=\"https:\/\/radiorevelacionfm.cl\/wp-content\/uploads\/2021\/06\/recambio-mma1_optimized.jpg\" alt='' title=''   itemprop=\"thumbnailUrl\"  \/><\/div><\/div><\/div><\/div><div class=\"flex_column av_one_full  flex_column_div av-zero-column-padding first  avia-builder-el-2  el_after_av_one_full  el_before_av_one_full  column-top-margin\" style='border-radius:0px; '><section class=\"av_textblock_section \"  itemscope=\"itemscope\" itemtype=\"https:\/\/schema.org\/BlogPosting\" itemprop=\"blogPost\" ><div class='avia_textblock  '   itemprop=\"text\" ><p style=\"text-align: center;\"><strong><span style=\"font-size: 18pt;\">Abrieron las postulaciones al recambio de calefactores el\u00e9ctricos y kerosene para Coyhaique<\/span><\/strong><\/p>\n<div id=\"gtx-trans\" style=\"position: absolute; left: -50px; top: 4.31534px;\">\n<div class=\"gtx-trans-icon\"><\/div>\n<\/div>\n<\/div><\/section><\/div><div class=\"flex_column av_one_full  flex_column_div av-zero-column-padding first  avia-builder-el-4  el_after_av_one_full  el_before_av_hr  column-top-margin\" style='border-radius:0px; '><section class=\"av_textblock_section \"  itemscope=\"itemscope\" itemtype=\"https:\/\/schema.org\/BlogPosting\" itemprop=\"blogPost\" ><div class='avia_textblock  '   itemprop=\"text\" ><p style=\"text-align: justify;\">A contar de este 10 de junio se abrieron las postulaciones \u2013 hist\u00f3ricas por ser las primeras de su tipo \u2013 para el recambio de calefactores el\u00e9ctricos y kerosene para la comuna de Coyhaique, el cual contempla una inversi\u00f3n por m\u00e1s de $400 millones y as\u00ed abarcar el casco urbano y pol\u00edgono de saturaci\u00f3n.<\/p>\n<p style=\"text-align: justify;\">Desde Puerto R\u00edo Tranquilo, la Intendenta Margarita Ossa Rojas se manifest\u00f3 contenta por la \u201cbuena noticia\u201d explicando que \u201choy se inicia el recambio de calefactores el\u00e9ctricos en todo el pol\u00edgono de Coyhaique; una excelente noticia para nuestra regi\u00f3n. Una noticia que va en la l\u00f3gica de poder disminuir la contaminaci\u00f3n pero, por sobre todo, de diversificar nuestras matrices para poder mejorar todo lo que es la calefacci\u00f3n de nuestra regi\u00f3n y, en espec\u00edfico, en el pol\u00edgono de Coyhaique\u201d, dijo.<\/p>\n<p style=\"text-align: justify;\">Sobre el mismo proceso la Ejecutivo agreg\u00f3 que se trata de \u201cun esfuerzo en conjunto que se ha hecho junto a los Cores, la Seremi de Medio Ambiente y Seremi de Energ\u00eda, y de esta manera diversificar nuestra matriz energ\u00e9tica en pro de un mejor medioambiente y una mejor calefacci\u00f3n en nuestros hogares, con un esfuerzo en conjunto, cumpliendo as\u00ed el objetivo que nos hemos propuesto desde el primer a\u00f1o y desde el inicio del gobierno del Presidente Sebasti\u00e1n Pi\u00f1era\u201d.<\/p>\n<p style=\"text-align: justify;\">Por su parte, desde la seremi de Medio Ambiente M\u00f3nica Sald\u00edas recalc\u00f3 sobre este nuevo proceso que \u201cpor primera vez en la historia de recambio de calefactor desde Coyhaique se va a implementar el recambio a equipos el\u00e9ctricos, en este caso, de los tipos split inverter, que son lo m\u00e1s eficientes que existen en el mercado\u201d agregando acto seguido que \u201clo otro particular de este Programa de Recambio de Calefactores es que ir\u00e1n asociados a la tarifa Eco Aire, que es una tarifa diferenciada, exclusiva para este tipo de climatizaci\u00f3n, donde los usuarios solamente pagar\u00e1n $100 m\u00e1s iva el Kwh y, adem\u00e1s, no tiene el recargo que tienen las tarifas en invierno. Esto es gracias al trabajo que se ha realizado en conjunto tanto del Seremi de Energ\u00eda y la empresa el\u00e9ctrica de Coyhaique; y, tambi\u00e9n, por todo el apoyo que nos han presentado los consejeros regionales y la Intendenta, al poder brindarnos estos recursos para poder nosotros ejecutar este recambio el\u00e9ctrico, que es el primero en la historia de recambio en Coyhaique\u201d.<\/p>\n<p style=\"text-align: justify;\">Mismo apoyo y confianza que agradeci\u00f3 la seremi para con \u201ctodas las familias que desde hoy ya pueden empezar a postular; y, no solo las familias que pertenecen al casco urbano de Coyhaique sino tambi\u00e9n a las que pertenecen al pol\u00edgono de saturaci\u00f3n de Coyhaique. Eso quiere decir: Coyhaique y alrededores. Son 400 millones que est\u00e1n disponibles. Y tambi\u00e9n est\u00e1 abierta una postulaci\u00f3n para equipos a kerosene, que es aproximadamente de 111 millones de pesos\u201d.<\/p>\n<p style=\"text-align: justify;\">Para m\u00e1s detalles sobre c\u00f3mo ser parte de este hist\u00f3rico proceso de postulaci\u00f3n pueden informarse a trav\u00e9s de la p\u00e1gina web de airecoyhaique.mma.gob.cl y tambi\u00e9n a trav\u00e9s de los tel\u00e9fonos que est\u00e1n dispuestos para que puedan hacer su recambio seguro &#8211; 67 245 1466, 67 245 1468, 67 245 1460 \u00f3 67 245 1472.<\/p>\n<\/div><\/section><\/div><div  style='height:50px' class='hr hr-invisible   avia-builder-el-6  el_after_av_one_full  el_before_av_social_share '><span class='hr-inner ' ><span class='hr-inner-style'><\/span><\/span><\/div><\/p>\n<div  class='av-social-sharing-box  avia-builder-el-7  el_after_av_hr  el_before_av_hr  '><div class='av-share-box'><h5 class='av-share-link-description av-no-toc '>Compartir esta noticia<\/h5><ul class='av-share-box-list noLightbox'><li class='av-share-link av-social-link-facebook' ><a target=\"_blank\" aria-label=\"Compartir en Facebook\" href='https:\/\/www.facebook.com\/sharer.php?u=https:\/\/radiorevelacionfm.cl\/?p=5138&#038;t=Abrieron%20las%20postulaciones%20al%20recambio%20de%20calefactores%20el%C3%A9ctricos%20y%20kerosene%20para%20Coyhaique' aria-hidden='false' data-av_icon='\ue8f3' data-av_iconfont='entypo-fontello' title='' data-avia-related-tooltip='Compartir en Facebook' rel=\"noopener\"><span class='avia_hidden_link_text'>Compartir en Facebook<\/span><\/a><\/li><li class='av-share-link av-social-link-twitter' ><a target=\"_blank\" aria-label=\"Compartir en Twitter\" href='https:\/\/twitter.com\/share?text=Abrieron%20las%20postulaciones%20al%20recambio%20de%20calefactores%20el%C3%A9ctricos%20y%20kerosene%20para%20Coyhaique&#038;url=https:\/\/radiorevelacionfm.cl\/?p=5138' aria-hidden='false' data-av_icon='\ue8f1' data-av_iconfont='entypo-fontello' title='' data-avia-related-tooltip='Compartir en Twitter' rel=\"noopener\"><span class='avia_hidden_link_text'>Compartir en Twitter<\/span><\/a><\/li><li class='av-share-link av-social-link-whatsapp' ><a target=\"_blank\" aria-label=\"Compartir en Whatsapp\" href='https:\/\/api.whatsapp.com\/send?text=https:\/\/radiorevelacionfm.cl\/?p=5138' aria-hidden='false' data-av_icon='\uf232' data-av_iconfont='entypo-fontello' title='' data-avia-related-tooltip='Compartir en Whatsapp' rel=\"noopener\"><span class='avia_hidden_link_text'>Compartir en Whatsapp<\/span><\/a><\/li><li class='av-share-link av-social-link-linkedin' ><a target=\"_blank\" aria-label=\"Compartir en LinkedIn\" href='https:\/\/linkedin.com\/shareArticle?mini=true&#038;title=Abrieron%20las%20postulaciones%20al%20recambio%20de%20calefactores%20el%C3%A9ctricos%20y%20kerosene%20para%20Coyhaique&#038;url=https:\/\/radiorevelacionfm.cl\/?p=5138' aria-hidden='false' data-av_icon='\ue8fc' data-av_iconfont='entypo-fontello' title='' data-avia-related-tooltip='Compartir en LinkedIn' rel=\"noopener\"><span class='avia_hidden_link_text'>Compartir en LinkedIn<\/span><\/a><\/li><li class='av-share-link av-social-link-mail' ><a  aria-label=\"Compartir por correo\" href='mailto:?subject=Abrieron%20las%20postulaciones%20al%20recambio%20de%20calefactores%20el%C3%A9ctricos%20y%20kerosene%20para%20Coyhaique&#038;body=https:\/\/radiorevelacionfm.cl\/?p=5138' aria-hidden='false' data-av_icon='\ue805' data-av_iconfont='entypo-fontello' title='' data-avia-related-tooltip='Compartir por correo'><span class='avia_hidden_link_text'>Compartir por correo<\/span><\/a><\/li><\/ul><\/div><\/div>\n<div  style='height:50px' class='hr hr-invisible   avia-builder-el-8  el_after_av_social_share  el_before_av_comments_list '><span class='hr-inner ' ><span class='hr-inner-style'><\/span><\/span><\/div>\n<div  class='av-buildercomment  av-blog-meta-html-info-disabled av-blog-meta-tag-disabled  '><\/div>\n","protected":false},"excerpt":{"rendered":"","protected":false},"author":1,"featured_media":0,"comment_status":"open","ping_status":"open","sticky":false,"template":"","format":"standard","meta":{"footnotes":""},"categories":[39],"tags":[],"class_list":["post-5138","post","type-post","status-publish","format-standard","hentry","category-medio-ambiente"],"jetpack_featured_media_url":"","_links":{"self":[{"href":"https:\/\/radiorevelacionfm.cl\/index.php?rest_route=\/wp\/v2\/posts\/5138","targetHints":{"allow":["GET"]}}],"collection":[{"href":"https:\/\/radiorevelacionfm.cl\/index.php?rest_route=\/wp\/v2\/posts"}],"about":[{"href":"https:\/\/radiorevelacionfm.cl\/index.php?rest_route=\/wp\/v2\/types\/post"}],"author":[{"embeddable":true,"href":"https:\/\/radiorevelacionfm.cl\/index.php?rest_route=\/wp\/v2\/users\/1"}],"replies":[{"embeddable":true,"href":"https:\/\/radiorevelacionfm.cl\/index.php?rest_route=%2Fwp%2Fv2%2Fcomments&post=5138"}],"version-history":[{"count":1,"href":"https:\/\/radiorevelacionfm.cl\/index.php?rest_route=\/wp\/v2\/posts\/5138\/revisions"}],"predecessor-version":[{"id":5140,"href":"https:\/\/radiorevelacionfm.cl\/index.php?rest_route=\/wp\/v2\/posts\/5138\/revisions\/5140"}],"wp:attachment":[{"href":"https:\/\/radiorevelacionfm.cl\/index.php?rest_route=%2Fwp%2Fv2%2Fmedia&parent=5138"}],"wp:term":[{"taxonomy":"category","embeddable":true,"href":"https:\/\/radiorevelacionfm.cl\/index.php?rest_route=%2Fwp%2Fv2%2Fcategories&post=5138"},{"taxonomy":"post_tag","embeddable":true,"href":"https:\/\/radiorevelacionfm.cl\/index.php?rest_route=%2Fwp%2Fv2%2Ftags&post=5138"}],"curies":[{"name":"wp","href":"https:\/\/api.w.org\/{rel}","templated":true}]}}