{"id":51376,"date":"2025-03-13T11:05:27","date_gmt":"2025-03-13T14:05:27","guid":{"rendered":"https:\/\/radiorevelacionfm.cl\/?p=51376"},"modified":"2025-03-13T11:05:27","modified_gmt":"2025-03-13T14:05:27","slug":"inauguran-remodelacion-y-espacio-infantil-en-oficina-del-registro-civil-de-chile-chico","status":"publish","type":"post","link":"https:\/\/radiorevelacionfm.cl\/?p=51376","title":{"rendered":"Inauguran remodelaci\u00f3n y espacio infantil en oficina del Registro Civil de Chile Chico"},"content":{"rendered":"<div class=\"flex_column av_one_full  flex_column_div av-zero-column-padding first  avia-builder-el-0  el_before_av_one_full  avia-builder-el-first  \" style='border-radius:0px; '><div  class='avia-image-container  av-styling-    avia-builder-el-1  avia-builder-el-no-sibling  avia-align-center '  itemprop=\"image\" itemscope=\"itemscope\" itemtype=\"https:\/\/schema.org\/ImageObject\"  ><div class='avia-image-container-inner'><div class='avia-image-overlay-wrap'><img decoding=\"async\" class='wp-image-51378 avia-img-lazy-loading-not-51378 avia_image' src=\"https:\/\/radiorevelacionfm.cl\/wp-content\/uploads\/2025\/03\/chile-chico-2-3-1_optimized.jpg\" alt='' title='chile-chico-2-(3)-(1)_optimized' height=\"600\" width=\"878\"  itemprop=\"thumbnailUrl\" srcset=\"https:\/\/radiorevelacionfm.cl\/wp-content\/uploads\/2025\/03\/chile-chico-2-3-1_optimized.jpg 878w, https:\/\/radiorevelacionfm.cl\/wp-content\/uploads\/2025\/03\/chile-chico-2-3-1_optimized-300x205.jpg 300w, https:\/\/radiorevelacionfm.cl\/wp-content\/uploads\/2025\/03\/chile-chico-2-3-1_optimized-768x525.jpg 768w, https:\/\/radiorevelacionfm.cl\/wp-content\/uploads\/2025\/03\/chile-chico-2-3-1_optimized-705x482.jpg 705w, https:\/\/radiorevelacionfm.cl\/wp-content\/uploads\/2025\/03\/chile-chico-2-3-1_optimized-450x308.jpg 450w, https:\/\/radiorevelacionfm.cl\/wp-content\/uploads\/2025\/03\/chile-chico-2-3-1_optimized-600x410.jpg 600w\" sizes=\"(max-width: 878px) 100vw, 878px\" \/><\/div><\/div><\/div><\/div><div class=\"flex_column av_one_full  flex_column_div av-zero-column-padding first  avia-builder-el-2  el_after_av_one_full  el_before_av_one_full  column-top-margin\" style='border-radius:0px; '><section class=\"av_textblock_section \"  itemscope=\"itemscope\" itemtype=\"https:\/\/schema.org\/BlogPosting\" itemprop=\"blogPost\" ><div class='avia_textblock  '   itemprop=\"text\" ><p style=\"text-align: center;\"><strong><span style=\"font-size: 18pt;\">Inauguran remodelaci\u00f3n y espacio infantil en oficina del Registro Civil de Chile Chico<\/span><\/strong><\/p>\n<div id=\"gtx-trans\" style=\"position: absolute; left: -50px; top: 4.31534px;\">\n<div class=\"gtx-trans-icon\"><\/div>\n<\/div>\n<\/div><\/section><\/div><div class=\"flex_column av_one_full  flex_column_div av-zero-column-padding first  avia-builder-el-4  el_after_av_one_full  el_before_av_hr  column-top-margin\" style='border-radius:0px; '><section class=\"av_textblock_section \"  itemscope=\"itemscope\" itemtype=\"https:\/\/schema.org\/BlogPosting\" itemprop=\"blogPost\" ><div class='avia_textblock  '   itemprop=\"text\" ><p style=\"text-align: justify;\">Con la presencia del Seremi de Justicia y DD.HH Samuel Navarro Castro, el Director Regional del Servicio de Registro Civil e Identificaci\u00f3n Sergio Gonzalez M\u00e9ndez, el delegado provincial General Carrera Cristobal Barcel\u00f3 Veas, la administradora municipal Katerine Carilepi D\u00edaz, en representaci\u00f3n del alcalde Ariel Keim Hermosilla, adem\u00e1s de funcionarios y representantes de la comunidad, se llev\u00f3 a cabo este mi\u00e9rcoles la ceremonia de inauguraci\u00f3n de las nuevas dependencias del Registro Civil e Identificaci\u00f3n y de un espacio infantil en la comuna de Chile Chico.<\/p>\n<p style=\"text-align: justify;\">Con una inversi\u00f3n superior a los 237 millones de pesos, esta iniciativa busca mejorar la calidad de vida de los habitantes de la comuna, entregando espacios acordes con la demanda actual, al mismo tiempo que la transformaci\u00f3n de los espacios existentes permitir\u00e1n ofrecer a los funcionarios espacios confortables, equipados, seguros y sobre todo adecuados para el desarrollo de las labores propias del Servicio de Registro Civil e Identificaci\u00f3n.<\/p>\n<p style=\"text-align: justify;\">Respecto a la inauguraci\u00f3n de esta nueva oficina y del espacio infantil, el seremi de Justicia y Derechos Humanos Samuel Navarro Castro explic\u00f3 que \u201ccon fondos transferidos por la Subsecretar\u00eda de la Mujer y la Equidad de G\u00e9nero y tambi\u00e9n fondos sectoriales del propio Registro Civil nos permiten contar como dice la educadora con material que est\u00e1 certificado y que nos de garant\u00eda que no habr\u00e1 ning\u00fan problema con los ni\u00f1os desde el punto de vista sanitario ni desde el punto de vista de accidentes, hace un tiempo inauguramos un espacio en Balmaceda, La Junta y pronto inauguraremos el de Tortel, Villa O Higgins, Puyuhuapi y la Tapera, lo que habla de un esfuerzo primero de los funcionarios del Registro Civil que hacen esta postulaci\u00f3n y que es relevante tambi\u00e9n para mejorar la calidad de trabajos que se entregan y tenemos que ver que las oficinas nos permitan habilitar los rincones infantiles, tambi\u00e9n tenemos el desaf\u00edo de mejorar y estamos con proyectos para varias oficinas, uno de ello es el que inauguramos hoy ac\u00e1 en Chile Chico, con una oficina totalmente remodelada, hemos avanzado bastante, nos queda un trecho todav\u00eda y eso demuestra que como Gobierno estamos comprometidos con entregar a trav\u00e9s del Registro Civil Justicia en forma oportuna y con altos est\u00e1ndares de calidad\u201d.<\/p>\n<p style=\"text-align: justify;\">En tanto, el delegado provincial Crist\u00f3bal Barcel\u00f3 se\u00f1al\u00f3 que \u201cdestacar la importancia de generar estas instancias de descentralizaci\u00f3n, y uno de los desaf\u00edos cuando asum\u00ed este cargo fue traigamos el servicio a la comuna, y este tipo de instancias de poder fortalecer el servicio, de tener mejores instalaciones y darle una mejor espacio donde puedan desempe\u00f1arse las funcionarias, donde est\u00e9n c\u00f3modas, que puedan atender bien, as\u00ed tambi\u00e9n que las personas que vienen cuenten con mejores instalaciones para esperar, como el espacio de ni\u00f1os, eso habla muy bien de lo que hemos ido trabajando\u201d.<\/p>\n<p style=\"text-align: justify;\">Mientras que la oficial civil de Chile Chico, Elizabeth Pereda agradeci\u00f3 los avances indicando que \u201cnos hac\u00eda mucha falta contar con espacios m\u00e1s amplios y tambi\u00e9n que hayan pensado en los ni\u00f1os, porque a veces no sabemos c\u00f3mo ayudar a las mam\u00e1s para hacer sus tr\u00e1mites, as\u00ed que gracias por todo\u201d.<\/p>\n<p style=\"text-align: justify;\">Por su parte, la representante del jard\u00edn Infantil Rayito de Sol Ivonne Pinto, qui\u00e9n junto a un grupo de ni\u00f1os pudieron disfrutar del espacio inaugurado se\u00f1al\u00f3 que \u201cfuimos invitados a participar en la inauguraci\u00f3n de un espacio, un espacio para los ni\u00f1os en donde encontramos material bastante atractivo y seguro para que la familias puedan venir con sus hijos a realizar un tr\u00e1mite, mientras sus hijos e hijas pueden jugar en este espacio, felicitarlos porque esa es la idea, pensar en los ni\u00f1os, las ni\u00f1as y las familias cuando lo requieren\u201d.<\/p>\n<p style=\"text-align: justify;\">Finalmente, cabe mencionar que el esfuerzo del Servicio de Registro Civil e Identificaci\u00f3n ha estado enfocado en continuar entregando una atenci\u00f3n de calidad y en espacios totalmente remodelados en las distintas localidades de nuestra regi\u00f3n, lo que adem\u00e1s forma parte de un plan de modernizaci\u00f3n que lleva adelante el servicio.<\/p>\n<\/div><\/section><\/div><div  style='height:50px' class='hr hr-invisible   avia-builder-el-6  el_after_av_one_full  el_before_av_social_share '><span class='hr-inner ' ><span class='hr-inner-style'><\/span><\/span><\/div><\/p>\n<div  class='av-social-sharing-box  avia-builder-el-7  el_after_av_hr  el_before_av_hr  '><div class='av-share-box'><h5 class='av-share-link-description av-no-toc '>Compartir esta noticia<\/h5><ul class='av-share-box-list noLightbox'><li class='av-share-link av-social-link-facebook' ><a target=\"_blank\" aria-label=\"Compartir en Facebook\" href='https:\/\/www.facebook.com\/sharer.php?u=https:\/\/radiorevelacionfm.cl\/?p=51376&#038;t=Inauguran%20remodelaci%C3%B3n%20y%20espacio%20infantil%20en%20oficina%20del%20Registro%20Civil%20de%20Chile%20Chico' aria-hidden='false' data-av_icon='\ue8f3' data-av_iconfont='entypo-fontello' title='' data-avia-related-tooltip='Compartir en Facebook' rel=\"noopener\"><span class='avia_hidden_link_text'>Compartir en Facebook<\/span><\/a><\/li><li class='av-share-link av-social-link-twitter' ><a target=\"_blank\" aria-label=\"Compartir en Twitter\" href='https:\/\/twitter.com\/share?text=Inauguran%20remodelaci%C3%B3n%20y%20espacio%20infantil%20en%20oficina%20del%20Registro%20Civil%20de%20Chile%20Chico&#038;url=https:\/\/radiorevelacionfm.cl\/?p=51376' aria-hidden='false' data-av_icon='\ue8f1' data-av_iconfont='entypo-fontello' title='' data-avia-related-tooltip='Compartir en Twitter' rel=\"noopener\"><span class='avia_hidden_link_text'>Compartir en Twitter<\/span><\/a><\/li><li class='av-share-link av-social-link-whatsapp' ><a target=\"_blank\" aria-label=\"Compartir en Whatsapp\" href='https:\/\/api.whatsapp.com\/send?text=https:\/\/radiorevelacionfm.cl\/?p=51376' aria-hidden='false' data-av_icon='\uf232' data-av_iconfont='entypo-fontello' title='' data-avia-related-tooltip='Compartir en Whatsapp' rel=\"noopener\"><span class='avia_hidden_link_text'>Compartir en Whatsapp<\/span><\/a><\/li><li class='av-share-link av-social-link-linkedin' ><a target=\"_blank\" aria-label=\"Compartir en LinkedIn\" href='https:\/\/linkedin.com\/shareArticle?mini=true&#038;title=Inauguran%20remodelaci%C3%B3n%20y%20espacio%20infantil%20en%20oficina%20del%20Registro%20Civil%20de%20Chile%20Chico&#038;url=https:\/\/radiorevelacionfm.cl\/?p=51376' aria-hidden='false' data-av_icon='\ue8fc' data-av_iconfont='entypo-fontello' title='' data-avia-related-tooltip='Compartir en LinkedIn' rel=\"noopener\"><span class='avia_hidden_link_text'>Compartir en LinkedIn<\/span><\/a><\/li><li class='av-share-link av-social-link-mail' ><a  aria-label=\"Compartir por correo\" href='mailto:?subject=Inauguran%20remodelaci%C3%B3n%20y%20espacio%20infantil%20en%20oficina%20del%20Registro%20Civil%20de%20Chile%20Chico&#038;body=https:\/\/radiorevelacionfm.cl\/?p=51376' aria-hidden='false' data-av_icon='\ue805' data-av_iconfont='entypo-fontello' title='' data-avia-related-tooltip='Compartir por correo'><span class='avia_hidden_link_text'>Compartir por correo<\/span><\/a><\/li><\/ul><\/div><\/div>\n<div  style='height:50px' class='hr hr-invisible   avia-builder-el-8  el_after_av_social_share  el_before_av_comments_list '><span class='hr-inner ' ><span class='hr-inner-style'><\/span><\/span><\/div>\n<div  class='av-buildercomment  av-blog-meta-html-info-disabled av-blog-meta-tag-disabled  '><\/div>\n","protected":false},"excerpt":{"rendered":"","protected":false},"author":1,"featured_media":51378,"comment_status":"open","ping_status":"open","sticky":false,"template":"","format":"standard","meta":{"footnotes":""},"categories":[38],"tags":[],"class_list":["post-51376","post","type-post","status-publish","format-standard","has-post-thumbnail","hentry","category-regional"],"jetpack_featured_media_url":"https:\/\/radiorevelacionfm.cl\/wp-content\/uploads\/2025\/03\/chile-chico-2-3-1_optimized.jpg","_links":{"self":[{"href":"https:\/\/radiorevelacionfm.cl\/index.php?rest_route=\/wp\/v2\/posts\/51376","targetHints":{"allow":["GET"]}}],"collection":[{"href":"https:\/\/radiorevelacionfm.cl\/index.php?rest_route=\/wp\/v2\/posts"}],"about":[{"href":"https:\/\/radiorevelacionfm.cl\/index.php?rest_route=\/wp\/v2\/types\/post"}],"author":[{"embeddable":true,"href":"https:\/\/radiorevelacionfm.cl\/index.php?rest_route=\/wp\/v2\/users\/1"}],"replies":[{"embeddable":true,"href":"https:\/\/radiorevelacionfm.cl\/index.php?rest_route=%2Fwp%2Fv2%2Fcomments&post=51376"}],"version-history":[{"count":1,"href":"https:\/\/radiorevelacionfm.cl\/index.php?rest_route=\/wp\/v2\/posts\/51376\/revisions"}],"predecessor-version":[{"id":51379,"href":"https:\/\/radiorevelacionfm.cl\/index.php?rest_route=\/wp\/v2\/posts\/51376\/revisions\/51379"}],"wp:featuredmedia":[{"embeddable":true,"href":"https:\/\/radiorevelacionfm.cl\/index.php?rest_route=\/wp\/v2\/media\/51378"}],"wp:attachment":[{"href":"https:\/\/radiorevelacionfm.cl\/index.php?rest_route=%2Fwp%2Fv2%2Fmedia&parent=51376"}],"wp:term":[{"taxonomy":"category","embeddable":true,"href":"https:\/\/radiorevelacionfm.cl\/index.php?rest_route=%2Fwp%2Fv2%2Fcategories&post=51376"},{"taxonomy":"post_tag","embeddable":true,"href":"https:\/\/radiorevelacionfm.cl\/index.php?rest_route=%2Fwp%2Fv2%2Ftags&post=51376"}],"curies":[{"name":"wp","href":"https:\/\/api.w.org\/{rel}","templated":true}]}}