{"id":51372,"date":"2025-03-13T10:10:03","date_gmt":"2025-03-13T13:10:03","guid":{"rendered":"https:\/\/radiorevelacionfm.cl\/?p=51372"},"modified":"2025-03-13T10:10:03","modified_gmt":"2025-03-13T13:10:03","slug":"gobierno-regional-de-aysen-lanza-convocatoria-fondo-8-del-fndr-2025","status":"publish","type":"post","link":"https:\/\/radiorevelacionfm.cl\/?p=51372","title":{"rendered":"Gobierno Regional de Ays\u00e9n lanza convocatoria Fondo 8% del FNDR 2025"},"content":{"rendered":"<div class=\"flex_column av_one_full  flex_column_div av-zero-column-padding first  avia-builder-el-0  el_before_av_one_full  avia-builder-el-first  \" style='border-radius:0px; '><div  class='avia-image-container  av-styling-    avia-builder-el-1  avia-builder-el-no-sibling  avia-align-center '  itemprop=\"image\" itemscope=\"itemscope\" itemtype=\"https:\/\/schema.org\/ImageObject\"  ><div class='avia-image-container-inner'><div class='avia-image-overlay-wrap'><img decoding=\"async\" class='wp-image-51373 avia-img-lazy-loading-not-51373 avia_image' src=\"https:\/\/radiorevelacionfm.cl\/wp-content\/uploads\/2025\/03\/01-6-1_optimized-1.jpeg\" alt='' title='01-(6)-(1)_optimized (1)' height=\"600\" width=\"992\"  itemprop=\"thumbnailUrl\" srcset=\"https:\/\/radiorevelacionfm.cl\/wp-content\/uploads\/2025\/03\/01-6-1_optimized-1.jpeg 992w, https:\/\/radiorevelacionfm.cl\/wp-content\/uploads\/2025\/03\/01-6-1_optimized-1-300x181.jpeg 300w, https:\/\/radiorevelacionfm.cl\/wp-content\/uploads\/2025\/03\/01-6-1_optimized-1-768x465.jpeg 768w, https:\/\/radiorevelacionfm.cl\/wp-content\/uploads\/2025\/03\/01-6-1_optimized-1-705x426.jpeg 705w, https:\/\/radiorevelacionfm.cl\/wp-content\/uploads\/2025\/03\/01-6-1_optimized-1-450x272.jpeg 450w, https:\/\/radiorevelacionfm.cl\/wp-content\/uploads\/2025\/03\/01-6-1_optimized-1-600x363.jpeg 600w\" sizes=\"(max-width: 992px) 100vw, 992px\" \/><\/div><\/div><\/div><\/div>\n<div class=\"flex_column av_one_full  flex_column_div av-zero-column-padding first  avia-builder-el-2  el_after_av_one_full  el_before_av_one_full  column-top-margin\" style='border-radius:0px; '><section class=\"av_textblock_section \"  itemscope=\"itemscope\" itemtype=\"https:\/\/schema.org\/BlogPosting\" itemprop=\"blogPost\" ><div class='avia_textblock  '   itemprop=\"text\" ><p style=\"text-align: center;\"><strong><span style=\"font-size: 18pt;\">Gobierno Regional de Ays\u00e9n lanza convocatoria Fondo 8% del FNDR 2025 <\/span><\/strong><\/p>\n<div id=\"gtx-trans\" style=\"position: absolute; left: -50px; top: 4.31534px;\">\n<div class=\"gtx-trans-icon\"><\/div>\n<\/div>\n<\/div><\/section><\/div><div class=\"flex_column av_one_full  flex_column_div av-zero-column-padding first  avia-builder-el-4  el_after_av_one_full  el_before_av_hr  column-top-margin\" style='border-radius:0px; '><section class=\"av_textblock_section \"  itemscope=\"itemscope\" itemtype=\"https:\/\/schema.org\/BlogPosting\" itemprop=\"blogPost\" ><div class='avia_textblock  '   itemprop=\"text\" ><p style=\"text-align: justify;\"><em>Con mejoras en el proceso de postulaci\u00f3n y nuevas l\u00edneas de financiamiento, el GORE Ays\u00e9n reafirma su compromiso con el desarrollo social y fortalecer a las organizaciones comunitarias. <\/em><\/p>\n<p style=\"text-align: justify;\">En dependencias del Gobierno Regional de Ays\u00e9n se llev\u00f3 a cabo el lanzamiento oficial del proceso de concurso del FNDR 8% 2025, una iniciativa destinada a impulsar el crecimiento y fortalecimiento de las organizaciones sociales mediante financiamiento en \u00e1reas clave como deporte, educaci\u00f3n, seguridad ciudadana, cultura y medioambiente.<\/p>\n<p style=\"text-align: justify;\">Durante la ceremonia, el Gobernador Regional de Ays\u00e9n, Marcelo Santana, destac\u00f3 la importancia de este fondo y las mejoras implementadas para facilitar el acceso de las organizaciones. <em>\u201cNuestro compromiso es que cada agrupaci\u00f3n tenga la oportunidad de materializar sus proyectos y contribuir al bienestar de nuestra regi\u00f3n. Hemos trabajado en simplificar el proceso, reducir sus requisitos y hacer m\u00e1s accesibles las postulaciones para que nadie se quede fuera. Al mismo tiempo, generamos nuevas l\u00edneas de financiamiento que para nosotros son prioritarias\u201d<\/em>, se\u00f1al\u00f3.<\/p>\n<p style=\"text-align: justify;\">Asimismo, el Gobernador subray\u00f3 que este fondo permite fortalecer el v\u00ednculo entre el Gobierno Regional y las comunidades. <em>\u201cEstamos muy contentos de haber hecho el lanzamiento de este 8%, que son recursos muy importantes porque vinculan al Gobierno Regional directamente con las organizaciones, con las comunidades, con las fuerzas vivas de la regi\u00f3n de Ays\u00e9n. Es un fondo que viene con muchas novedades, como la extensi\u00f3n del plazo de ejecuci\u00f3n de las iniciativas hasta marzo de 2026, a lo que sumamos la apertura de una nueva l\u00ednea de financiamiento enfocada en la seguridad ciudadana, lo que nos parece fundamental, en especial porque han sido las propias organizaciones quienes han solicitado esta l\u00ednea\u201d<\/em>, afirm\u00f3.<\/p>\n<h3 style=\"text-align: justify;\">Nuevas l\u00edneas de financiamiento y mayor accesibilidad en la postulaci\u00f3n<\/h3>\n<p style=\"text-align: justify;\">En l\u00ednea con estos avances, a partir de 2025 se incorpora la l\u00ednea de financiamiento para seguridad ciudadana, que permitir\u00e1 implementar iniciativas enfocadas en la prevenci\u00f3n del delito y la generaci\u00f3n de entornos m\u00e1s seguros para la comunidad.<\/p>\n<p style=\"text-align: justify;\">Al respecto, la jefa de la Divisi\u00f3n de Desarrollo Social y Humano (DIDESOH), Dominique Brautigam, explic\u00f3: <em>\u201cEsta nueva l\u00ednea responde a una demanda sentida por la comunidad. Queremos entregar herramientas concretas para que las organizaciones puedan aportar a la seguridad de sus barrios y espacios p\u00fablicos\u201d<\/em>.<\/p>\n<p style=\"text-align: justify;\">Adem\u00e1s, destac\u00f3 que se han realizado mejoras significativas en el proceso de postulaci\u00f3n: <em>\u201cSe ha simplificado much\u00edsimo el proceso, tanto as\u00ed que el sitio web ir\u00e1 dando alertas cuando falte informaci\u00f3n. Tambi\u00e9n los montos aumentaron considerablemente y hemos logrado extender el plazo de ejecuci\u00f3n hasta marzo de 2026 gracias a las gestiones de nuestro Gobernador Regional y su Consejo\u201d<\/em>, puntualiz\u00f3.<\/p>\n<p style=\"text-align: justify;\">Desde la DIDESOH, tambi\u00e9n enfatizaron la ampliaci\u00f3n de los plazos de ejecuci\u00f3n, permitiendo que los fondos puedan utilizarse hasta marzo de 2026. <em>\u201cEsta extensi\u00f3n busca que las agrupaciones puedan planificar y ejecutar sus proyectos con mayor tranquilidad, asegurando un impacto real y duradero en sus comunidades\u201d<\/em>, se\u00f1al\u00f3 Brautigam<\/p>\n<p style=\"text-align: justify;\">Otro integrante de DIDESOH agreg\u00f3 que, adem\u00e1s de la seguridad ciudadana, se han fortalecido las \u00e1reas de participaci\u00f3n juvenil, envejecimiento activo y medioambiente. <em>\u201cQueremos que este fondo sea una herramienta efectiva para el desarrollo social, atendiendo a las necesidades diversas de nuestra regi\u00f3n\u201d<\/em>, indic\u00f3.<\/p>\n<h3 style=\"text-align: justify;\">Organizaciones sociales destacan impacto del fondo<\/h3>\n<p style=\"text-align: justify;\">Las organizaciones comunitarias de la regi\u00f3n valoraron las mejoras en el fondo y el compromiso del Gobierno Regional.<\/p>\n<p style=\"text-align: justify;\">La dirigente social Sandra Vargas, integrante del COSOC del Gobierno Regional expres\u00f3: <em>\u201cEstos recursos han sido fundamentales para nuestra agrupaci\u00f3n. Con ellos hemos podido concretar proyectos que impactan directamente en la calidad de vida de nuestros vecinos. Agradezco el apoyo del GORE y el Consejo Regional, porque gracias a este fondo hemos podido mejorar la calidad de vida de nuestros adultos mayores y j\u00f3venes. Ahora que podremos ejecutar proyectos en enero y febrero, tendremos m\u00e1s posibilidades de organizar actividades significativas\u201d<\/em>.<\/p>\n<p style=\"text-align: justify;\">El Consejero Regional Gustavo Villarroel resalt\u00f3 que este fondo es clave para responder de manera directa a las necesidades de la comunidad: <em>\u201cEs una de las iniciativas m\u00e1s importantes del Gobierno Regional, porque sabemos que los recursos llegan de manera inmediata y concreta a las organizaciones. Nos alegra mucho que el proceso sea m\u00e1s accesible y que se facilite la postulaci\u00f3n, porque muchas veces los dirigentes se ven complicados por tr\u00e1mites burocr\u00e1ticos. Hoy estamos avanzando en que este sistema sea m\u00e1s amigable y efectivo\u201d<\/em>.<\/p>\n<p style=\"text-align: justify;\">Por su parte, la Consejera Regional Andrea Ponce destac\u00f3 dos aspectos clave de esta convocatoria: <em>\u201cQue ahora se puedan postular proyectos de seguridad ciudadana es muy relevante, porque es una necesidad sentida por la comunidad y por muchas juntas de vecinos. Adem\u00e1s, la inclusi\u00f3n de asignaciones directas para deportistas destacados es un gran paso, porque salir de la regi\u00f3n a competir es muy costoso, y debemos apoyar a nuestros talentos locales\u201d<\/em>.<\/p>\n<h3 style=\"text-align: justify;\">Llamado a postular y despliegue regional para capacitaciones<\/h3>\n<p style=\"text-align: justify;\">Finalmente, el Gobernador Marcelo Santana hizo un llamado a todas las organizaciones sociales de la regi\u00f3n a postular y aprovechar esta oportunidad <em>\u201cLas puertas del Gobierno Regional est\u00e1n abiertas para apoyar el desarrollo de nuestra comunidad. Queremos que este fondo llegue a todas las agrupaciones que trabajan por un Ays\u00e9n m\u00e1s inclusivo, seguro y con mayores oportunidades para todos\u201d<\/em>.<\/p>\n<p style=\"text-align: justify;\">Durante marzo, el Gobierno Regional de Ays\u00e9n realizar\u00e1 un despliegue regional para capacitar a las organizaciones sobre el proceso de postulaci\u00f3n. <em>\u201cInvitamos a revisar las bases en la p\u00e1gina web del Gobierno Regional y a participar de las capacitaciones en diferentes localidades\u201d<\/em>, concluy\u00f3 Dominique Brautigam.<\/p>\n<\/div><\/section><\/div><\/p>\n<div  style='height:50px' class='hr hr-invisible   avia-builder-el-6  el_after_av_one_full  el_before_av_social_share '><span class='hr-inner ' ><span class='hr-inner-style'><\/span><\/span><\/div>\n<div  class='av-social-sharing-box  avia-builder-el-7  el_after_av_hr  el_before_av_hr  '><div class='av-share-box'><h5 class='av-share-link-description av-no-toc '>Compartir esta noticia<\/h5><ul class='av-share-box-list noLightbox'><li class='av-share-link av-social-link-facebook' ><a target=\"_blank\" aria-label=\"Compartir en Facebook\" href='https:\/\/www.facebook.com\/sharer.php?u=https:\/\/radiorevelacionfm.cl\/?p=51372&#038;t=Gobierno%20Regional%20de%20Ays%C3%A9n%20lanza%20convocatoria%20Fondo%208%25%20del%20FNDR%202025' aria-hidden='false' data-av_icon='\ue8f3' data-av_iconfont='entypo-fontello' title='' data-avia-related-tooltip='Compartir en Facebook' rel=\"noopener\"><span class='avia_hidden_link_text'>Compartir en Facebook<\/span><\/a><\/li><li class='av-share-link av-social-link-twitter' ><a target=\"_blank\" aria-label=\"Compartir en Twitter\" href='https:\/\/twitter.com\/share?text=Gobierno%20Regional%20de%20Ays%C3%A9n%20lanza%20convocatoria%20Fondo%208%25%20del%20FNDR%202025&#038;url=https:\/\/radiorevelacionfm.cl\/?p=51372' aria-hidden='false' data-av_icon='\ue8f1' data-av_iconfont='entypo-fontello' title='' data-avia-related-tooltip='Compartir en Twitter' rel=\"noopener\"><span class='avia_hidden_link_text'>Compartir en Twitter<\/span><\/a><\/li><li class='av-share-link av-social-link-whatsapp' ><a target=\"_blank\" aria-label=\"Compartir en Whatsapp\" href='https:\/\/api.whatsapp.com\/send?text=https:\/\/radiorevelacionfm.cl\/?p=51372' aria-hidden='false' data-av_icon='\uf232' data-av_iconfont='entypo-fontello' title='' data-avia-related-tooltip='Compartir en Whatsapp' rel=\"noopener\"><span class='avia_hidden_link_text'>Compartir en Whatsapp<\/span><\/a><\/li><li class='av-share-link av-social-link-linkedin' ><a target=\"_blank\" aria-label=\"Compartir en LinkedIn\" href='https:\/\/linkedin.com\/shareArticle?mini=true&#038;title=Gobierno%20Regional%20de%20Ays%C3%A9n%20lanza%20convocatoria%20Fondo%208%25%20del%20FNDR%202025&#038;url=https:\/\/radiorevelacionfm.cl\/?p=51372' aria-hidden='false' data-av_icon='\ue8fc' data-av_iconfont='entypo-fontello' title='' data-avia-related-tooltip='Compartir en LinkedIn' rel=\"noopener\"><span class='avia_hidden_link_text'>Compartir en LinkedIn<\/span><\/a><\/li><li class='av-share-link av-social-link-mail' ><a  aria-label=\"Compartir por correo\" href='mailto:?subject=Gobierno%20Regional%20de%20Ays%C3%A9n%20lanza%20convocatoria%20Fondo%208%25%20del%20FNDR%202025&#038;body=https:\/\/radiorevelacionfm.cl\/?p=51372' aria-hidden='false' data-av_icon='\ue805' data-av_iconfont='entypo-fontello' title='' data-avia-related-tooltip='Compartir por correo'><span class='avia_hidden_link_text'>Compartir por correo<\/span><\/a><\/li><\/ul><\/div><\/div>\n<div  style='height:50px' class='hr hr-invisible   avia-builder-el-8  el_after_av_social_share  el_before_av_comments_list '><span class='hr-inner ' ><span class='hr-inner-style'><\/span><\/span><\/div>\n<div  class='av-buildercomment  av-blog-meta-html-info-disabled av-blog-meta-tag-disabled  '><\/div>\n","protected":false},"excerpt":{"rendered":"","protected":false},"author":1,"featured_media":51373,"comment_status":"open","ping_status":"open","sticky":false,"template":"","format":"standard","meta":{"footnotes":""},"categories":[38],"tags":[],"class_list":["post-51372","post","type-post","status-publish","format-standard","has-post-thumbnail","hentry","category-regional"],"jetpack_featured_media_url":"https:\/\/radiorevelacionfm.cl\/wp-content\/uploads\/2025\/03\/01-6-1_optimized-1.jpeg","_links":{"self":[{"href":"https:\/\/radiorevelacionfm.cl\/index.php?rest_route=\/wp\/v2\/posts\/51372","targetHints":{"allow":["GET"]}}],"collection":[{"href":"https:\/\/radiorevelacionfm.cl\/index.php?rest_route=\/wp\/v2\/posts"}],"about":[{"href":"https:\/\/radiorevelacionfm.cl\/index.php?rest_route=\/wp\/v2\/types\/post"}],"author":[{"embeddable":true,"href":"https:\/\/radiorevelacionfm.cl\/index.php?rest_route=\/wp\/v2\/users\/1"}],"replies":[{"embeddable":true,"href":"https:\/\/radiorevelacionfm.cl\/index.php?rest_route=%2Fwp%2Fv2%2Fcomments&post=51372"}],"version-history":[{"count":2,"href":"https:\/\/radiorevelacionfm.cl\/index.php?rest_route=\/wp\/v2\/posts\/51372\/revisions"}],"predecessor-version":[{"id":51375,"href":"https:\/\/radiorevelacionfm.cl\/index.php?rest_route=\/wp\/v2\/posts\/51372\/revisions\/51375"}],"wp:featuredmedia":[{"embeddable":true,"href":"https:\/\/radiorevelacionfm.cl\/index.php?rest_route=\/wp\/v2\/media\/51373"}],"wp:attachment":[{"href":"https:\/\/radiorevelacionfm.cl\/index.php?rest_route=%2Fwp%2Fv2%2Fmedia&parent=51372"}],"wp:term":[{"taxonomy":"category","embeddable":true,"href":"https:\/\/radiorevelacionfm.cl\/index.php?rest_route=%2Fwp%2Fv2%2Fcategories&post=51372"},{"taxonomy":"post_tag","embeddable":true,"href":"https:\/\/radiorevelacionfm.cl\/index.php?rest_route=%2Fwp%2Fv2%2Ftags&post=51372"}],"curies":[{"name":"wp","href":"https:\/\/api.w.org\/{rel}","templated":true}]}}