{"id":51368,"date":"2025-03-12T18:25:33","date_gmt":"2025-03-12T21:25:33","guid":{"rendered":"https:\/\/radiorevelacionfm.cl\/?p=51368"},"modified":"2025-03-12T18:25:33","modified_gmt":"2025-03-12T21:25:33","slug":"comite-regional-de-marea-roja-refuerza-acciones-preventivas-para-evitar-intoxicaciones-entre-la-poblacion","status":"publish","type":"post","link":"https:\/\/radiorevelacionfm.cl\/?p=51368","title":{"rendered":"Comit\u00e9 Regional de Marea Roja refuerza acciones preventivas para evitar intoxicaciones entre la poblaci\u00f3n"},"content":{"rendered":"<div class=\"flex_column av_one_full  flex_column_div av-zero-column-padding first  avia-builder-el-0  el_before_av_one_full  avia-builder-el-first  \" style='border-radius:0px; '><div  class='avia-image-container  av-styling-    avia-builder-el-1  avia-builder-el-no-sibling  avia-align-center '  itemprop=\"image\" itemscope=\"itemscope\" itemtype=\"https:\/\/schema.org\/ImageObject\"  ><div class='avia-image-container-inner'><div class='avia-image-overlay-wrap'><img decoding=\"async\" class='wp-image-51369 avia-img-lazy-loading-not-51369 avia_image' src=\"https:\/\/radiorevelacionfm.cl\/wp-content\/uploads\/2025\/03\/fiscalizaciones-2-1_optimized.jpeg\" alt='' title='fiscalizaciones-(2)-(1)_optimized' height=\"630\" width=\"804\"  itemprop=\"thumbnailUrl\" srcset=\"https:\/\/radiorevelacionfm.cl\/wp-content\/uploads\/2025\/03\/fiscalizaciones-2-1_optimized.jpeg 804w, https:\/\/radiorevelacionfm.cl\/wp-content\/uploads\/2025\/03\/fiscalizaciones-2-1_optimized-300x235.jpeg 300w, https:\/\/radiorevelacionfm.cl\/wp-content\/uploads\/2025\/03\/fiscalizaciones-2-1_optimized-768x602.jpeg 768w, https:\/\/radiorevelacionfm.cl\/wp-content\/uploads\/2025\/03\/fiscalizaciones-2-1_optimized-705x552.jpeg 705w, https:\/\/radiorevelacionfm.cl\/wp-content\/uploads\/2025\/03\/fiscalizaciones-2-1_optimized-450x353.jpeg 450w, https:\/\/radiorevelacionfm.cl\/wp-content\/uploads\/2025\/03\/fiscalizaciones-2-1_optimized-600x470.jpeg 600w\" sizes=\"(max-width: 804px) 100vw, 804px\" \/><\/div><\/div><\/div><\/div><div class=\"flex_column av_one_full  flex_column_div av-zero-column-padding first  avia-builder-el-2  el_after_av_one_full  el_before_av_one_full  column-top-margin\" style='border-radius:0px; '><section class=\"av_textblock_section \"  itemscope=\"itemscope\" itemtype=\"https:\/\/schema.org\/BlogPosting\" itemprop=\"blogPost\" ><div class='avia_textblock  '   itemprop=\"text\" ><p style=\"text-align: center;\"><span style=\"font-size: 18pt;\"><strong>Comit\u00e9 Regional de Marea Roja refuerza acciones preventivas para evitar intoxicaciones entre la poblaci\u00f3n<\/strong><\/span><\/p>\n<div id=\"gtx-trans\" style=\"position: absolute; left: -50px; top: 4.31534px;\">\n<div class=\"gtx-trans-icon\"><\/div>\n<\/div>\n<\/div><\/section><\/div><div class=\"flex_column av_one_full  flex_column_div av-zero-column-padding first  avia-builder-el-4  el_after_av_one_full  el_before_av_hr  column-top-margin\" style='border-radius:0px; '><section class=\"av_textblock_section \"  itemscope=\"itemscope\" itemtype=\"https:\/\/schema.org\/BlogPosting\" itemprop=\"blogPost\" ><div class='avia_textblock  '   itemprop=\"text\" ><p style=\"text-align: justify;\"><em>El llamado a la comunidad es a consumir o adquirir mariscos solo en locales establecidos, que cuenten con la resoluci\u00f3n sanitaria que acredite que los productos est\u00e1n libres de toxinas paralizantes o diarreicas.<\/em><\/p>\n<p style=\"text-align: justify;\">Reforzar los controles mar\u00edtimos, terrestres, adem\u00e1s de la extracci\u00f3n y comercializaci\u00f3n de mariscos, es una de las acciones que se coordinaron esta semana en sesi\u00f3n del Comit\u00e9 Regional de Marea Roja debido al aumento del consumo de productos marinos durante el mes de abril por Semana Santa.\u00a0 Reuni\u00f3n que se desarroll\u00f3 en la ciudad de Puerto Ays\u00e9n, donde participaron funcionarios de la Delegaci\u00f3n Presidencial Provincial de Ays\u00e9n, la Seremi de Salud, la Armada, SERNAPESCA, el Servicio de Impuestos Internos, SUBPESCA, Carabineros y la PDI.<\/p>\n<p style=\"text-align: justify;\">Durante la primera sesi\u00f3n de este Comit\u00e9 Regional de Marea Roja, los distintos servicios que conforman esta organizaci\u00f3n analizaron las acciones y medidas a desarrollar en estas semanas, las cuales se realizan durante todo el a\u00f1o, pero adquieren una mayor connotaci\u00f3n durante marzo y abril de cada a\u00f1o. Tal como lo manifest\u00f3 la Seremi de Salud Ays\u00e9n, Carmen Monsalve G\u00f3mez.\u00a0 \u201cLa labor que realizan quienes integran el Comit\u00e9 Regional de Marea Roja, tiene como principal objetivo el resguardo de la salud de nuestras comunidades para evitar intoxicaciones producto de la Marea Roja, donde gracias a constantes monitoreos del litoral aisenino se ha podido detectar oportunamente la presencia de toxinas diarreicas y paralizantes, prohibi\u00e9ndose la extracci\u00f3n de mariscos desde estas zonas y su comercializaci\u00f3n para evitar su consumo entre la poblaci\u00f3n. Sin embargo, todo este esfuerzo requiere a su vez de la colaboraci\u00f3n de la propia ciudadan\u00eda para que adquiera o consuma mariscos solo en el comercio establecido, donde el autocuidado individual es primordial para evitar intoxicaciones por Marea Roja\u201d.<\/p>\n<p style=\"text-align: justify;\">La Marea Roja es el t\u00e9rmino utilizado para referirse a los Fen\u00f3menos Algales Nocivos, cuyos compuestos son acumulados en los mariscos, y que producen toxinas que afectan al ser humano con Veneno Diarreico de los Mariscos (VDM), Veneno Amn\u00e9sico de los Mariscos (VAM) y Veneno Paralizante de los Mariscos (VPM).<\/p>\n<p style=\"text-align: justify;\">Cabe se\u00f1alar que el \u00faltimo deceso de una persona por las toxinas de Marea Roja ocurri\u00f3 el a\u00f1o 2022, se trat\u00f3 de un tripulante de una embarcaci\u00f3n de Calbuco, quien consumi\u00f3 almejas en el sector del litoral, las cuales arrojaron la presencia de toxina paralizante a trav\u00e9s de un an\u00e1lisis efectuado por el Laboratorio de Salud P\u00fablica Ambiental y Laboral en Puerto Ays\u00e9n.<\/p>\n<\/div><\/section><\/div><div  style='height:50px' class='hr hr-invisible   avia-builder-el-6  el_after_av_one_full  el_before_av_social_share '><span class='hr-inner ' ><span class='hr-inner-style'><\/span><\/span><\/div><\/p>\n<div  class='av-social-sharing-box  avia-builder-el-7  el_after_av_hr  el_before_av_hr  '><div class='av-share-box'><h5 class='av-share-link-description av-no-toc '>Compartir esta noticia<\/h5><ul class='av-share-box-list noLightbox'><li class='av-share-link av-social-link-facebook' ><a target=\"_blank\" aria-label=\"Compartir en Facebook\" href='https:\/\/www.facebook.com\/sharer.php?u=https:\/\/radiorevelacionfm.cl\/?p=51368&#038;t=Comit%C3%A9%20Regional%20de%20Marea%20Roja%20refuerza%20acciones%20preventivas%20para%20evitar%20intoxicaciones%20entre%20la%20poblaci%C3%B3n' aria-hidden='false' data-av_icon='\ue8f3' data-av_iconfont='entypo-fontello' title='' data-avia-related-tooltip='Compartir en Facebook' rel=\"noopener\"><span class='avia_hidden_link_text'>Compartir en Facebook<\/span><\/a><\/li><li class='av-share-link av-social-link-twitter' ><a target=\"_blank\" aria-label=\"Compartir en Twitter\" href='https:\/\/twitter.com\/share?text=Comit%C3%A9%20Regional%20de%20Marea%20Roja%20refuerza%20acciones%20preventivas%20para%20evitar%20intoxicaciones%20entre%20la%20poblaci%C3%B3n&#038;url=https:\/\/radiorevelacionfm.cl\/?p=51368' aria-hidden='false' data-av_icon='\ue8f1' data-av_iconfont='entypo-fontello' title='' data-avia-related-tooltip='Compartir en Twitter' rel=\"noopener\"><span class='avia_hidden_link_text'>Compartir en Twitter<\/span><\/a><\/li><li class='av-share-link av-social-link-whatsapp' ><a target=\"_blank\" aria-label=\"Compartir en Whatsapp\" href='https:\/\/api.whatsapp.com\/send?text=https:\/\/radiorevelacionfm.cl\/?p=51368' aria-hidden='false' data-av_icon='\uf232' data-av_iconfont='entypo-fontello' title='' data-avia-related-tooltip='Compartir en Whatsapp' rel=\"noopener\"><span class='avia_hidden_link_text'>Compartir en Whatsapp<\/span><\/a><\/li><li class='av-share-link av-social-link-linkedin' ><a target=\"_blank\" aria-label=\"Compartir en LinkedIn\" href='https:\/\/linkedin.com\/shareArticle?mini=true&#038;title=Comit%C3%A9%20Regional%20de%20Marea%20Roja%20refuerza%20acciones%20preventivas%20para%20evitar%20intoxicaciones%20entre%20la%20poblaci%C3%B3n&#038;url=https:\/\/radiorevelacionfm.cl\/?p=51368' aria-hidden='false' data-av_icon='\ue8fc' data-av_iconfont='entypo-fontello' title='' data-avia-related-tooltip='Compartir en LinkedIn' rel=\"noopener\"><span class='avia_hidden_link_text'>Compartir en LinkedIn<\/span><\/a><\/li><li class='av-share-link av-social-link-mail' ><a  aria-label=\"Compartir por correo\" href='mailto:?subject=Comit%C3%A9%20Regional%20de%20Marea%20Roja%20refuerza%20acciones%20preventivas%20para%20evitar%20intoxicaciones%20entre%20la%20poblaci%C3%B3n&#038;body=https:\/\/radiorevelacionfm.cl\/?p=51368' aria-hidden='false' data-av_icon='\ue805' data-av_iconfont='entypo-fontello' title='' data-avia-related-tooltip='Compartir por correo'><span class='avia_hidden_link_text'>Compartir por correo<\/span><\/a><\/li><\/ul><\/div><\/div>\n<div  style='height:50px' class='hr hr-invisible   avia-builder-el-8  el_after_av_social_share  el_before_av_comments_list '><span class='hr-inner ' ><span class='hr-inner-style'><\/span><\/span><\/div>\n<div  class='av-buildercomment  av-blog-meta-html-info-disabled av-blog-meta-tag-disabled  '><\/div>\n","protected":false},"excerpt":{"rendered":"","protected":false},"author":1,"featured_media":51369,"comment_status":"open","ping_status":"open","sticky":false,"template":"","format":"standard","meta":{"footnotes":""},"categories":[46],"tags":[],"class_list":["post-51368","post","type-post","status-publish","format-standard","has-post-thumbnail","hentry","category-salud"],"jetpack_featured_media_url":"https:\/\/radiorevelacionfm.cl\/wp-content\/uploads\/2025\/03\/fiscalizaciones-2-1_optimized.jpeg","_links":{"self":[{"href":"https:\/\/radiorevelacionfm.cl\/index.php?rest_route=\/wp\/v2\/posts\/51368","targetHints":{"allow":["GET"]}}],"collection":[{"href":"https:\/\/radiorevelacionfm.cl\/index.php?rest_route=\/wp\/v2\/posts"}],"about":[{"href":"https:\/\/radiorevelacionfm.cl\/index.php?rest_route=\/wp\/v2\/types\/post"}],"author":[{"embeddable":true,"href":"https:\/\/radiorevelacionfm.cl\/index.php?rest_route=\/wp\/v2\/users\/1"}],"replies":[{"embeddable":true,"href":"https:\/\/radiorevelacionfm.cl\/index.php?rest_route=%2Fwp%2Fv2%2Fcomments&post=51368"}],"version-history":[{"count":1,"href":"https:\/\/radiorevelacionfm.cl\/index.php?rest_route=\/wp\/v2\/posts\/51368\/revisions"}],"predecessor-version":[{"id":51370,"href":"https:\/\/radiorevelacionfm.cl\/index.php?rest_route=\/wp\/v2\/posts\/51368\/revisions\/51370"}],"wp:featuredmedia":[{"embeddable":true,"href":"https:\/\/radiorevelacionfm.cl\/index.php?rest_route=\/wp\/v2\/media\/51369"}],"wp:attachment":[{"href":"https:\/\/radiorevelacionfm.cl\/index.php?rest_route=%2Fwp%2Fv2%2Fmedia&parent=51368"}],"wp:term":[{"taxonomy":"category","embeddable":true,"href":"https:\/\/radiorevelacionfm.cl\/index.php?rest_route=%2Fwp%2Fv2%2Fcategories&post=51368"},{"taxonomy":"post_tag","embeddable":true,"href":"https:\/\/radiorevelacionfm.cl\/index.php?rest_route=%2Fwp%2Fv2%2Ftags&post=51368"}],"curies":[{"name":"wp","href":"https:\/\/api.w.org\/{rel}","templated":true}]}}