{"id":51366,"date":"2025-03-12T21:54:18","date_gmt":"2025-03-13T00:54:18","guid":{"rendered":"https:\/\/radiorevelacionfm.cl\/?p=51366"},"modified":"2025-03-12T21:59:45","modified_gmt":"2025-03-13T00:59:45","slug":"seremi-de-culturas-aysen-destaca-logros-de-ultimos-3-anos","status":"publish","type":"post","link":"https:\/\/radiorevelacionfm.cl\/?p=51366","title":{"rendered":"Seremi de Culturas Ays\u00e9n destaca logros de \u00faltimos 3 a\u00f1os"},"content":{"rendered":"<div class=\"flex_column av_one_full  flex_column_div av-zero-column-padding first  avia-builder-el-0  el_before_av_one_full  avia-builder-el-first  \" style='border-radius:0px; '><div  class='avia-image-container  av-styling-    avia-builder-el-1  avia-builder-el-no-sibling  avia-align-center '  itemprop=\"image\" itemscope=\"itemscope\" itemtype=\"https:\/\/schema.org\/ImageObject\"  ><div class='avia-image-container-inner'><div class='avia-image-overlay-wrap'><img decoding=\"async\" class='wp-image-45798 avia-img-lazy-loading-not-45798 avia_image' src=\"https:\/\/radiorevelacionfm.cl\/wp-content\/uploads\/2024\/09\/encuentro-identidad-sur22-1-1-1_optimized-1_optimized-1.jpg\" alt='' title='encuentro-identidad-sur22-(1)-(1)-(1)_optimized-(1)_optimized (1)' height=\"600\" width=\"1309\"  itemprop=\"thumbnailUrl\" srcset=\"https:\/\/radiorevelacionfm.cl\/wp-content\/uploads\/2024\/09\/encuentro-identidad-sur22-1-1-1_optimized-1_optimized-1.jpg 1309w, https:\/\/radiorevelacionfm.cl\/wp-content\/uploads\/2024\/09\/encuentro-identidad-sur22-1-1-1_optimized-1_optimized-1-300x138.jpg 300w, https:\/\/radiorevelacionfm.cl\/wp-content\/uploads\/2024\/09\/encuentro-identidad-sur22-1-1-1_optimized-1_optimized-1-1030x472.jpg 1030w, https:\/\/radiorevelacionfm.cl\/wp-content\/uploads\/2024\/09\/encuentro-identidad-sur22-1-1-1_optimized-1_optimized-1-768x352.jpg 768w, https:\/\/radiorevelacionfm.cl\/wp-content\/uploads\/2024\/09\/encuentro-identidad-sur22-1-1-1_optimized-1_optimized-1-705x323.jpg 705w, https:\/\/radiorevelacionfm.cl\/wp-content\/uploads\/2024\/09\/encuentro-identidad-sur22-1-1-1_optimized-1_optimized-1-450x206.jpg 450w, https:\/\/radiorevelacionfm.cl\/wp-content\/uploads\/2024\/09\/encuentro-identidad-sur22-1-1-1_optimized-1_optimized-1-600x275.jpg 600w\" sizes=\"(max-width: 1309px) 100vw, 1309px\" \/><\/div><\/div><\/div><\/div>\n<div class=\"flex_column av_one_full  flex_column_div av-zero-column-padding first  avia-builder-el-2  el_after_av_one_full  el_before_av_one_full  column-top-margin\" style='border-radius:0px; '><section class=\"av_textblock_section \"  itemscope=\"itemscope\" itemtype=\"https:\/\/schema.org\/BlogPosting\" itemprop=\"blogPost\" ><div class='avia_textblock  '   itemprop=\"text\" ><p style=\"text-align: center;\"><span style=\"font-size: 18pt;\"><b>Seremi de Culturas Ays\u00e9n destaca logros de \u00faltimos 3 a\u00f1os<\/b><\/span><\/p>\n<div id=\"gtx-trans\" style=\"position: absolute; left: -50px; top: 4.31534px;\">\n<div class=\"gtx-trans-icon\"><\/div>\n<\/div>\n<\/div><\/section><\/div>\n<div class=\"flex_column av_one_full  flex_column_div av-zero-column-padding first  avia-builder-el-4  el_after_av_one_full  el_before_av_hr  column-top-margin\" style='border-radius:0px; '><section class=\"av_textblock_section \"  itemscope=\"itemscope\" itemtype=\"https:\/\/schema.org\/BlogPosting\" itemprop=\"blogPost\" ><div class='avia_textblock  '   itemprop=\"text\" ><p style=\"text-align: justify;\">Luego de cumplir tres a\u00f1os, el Gobierno del presidente Boric ha hecho un balance de las metas alcanzadas en el presente per\u00edodo en cada una de las \u00e1reas ministeriales.<\/p>\n<p style=\"text-align: justify;\">En el caso de la Regi\u00f3n de Ays\u00e9n, el Seremi de Culturas, Felipe Quiroz, destac\u00f3 diversas iniciativas implementadas en lo que va de mandato. En primer lugar, los Fondos de Cultura han aumentado su presupuesto regional en un 188% desde el a\u00f1o 2021, pasando de $535.768.520 a $1.007.376.709 en el \u00faltimo concurso.<\/p>\n<p style=\"text-align: justify;\">La Secretar\u00eda Regional Ministerial de Culturas Ays\u00e9n ha desarrollado, adem\u00e1s,\u00a0 microrresidencias art\u00edsticas en las 10 comunas de la regi\u00f3n, abordando disciplinas como fotograf\u00eda, teatro, m\u00fasica y danza, todas facilitadas por artistas y creadores locales.<\/p>\n<p style=\"text-align: justify;\">La Feria de las Culturas ha tenido un crecimiento sostenido y este 2025 en su s\u00e9ptima versi\u00f3n, adem\u00e1s de obtener ganancias significativas para las y los artesanos y creadores que participan, estuvieron presentes cultores y equipos culturales de nueve regiones de Chile.<\/p>\n<p style=\"text-align: justify;\">Para Felipe Quiroz, Seremi de Culturas Ays\u00e9n, \u201cEn estos tres a\u00f1os de Gobierno, hemos demostrado que la descentralizaci\u00f3n cultural no es un eslogan, sino una pol\u00edtica real y con impacto concreto en Ays\u00e9n. Hemos multiplicado los recursos, fortalecido a las comunidades culturales y ampliado las oportunidades para creadores y creadoras en todo el territorio, porque creemos que la cultura no puede depender del c\u00f3digo postal. Hoy, m\u00e1s trabajadores y trabajadoras culturales tienen acceso a financiamiento, m\u00e1s comunas est\u00e1n integradas en programas estrat\u00e9gicos, y m\u00e1s espacios de creaci\u00f3n se consolidan como parte de la vida regional. Enfrentamos d\u00e9cadas de postergaci\u00f3n con acci\u00f3n concreta, con una visi\u00f3n que entiende la cultura como un derecho y un motor de desarrollo para los territorios. Seguimos trabajando para que la diversidad, la identidad y la creatividad de Ays\u00e9n ocupen el lugar que merecen en la historia de este pa\u00eds\u201d.<\/p>\n<p style=\"text-align: justify;\">Una de las grandes noticias para Ays\u00e9n es la incorporaci\u00f3n de la orquesta de c\u00e1mara de la universidad de Ays\u00e9n en la glosa presupuestaria de la subsecretar\u00eda de las culturas de las artes, lo que la convertir\u00e1 en un elenco estable con financiamiento permanente. Adem\u00e1s, por primera vez, una organizaci\u00f3n regional ingresa a la lista de trayectoria con financiamiento no concursal (Malotun).<\/p>\n<p style=\"text-align: justify;\">Felipe Quiroz inform\u00f3 que ha aumentado la cifra de personas empleadas en cultura, con el foco puesto en la mujer, al igual que el financiamiento a trav\u00e9s del Programa de Apoyo a Organizaciones Culturales Comunitarias, PAOCC. Tambi\u00e9n el programa Puntos de Cultura Comunitaria ha ido creciendo a\u00f1o tras a\u00f1o y ya alcanza a m\u00e1s de la mitad de las comunas de la regi\u00f3n con 11 puntos financiados.<\/p>\n<p style=\"text-align: justify;\">A trav\u00e9s del Programa Red Cultura se han financiado Planes Municipales de Cultura, con la respectiva asesor\u00eda; y, con el Programa de Fortalecimiento de la Identidad Cultural Regional, FICR, el Departamento de Ciudadan\u00eda ha llevado adelante el in\u00e9dito Encuentro Macrozonal Enlazando las Culturas, con presencia de nueve regiones del pa\u00eds en el Museo Regional de Ays\u00e9n, espacio de intercambio y aprendizaje para diferentes equipos que viajaron desde todo Chile. Adem\u00e1s, Culturas Ays\u00e9n ha llevado a cabo las tradicionales giras art\u00edsticas que se despliegan por todo el territorio, y los permanentes Encuentros Territoriales con Identidad, que re\u00fanen a diversos agentes culturales de toda la regi\u00f3n 3 veces al a\u00f1o.<\/p>\n<\/div><\/section><\/div><div  style='height:50px' class='hr hr-invisible   avia-builder-el-6  el_after_av_one_full  el_before_av_social_share '><span class='hr-inner ' ><span class='hr-inner-style'><\/span><\/span><\/div><\/p>\n<div  class='av-social-sharing-box  avia-builder-el-7  el_after_av_hr  el_before_av_hr  '><div class='av-share-box'><h5 class='av-share-link-description av-no-toc '>Compartir esta noticia<\/h5><ul class='av-share-box-list noLightbox'><li class='av-share-link av-social-link-facebook' ><a target=\"_blank\" aria-label=\"Compartir en Facebook\" href='https:\/\/www.facebook.com\/sharer.php?u=https:\/\/radiorevelacionfm.cl\/?p=51366&#038;t=Seremi%20de%20Culturas%20Ays%C3%A9n%20destaca%20logros%20de%20%C3%BAltimos%203%20a%C3%B1os' aria-hidden='false' data-av_icon='\ue8f3' data-av_iconfont='entypo-fontello' title='' data-avia-related-tooltip='Compartir en Facebook' rel=\"noopener\"><span class='avia_hidden_link_text'>Compartir en Facebook<\/span><\/a><\/li><li class='av-share-link av-social-link-twitter' ><a target=\"_blank\" aria-label=\"Compartir en Twitter\" href='https:\/\/twitter.com\/share?text=Seremi%20de%20Culturas%20Ays%C3%A9n%20destaca%20logros%20de%20%C3%BAltimos%203%20a%C3%B1os&#038;url=https:\/\/radiorevelacionfm.cl\/?p=51366' aria-hidden='false' data-av_icon='\ue8f1' data-av_iconfont='entypo-fontello' title='' data-avia-related-tooltip='Compartir en Twitter' rel=\"noopener\"><span class='avia_hidden_link_text'>Compartir en Twitter<\/span><\/a><\/li><li class='av-share-link av-social-link-whatsapp' ><a target=\"_blank\" aria-label=\"Compartir en Whatsapp\" href='https:\/\/api.whatsapp.com\/send?text=https:\/\/radiorevelacionfm.cl\/?p=51366' aria-hidden='false' data-av_icon='\uf232' data-av_iconfont='entypo-fontello' title='' data-avia-related-tooltip='Compartir en Whatsapp' rel=\"noopener\"><span class='avia_hidden_link_text'>Compartir en Whatsapp<\/span><\/a><\/li><li class='av-share-link av-social-link-linkedin' ><a target=\"_blank\" aria-label=\"Compartir en LinkedIn\" href='https:\/\/linkedin.com\/shareArticle?mini=true&#038;title=Seremi%20de%20Culturas%20Ays%C3%A9n%20destaca%20logros%20de%20%C3%BAltimos%203%20a%C3%B1os&#038;url=https:\/\/radiorevelacionfm.cl\/?p=51366' aria-hidden='false' data-av_icon='\ue8fc' data-av_iconfont='entypo-fontello' title='' data-avia-related-tooltip='Compartir en LinkedIn' rel=\"noopener\"><span class='avia_hidden_link_text'>Compartir en LinkedIn<\/span><\/a><\/li><li class='av-share-link av-social-link-mail' ><a  aria-label=\"Compartir por correo\" href='mailto:?subject=Seremi%20de%20Culturas%20Ays%C3%A9n%20destaca%20logros%20de%20%C3%BAltimos%203%20a%C3%B1os&#038;body=https:\/\/radiorevelacionfm.cl\/?p=51366' aria-hidden='false' data-av_icon='\ue805' data-av_iconfont='entypo-fontello' title='' data-avia-related-tooltip='Compartir por correo'><span class='avia_hidden_link_text'>Compartir por correo<\/span><\/a><\/li><\/ul><\/div><\/div>\n<div  style='height:50px' class='hr hr-invisible   avia-builder-el-8  el_after_av_social_share  el_before_av_comments_list '><span class='hr-inner ' ><span class='hr-inner-style'><\/span><\/span><\/div>\n<div  class='av-buildercomment  av-blog-meta-html-info-disabled av-blog-meta-tag-disabled  '><\/div>\n","protected":false},"excerpt":{"rendered":"","protected":false},"author":1,"featured_media":45798,"comment_status":"open","ping_status":"open","sticky":false,"template":"","format":"standard","meta":{"footnotes":""},"categories":[52],"tags":[],"class_list":["post-51366","post","type-post","status-publish","format-standard","has-post-thumbnail","hentry","category-cultura"],"jetpack_featured_media_url":"https:\/\/radiorevelacionfm.cl\/wp-content\/uploads\/2024\/09\/encuentro-identidad-sur22-1-1-1_optimized-1_optimized-1.jpg","_links":{"self":[{"href":"https:\/\/radiorevelacionfm.cl\/index.php?rest_route=\/wp\/v2\/posts\/51366","targetHints":{"allow":["GET"]}}],"collection":[{"href":"https:\/\/radiorevelacionfm.cl\/index.php?rest_route=\/wp\/v2\/posts"}],"about":[{"href":"https:\/\/radiorevelacionfm.cl\/index.php?rest_route=\/wp\/v2\/types\/post"}],"author":[{"embeddable":true,"href":"https:\/\/radiorevelacionfm.cl\/index.php?rest_route=\/wp\/v2\/users\/1"}],"replies":[{"embeddable":true,"href":"https:\/\/radiorevelacionfm.cl\/index.php?rest_route=%2Fwp%2Fv2%2Fcomments&post=51366"}],"version-history":[{"count":2,"href":"https:\/\/radiorevelacionfm.cl\/index.php?rest_route=\/wp\/v2\/posts\/51366\/revisions"}],"predecessor-version":[{"id":51371,"href":"https:\/\/radiorevelacionfm.cl\/index.php?rest_route=\/wp\/v2\/posts\/51366\/revisions\/51371"}],"wp:featuredmedia":[{"embeddable":true,"href":"https:\/\/radiorevelacionfm.cl\/index.php?rest_route=\/wp\/v2\/media\/45798"}],"wp:attachment":[{"href":"https:\/\/radiorevelacionfm.cl\/index.php?rest_route=%2Fwp%2Fv2%2Fmedia&parent=51366"}],"wp:term":[{"taxonomy":"category","embeddable":true,"href":"https:\/\/radiorevelacionfm.cl\/index.php?rest_route=%2Fwp%2Fv2%2Fcategories&post=51366"},{"taxonomy":"post_tag","embeddable":true,"href":"https:\/\/radiorevelacionfm.cl\/index.php?rest_route=%2Fwp%2Fv2%2Ftags&post=51366"}],"curies":[{"name":"wp","href":"https:\/\/api.w.org\/{rel}","templated":true}]}}