{"id":51362,"date":"2025-03-12T18:46:09","date_gmt":"2025-03-12T21:46:09","guid":{"rendered":"https:\/\/radiorevelacionfm.cl\/?p=51362"},"modified":"2025-03-12T18:46:09","modified_gmt":"2025-03-12T21:46:09","slug":"usuarios-del-albergue-de-puerto-aysen-ayudan-a-adultos-mayores-para-arreglar-sede-social","status":"publish","type":"post","link":"https:\/\/radiorevelacionfm.cl\/?p=51362","title":{"rendered":"Usuarios del Albergue de Puerto Ays\u00e9n ayudan a adultos mayores para arreglar sede social"},"content":{"rendered":"<div class=\"flex_column av_one_full  flex_column_div av-zero-column-padding first  avia-builder-el-0  el_before_av_one_full  avia-builder-el-first  \" style='border-radius:0px; '><div  class='avia-image-container  av-styling-    avia-builder-el-1  avia-builder-el-no-sibling  avia-align-center '  itemprop=\"image\" itemscope=\"itemscope\" itemtype=\"https:\/\/schema.org\/ImageObject\"  ><div class='avia-image-container-inner'><div class='avia-image-overlay-wrap'><img decoding=\"async\" class='wp-image-51363 avia-img-lazy-loading-not-51363 avia_image' src=\"https:\/\/radiorevelacionfm.cl\/wp-content\/uploads\/2025\/03\/vlcsnap-2025-03-11-13h54m57s353-1-1_optimized-1.jpg\" alt='' title='vlcsnap-2025-03-11-13h54m57s353-(1)-(1)_optimized (1)' height=\"600\" width=\"1067\"  itemprop=\"thumbnailUrl\" srcset=\"https:\/\/radiorevelacionfm.cl\/wp-content\/uploads\/2025\/03\/vlcsnap-2025-03-11-13h54m57s353-1-1_optimized-1.jpg 1067w, https:\/\/radiorevelacionfm.cl\/wp-content\/uploads\/2025\/03\/vlcsnap-2025-03-11-13h54m57s353-1-1_optimized-1-300x169.jpg 300w, https:\/\/radiorevelacionfm.cl\/wp-content\/uploads\/2025\/03\/vlcsnap-2025-03-11-13h54m57s353-1-1_optimized-1-1030x579.jpg 1030w, https:\/\/radiorevelacionfm.cl\/wp-content\/uploads\/2025\/03\/vlcsnap-2025-03-11-13h54m57s353-1-1_optimized-1-768x432.jpg 768w, https:\/\/radiorevelacionfm.cl\/wp-content\/uploads\/2025\/03\/vlcsnap-2025-03-11-13h54m57s353-1-1_optimized-1-705x396.jpg 705w, https:\/\/radiorevelacionfm.cl\/wp-content\/uploads\/2025\/03\/vlcsnap-2025-03-11-13h54m57s353-1-1_optimized-1-450x253.jpg 450w, https:\/\/radiorevelacionfm.cl\/wp-content\/uploads\/2025\/03\/vlcsnap-2025-03-11-13h54m57s353-1-1_optimized-1-600x337.jpg 600w\" sizes=\"(max-width: 1067px) 100vw, 1067px\" \/><\/div><\/div><\/div><\/div><div class=\"flex_column av_one_full  flex_column_div av-zero-column-padding first  avia-builder-el-2  el_after_av_one_full  el_before_av_one_full  column-top-margin\" style='border-radius:0px; '><section class=\"av_textblock_section \"  itemscope=\"itemscope\" itemtype=\"https:\/\/schema.org\/BlogPosting\" itemprop=\"blogPost\" ><div class='avia_textblock  '   itemprop=\"text\" ><p style=\"text-align: center;\"><strong><span style=\"font-size: 18pt;\">Usuarios del Albergue de Puerto Ays\u00e9n ayudan a adultos mayores para arreglar sede social<\/span><\/strong><\/p>\n<div id=\"gtx-trans\" style=\"position: absolute; left: -50px; top: 4.31534px;\">\n<div class=\"gtx-trans-icon\"><\/div>\n<\/div>\n<\/div><\/section><\/div><div class=\"flex_column av_one_full  flex_column_div av-zero-column-padding first  avia-builder-el-4  el_after_av_one_full  el_before_av_hr  column-top-margin\" style='border-radius:0px; '><section class=\"av_textblock_section \"  itemscope=\"itemscope\" itemtype=\"https:\/\/schema.org\/BlogPosting\" itemprop=\"blogPost\" ><div class='avia_textblock  '   itemprop=\"text\" ><p style=\"text-align: justify;\"><em>La directiva del Club \u201cA\u00f1os Dorados\u201d pidi\u00f3 a la municipalidad colaboraci\u00f3n para pintar y cortar el pasto del lugar, por lo que las personas del albergue aceptaron gustosos de poder cooperar con los adultos mayores.<\/em><\/p>\n<p style=\"text-align: justify;\">Hace unas semanas los funcionarios y usuarios del \u201cAlbergue Plan Protege Calle\u201d, que administra la I. Municipalidad de Ays\u00e9n, comenzaron los arreglos de la sede de uno de los clubes de adulto mayor m\u00e1s antiguos de Ays\u00e9n, el \u201cA\u00f1os Dorados\u201d de la Ribera Sur.<\/p>\n<p style=\"text-align: justify;\">Estos trabajos, los cuales ya terminaron, consistieron en cortar el pasto del lugar, botar la basura acumulada, pintar la sede y el cerco perimetral; adem\u00e1s de colocar una reja de protecci\u00f3n en la ventana que da la cara a la calle. Todo realizado con materiales que proporcion\u00f3 el mismo club.<\/p>\n<p style=\"text-align: justify;\">Silvia Vel\u00e1squez, coordinadora de los Programas Sociales de la DIDECO, relat\u00f3 c\u00f3mo fue que se realiz\u00f3 esta acci\u00f3n social, \u201cellos nos solicitaron, a trav\u00e9s de departamento jur\u00eddico, para que pudi\u00e9ramos apoyarlos en lo que es la pintura de su sede y mejoramiento tambi\u00e9n del entorno y en este caso nosotros como albergue siempre estamos dispuestos a ayudar a la comunidad y hacernos part\u00edcipes de las actividades que ayuden especialmente a los adultos mayores\u201d.<\/p>\n<p style=\"text-align: justify;\">Esta es una gran ayuda para un club que consta de 17 integrantes, que en su mayor\u00eda est\u00e1 conformada por mujeres y que hab\u00edan estado esperando esta ayuda hace tiempo.<\/p>\n<p style=\"text-align: justify;\">La presidenta del Club de Adultos Mayores \u201cA\u00f1os Dorados\u201d mencion\u00f3 que \u201cesto es una alegr\u00eda muy grande, han pasado muchos alcaldes en Ays\u00e9n y nosotros hemos pedido ayuda con la directiva y dicen s\u00ed, los vamos a ayudar, pero jam\u00e1s vinieron. No puedo explicar lo que hicieron, pero lo dejaron muy hermoso. Doy gracias a Dios, a todas las abuelitas que trabajamos y a los caballeros que vieron a trabajar\u201d.<\/p>\n<p style=\"text-align: justify;\">Al finalizar el trabajo, los funcionarios y usuarios se reunieron con las integrantes del club, instancia en que pudieron agradecer el trabajo realizado y el albergue se comprometi\u00f3 a ir a cortar el pasto cada cierto tiempo, ya que debido a la edad le es complicado para las adultas mayores poder realizar este tipo de arreglos.<\/p>\n<p style=\"text-align: justify;\">Esta es parte de las acciones que el albergue ha realizado desde hace un tiempo para que las personas en situaci\u00f3n de calle puedan hacer contribuciones a la comunidad, una forma de buscar la integraci\u00f3n a la sociedad y comenzar a quitar estigmas ligados a las condiciones en las que viven.<\/p>\n<\/div><\/section><\/div><div  style='height:50px' class='hr hr-invisible   avia-builder-el-6  el_after_av_one_full  el_before_av_social_share '><span class='hr-inner ' ><span class='hr-inner-style'><\/span><\/span><\/div><\/p>\n<div  class='av-social-sharing-box  avia-builder-el-7  el_after_av_hr  el_before_av_hr  '><div class='av-share-box'><h5 class='av-share-link-description av-no-toc '>Compartir esta noticia<\/h5><ul class='av-share-box-list noLightbox'><li class='av-share-link av-social-link-facebook' ><a target=\"_blank\" aria-label=\"Compartir en Facebook\" href='https:\/\/www.facebook.com\/sharer.php?u=https:\/\/radiorevelacionfm.cl\/?p=51362&#038;t=Usuarios%20del%20Albergue%20de%20Puerto%20Ays%C3%A9n%20ayudan%20a%20adultos%20mayores%20para%20arreglar%20sede%20social' aria-hidden='false' data-av_icon='\ue8f3' data-av_iconfont='entypo-fontello' title='' data-avia-related-tooltip='Compartir en Facebook' rel=\"noopener\"><span class='avia_hidden_link_text'>Compartir en Facebook<\/span><\/a><\/li><li class='av-share-link av-social-link-twitter' ><a target=\"_blank\" aria-label=\"Compartir en Twitter\" href='https:\/\/twitter.com\/share?text=Usuarios%20del%20Albergue%20de%20Puerto%20Ays%C3%A9n%20ayudan%20a%20adultos%20mayores%20para%20arreglar%20sede%20social&#038;url=https:\/\/radiorevelacionfm.cl\/?p=51362' aria-hidden='false' data-av_icon='\ue8f1' data-av_iconfont='entypo-fontello' title='' data-avia-related-tooltip='Compartir en Twitter' rel=\"noopener\"><span class='avia_hidden_link_text'>Compartir en Twitter<\/span><\/a><\/li><li class='av-share-link av-social-link-whatsapp' ><a target=\"_blank\" aria-label=\"Compartir en Whatsapp\" href='https:\/\/api.whatsapp.com\/send?text=https:\/\/radiorevelacionfm.cl\/?p=51362' aria-hidden='false' data-av_icon='\uf232' data-av_iconfont='entypo-fontello' title='' data-avia-related-tooltip='Compartir en Whatsapp' rel=\"noopener\"><span class='avia_hidden_link_text'>Compartir en Whatsapp<\/span><\/a><\/li><li class='av-share-link av-social-link-linkedin' ><a target=\"_blank\" aria-label=\"Compartir en LinkedIn\" href='https:\/\/linkedin.com\/shareArticle?mini=true&#038;title=Usuarios%20del%20Albergue%20de%20Puerto%20Ays%C3%A9n%20ayudan%20a%20adultos%20mayores%20para%20arreglar%20sede%20social&#038;url=https:\/\/radiorevelacionfm.cl\/?p=51362' aria-hidden='false' data-av_icon='\ue8fc' data-av_iconfont='entypo-fontello' title='' data-avia-related-tooltip='Compartir en LinkedIn' rel=\"noopener\"><span class='avia_hidden_link_text'>Compartir en LinkedIn<\/span><\/a><\/li><li class='av-share-link av-social-link-mail' ><a  aria-label=\"Compartir por correo\" href='mailto:?subject=Usuarios%20del%20Albergue%20de%20Puerto%20Ays%C3%A9n%20ayudan%20a%20adultos%20mayores%20para%20arreglar%20sede%20social&#038;body=https:\/\/radiorevelacionfm.cl\/?p=51362' aria-hidden='false' data-av_icon='\ue805' data-av_iconfont='entypo-fontello' title='' data-avia-related-tooltip='Compartir por correo'><span class='avia_hidden_link_text'>Compartir por correo<\/span><\/a><\/li><\/ul><\/div><\/div>\n<div  style='height:50px' class='hr hr-invisible   avia-builder-el-8  el_after_av_social_share  el_before_av_comments_list '><span class='hr-inner ' ><span class='hr-inner-style'><\/span><\/span><\/div>\n<div  class='av-buildercomment  av-blog-meta-html-info-disabled av-blog-meta-tag-disabled  '><\/div>\n","protected":false},"excerpt":{"rendered":"","protected":false},"author":1,"featured_media":51363,"comment_status":"open","ping_status":"open","sticky":false,"template":"","format":"standard","meta":{"footnotes":""},"categories":[38],"tags":[],"class_list":["post-51362","post","type-post","status-publish","format-standard","has-post-thumbnail","hentry","category-regional"],"jetpack_featured_media_url":"https:\/\/radiorevelacionfm.cl\/wp-content\/uploads\/2025\/03\/vlcsnap-2025-03-11-13h54m57s353-1-1_optimized-1.jpg","_links":{"self":[{"href":"https:\/\/radiorevelacionfm.cl\/index.php?rest_route=\/wp\/v2\/posts\/51362","targetHints":{"allow":["GET"]}}],"collection":[{"href":"https:\/\/radiorevelacionfm.cl\/index.php?rest_route=\/wp\/v2\/posts"}],"about":[{"href":"https:\/\/radiorevelacionfm.cl\/index.php?rest_route=\/wp\/v2\/types\/post"}],"author":[{"embeddable":true,"href":"https:\/\/radiorevelacionfm.cl\/index.php?rest_route=\/wp\/v2\/users\/1"}],"replies":[{"embeddable":true,"href":"https:\/\/radiorevelacionfm.cl\/index.php?rest_route=%2Fwp%2Fv2%2Fcomments&post=51362"}],"version-history":[{"count":1,"href":"https:\/\/radiorevelacionfm.cl\/index.php?rest_route=\/wp\/v2\/posts\/51362\/revisions"}],"predecessor-version":[{"id":51364,"href":"https:\/\/radiorevelacionfm.cl\/index.php?rest_route=\/wp\/v2\/posts\/51362\/revisions\/51364"}],"wp:featuredmedia":[{"embeddable":true,"href":"https:\/\/radiorevelacionfm.cl\/index.php?rest_route=\/wp\/v2\/media\/51363"}],"wp:attachment":[{"href":"https:\/\/radiorevelacionfm.cl\/index.php?rest_route=%2Fwp%2Fv2%2Fmedia&parent=51362"}],"wp:term":[{"taxonomy":"category","embeddable":true,"href":"https:\/\/radiorevelacionfm.cl\/index.php?rest_route=%2Fwp%2Fv2%2Fcategories&post=51362"},{"taxonomy":"post_tag","embeddable":true,"href":"https:\/\/radiorevelacionfm.cl\/index.php?rest_route=%2Fwp%2Fv2%2Ftags&post=51362"}],"curies":[{"name":"wp","href":"https:\/\/api.w.org\/{rel}","templated":true}]}}