{"id":51359,"date":"2025-03-13T09:59:12","date_gmt":"2025-03-13T12:59:12","guid":{"rendered":"https:\/\/radiorevelacionfm.cl\/?p=51359"},"modified":"2025-03-13T09:59:12","modified_gmt":"2025-03-13T12:59:12","slug":"campana-de-vacunacion-contra-influenza-y-covid-19-inicia-en-toda-la-region-de-aysen","status":"publish","type":"post","link":"https:\/\/radiorevelacionfm.cl\/?p=51359","title":{"rendered":"Campa\u00f1a de Vacunaci\u00f3n contra Influenza y COVID-19 inicia en toda la regi\u00f3n de Ays\u00e9n"},"content":{"rendered":"<div class=\"flex_column av_one_full  flex_column_div av-zero-column-padding first  avia-builder-el-0  el_before_av_one_full  avia-builder-el-first  \" style='border-radius:0px; '><div  class='avia-image-container  av-styling-    avia-builder-el-1  avia-builder-el-no-sibling  avia-align-center '  itemprop=\"image\" itemscope=\"itemscope\" itemtype=\"https:\/\/schema.org\/ImageObject\"  ><div class='avia-image-container-inner'><div class='avia-image-overlay-wrap'><img decoding=\"async\" class='wp-image-51360 avia-img-lazy-loading-not-51360 avia_image' src=\"https:\/\/radiorevelacionfm.cl\/wp-content\/uploads\/2025\/03\/cisnes2-1-1-1.jpg\" alt='' title='cisnes2 (1) (1) (1)' height=\"640\" width=\"800\"  itemprop=\"thumbnailUrl\" srcset=\"https:\/\/radiorevelacionfm.cl\/wp-content\/uploads\/2025\/03\/cisnes2-1-1-1.jpg 800w, https:\/\/radiorevelacionfm.cl\/wp-content\/uploads\/2025\/03\/cisnes2-1-1-1-300x240.jpg 300w, https:\/\/radiorevelacionfm.cl\/wp-content\/uploads\/2025\/03\/cisnes2-1-1-1-768x614.jpg 768w, https:\/\/radiorevelacionfm.cl\/wp-content\/uploads\/2025\/03\/cisnes2-1-1-1-705x564.jpg 705w, https:\/\/radiorevelacionfm.cl\/wp-content\/uploads\/2025\/03\/cisnes2-1-1-1-450x360.jpg 450w, https:\/\/radiorevelacionfm.cl\/wp-content\/uploads\/2025\/03\/cisnes2-1-1-1-600x480.jpg 600w\" sizes=\"(max-width: 800px) 100vw, 800px\" \/><\/div><\/div><\/div><\/div><div class=\"flex_column av_one_full  flex_column_div av-zero-column-padding first  avia-builder-el-2  el_after_av_one_full  el_before_av_one_full  column-top-margin\" style='border-radius:0px; '><section class=\"av_textblock_section \"  itemscope=\"itemscope\" itemtype=\"https:\/\/schema.org\/BlogPosting\" itemprop=\"blogPost\" ><div class='avia_textblock  '   itemprop=\"text\" ><p style=\"text-align: center;\"><span style=\"font-size: 18pt;\"><b>Campa\u00f1a de Vacunaci\u00f3n contra Influenza y COVID-19 inicia en toda la regi\u00f3n de Ays\u00e9n<\/b><\/span><\/p>\n<div id=\"gtx-trans\" style=\"position: absolute; left: -50px; top: 4.31534px;\">\n<div class=\"gtx-trans-icon\"><\/div>\n<\/div>\n<\/div><\/section><\/div><div class=\"flex_column av_one_full  flex_column_div av-zero-column-padding first  avia-builder-el-4  el_after_av_one_full  el_before_av_hr  column-top-margin\" style='border-radius:0px; '><section class=\"av_textblock_section \"  itemscope=\"itemscope\" itemtype=\"https:\/\/schema.org\/BlogPosting\" itemprop=\"blogPost\" ><div class='avia_textblock  '   itemprop=\"text\" ><p style=\"font-weight: 400; text-align: justify;\">Desde el 1 de marzo en todo el pa\u00eds se lanz\u00f3 la Campa\u00f1a de Invierno 2025, estrategia que busca inmunizar a la mayor cantidad de chilenas y chilenos, comenzando por los grupos de riesgo, entre ellos personal de salud (p\u00fablico y privado), personas de 60 a\u00f1os y m\u00e1s, personas con patolog\u00edas cr\u00f3nicas (desde los 6 meses en COVID-19 y entre los 11 y 59 a\u00f1os en Influenza), embarazadas y cuidadores de personas mayores y funcionarios de ELEAM.<\/p>\n<p style=\"font-weight: 400; text-align: justify;\">\u201cMe alegro del anticipo de esta campa\u00f1a de vacunaci\u00f3n, porque se nos vienen tiempos muy complicados en este invierno y tenemos que fortalecer a las personas mayores y la vida en todas sus facetas, especialmente en el tema de la salud. Por lo tanto, invito a mujeres y hombres mayores de toda la regi\u00f3n de Ays\u00e9n a que asistan a los centros de salud a vacunarse\u201d, precisa V\u00edctor Soto, dirigente de los adultos mayores.<\/p>\n<p style=\"font-weight: 400; text-align: justify;\">Tambi\u00e9n se encuentra disponible la inoculaci\u00f3n del anticuerpo monoclonal para el virus respiratorio sincicial (VRS). \u201cEsta campa\u00f1a incluye la vacunaci\u00f3n contra la influenza y el COVID-19 y adem\u00e1s para los m\u00e1s peque\u00f1os tenemos medicamento preventivo contra el virus respiratorio sincicial. Tambi\u00e9n tenemos otras vacunas para los adultos mayores sobre 65 a\u00f1os, as\u00ed que los invitamos a administrarse estas vacunas, a acudir a los puntos de vacunaci\u00f3n que vamos a tener, para que podamos proteger a los grupos de mayor riesgo y a toda nuestra comunidad del sector norte\u201d, inform\u00f3 Camila San Mart\u00edn, directora del CESFAM de La Junta.<\/p>\n<p style=\"font-weight: 400; text-align: justify;\">En el caso particular de la vacuna contra la Influenza, tambi\u00e9n incorpora a los ni\u00f1os y ni\u00f1as desde los seis meses hasta quinto b\u00e1sico, docentes y asistentes de la educaci\u00f3n preescolar y escolar hasta 8vo b\u00e1sico.<\/p>\n<p style=\"font-weight: 400; text-align: justify;\">\u201cTodos los establecimientos de nuestra Red Asistencial a lo largo de la regi\u00f3n ya cuentan con las vacunas necesarias y el personal capacitado para llevar adelante la campa\u00f1a de inmunizaciones. Tambi\u00e9n es fundamental recordarles que las personas pertenecientes a los grupos objetivos se vacunen a tiempo para prevenir enfermedades durante el invierno\u201d, precis\u00f3 por su parte Juan Pablo Bravo, director del SSA.<\/p>\n<p style=\"font-weight: 400; text-align: justify;\">Cabe recordar que la comuna de Ays\u00e9n se encuentra incluida en a la estrategia de APS Universal, por lo que cualquier persona se puede acercar a los distintos dispositivos, independientemente de su previsi\u00f3n.<\/p>\n<p style=\"font-weight: 400; text-align: justify;\"><strong>Cisnes y Ays\u00e9n<\/strong><\/p>\n<p style=\"font-weight: 400; text-align: justify;\">Tambi\u00e9n en las localidades de Puerto Cisnes y Ays\u00e9n se realizaron lanzamientos de campa\u00f1a, como asimismo en Cochrane y Chile Chico.<strong>\u00a0<\/strong>\u201cInvito a vacunarse especialmente a la poblaci\u00f3n de riesgo de presentar enfermedades complicadas producto de los virus de la influenza y el COVID-19, que son las personas mayores de 60 a\u00f1os aunque no tengas enfermedades cr\u00f3nicas, el resto de las edades desde los seis meses que presenten alguna enfermedad cr\u00f3nica importante y tambi\u00e9n las mujeres embarazadas, todo esto no con el fin de prevenir s\u00edntomas de las enfermedades infecciosas, sino complicaciones importantes que pueden comprometer su vida y ante cualquier duda acercarse al stand de vacunaci\u00f3n\u201d, explic\u00f3 el Dr. Le\u00f3n Raposo, subdirector m\u00e9dico (s). Hospital Puerto Cisnes.<\/p>\n<p style=\"font-weight: 400; text-align: justify;\">Por su parte desde el CESFAM de Puerto Ays\u00e9n se sumaron a la campa\u00f1a e insistieron en la importancia de vacunarse, para evitar complicaciones generadas de las enfermedades invernales. \u201cEstamos lanzando el hito comunicacional de lo que es el programa nacional de inmunizaciones en Puerto Ays\u00e9n, espec\u00edficamente la vacunaci\u00f3n contra la influenza. Este hito comenz\u00f3 la semana pasada y hoy lo estamos trabajando con el hospital y la direcci\u00f3n del Servicio de Salud\u201d, expres\u00f3 Joaqu\u00edn Guti\u00e9rrez, director del CESFAM porte\u00f1o.<\/p>\n<p style=\"font-weight: 400; text-align: justify;\">Los puntos de vacunaci\u00f3n disponibles en todo el pa\u00eds se pueden revisar en\u00a0<a href=\"http:\/\/mevacuno.cl\/\" data-saferedirecturl=\"https:\/\/www.google.com\/url?q=http:\/\/mevacuno.cl&amp;source=gmail&amp;ust=1741897965166000&amp;usg=AOvVaw2cgXAgMdzB2QGq3hB9xh5h\">mevacuno.cl<\/a>\u00a0y para m\u00e1s informaci\u00f3n sobre el proceso se puede visitar Minsal.cl o llamar al fono 6003607777 de Salud Responde.<\/p>\n<\/div><\/section><\/div><div  style='height:50px' class='hr hr-invisible   avia-builder-el-6  el_after_av_one_full  el_before_av_social_share '><span class='hr-inner ' ><span class='hr-inner-style'><\/span><\/span><\/div><\/p>\n<div  class='av-social-sharing-box  avia-builder-el-7  el_after_av_hr  el_before_av_hr  '><div class='av-share-box'><h5 class='av-share-link-description av-no-toc '>Compartir esta noticia<\/h5><ul class='av-share-box-list noLightbox'><li class='av-share-link av-social-link-facebook' ><a target=\"_blank\" aria-label=\"Compartir en Facebook\" href='https:\/\/www.facebook.com\/sharer.php?u=https:\/\/radiorevelacionfm.cl\/?p=51359&#038;t=Campa%C3%B1a%20de%20Vacunaci%C3%B3n%20contra%20Influenza%20y%20COVID-19%20inicia%20en%20toda%20la%20regi%C3%B3n%20de%20Ays%C3%A9n' aria-hidden='false' data-av_icon='\ue8f3' data-av_iconfont='entypo-fontello' title='' data-avia-related-tooltip='Compartir en Facebook' rel=\"noopener\"><span class='avia_hidden_link_text'>Compartir en Facebook<\/span><\/a><\/li><li class='av-share-link av-social-link-twitter' ><a target=\"_blank\" aria-label=\"Compartir en Twitter\" href='https:\/\/twitter.com\/share?text=Campa%C3%B1a%20de%20Vacunaci%C3%B3n%20contra%20Influenza%20y%20COVID-19%20inicia%20en%20toda%20la%20regi%C3%B3n%20de%20Ays%C3%A9n&#038;url=https:\/\/radiorevelacionfm.cl\/?p=51359' aria-hidden='false' data-av_icon='\ue8f1' data-av_iconfont='entypo-fontello' title='' data-avia-related-tooltip='Compartir en Twitter' rel=\"noopener\"><span class='avia_hidden_link_text'>Compartir en Twitter<\/span><\/a><\/li><li class='av-share-link av-social-link-whatsapp' ><a target=\"_blank\" aria-label=\"Compartir en Whatsapp\" href='https:\/\/api.whatsapp.com\/send?text=https:\/\/radiorevelacionfm.cl\/?p=51359' aria-hidden='false' data-av_icon='\uf232' data-av_iconfont='entypo-fontello' title='' data-avia-related-tooltip='Compartir en Whatsapp' rel=\"noopener\"><span class='avia_hidden_link_text'>Compartir en Whatsapp<\/span><\/a><\/li><li class='av-share-link av-social-link-linkedin' ><a target=\"_blank\" aria-label=\"Compartir en LinkedIn\" href='https:\/\/linkedin.com\/shareArticle?mini=true&#038;title=Campa%C3%B1a%20de%20Vacunaci%C3%B3n%20contra%20Influenza%20y%20COVID-19%20inicia%20en%20toda%20la%20regi%C3%B3n%20de%20Ays%C3%A9n&#038;url=https:\/\/radiorevelacionfm.cl\/?p=51359' aria-hidden='false' data-av_icon='\ue8fc' data-av_iconfont='entypo-fontello' title='' data-avia-related-tooltip='Compartir en LinkedIn' rel=\"noopener\"><span class='avia_hidden_link_text'>Compartir en LinkedIn<\/span><\/a><\/li><li class='av-share-link av-social-link-mail' ><a  aria-label=\"Compartir por correo\" href='mailto:?subject=Campa%C3%B1a%20de%20Vacunaci%C3%B3n%20contra%20Influenza%20y%20COVID-19%20inicia%20en%20toda%20la%20regi%C3%B3n%20de%20Ays%C3%A9n&#038;body=https:\/\/radiorevelacionfm.cl\/?p=51359' aria-hidden='false' data-av_icon='\ue805' data-av_iconfont='entypo-fontello' title='' data-avia-related-tooltip='Compartir por correo'><span class='avia_hidden_link_text'>Compartir por correo<\/span><\/a><\/li><\/ul><\/div><\/div>\n<div  style='height:50px' class='hr hr-invisible   avia-builder-el-8  el_after_av_social_share  el_before_av_comments_list '><span class='hr-inner ' ><span class='hr-inner-style'><\/span><\/span><\/div>\n<div  class='av-buildercomment  av-blog-meta-html-info-disabled av-blog-meta-tag-disabled  '><\/div>\n","protected":false},"excerpt":{"rendered":"","protected":false},"author":1,"featured_media":51360,"comment_status":"open","ping_status":"open","sticky":false,"template":"","format":"standard","meta":{"footnotes":""},"categories":[46],"tags":[],"class_list":["post-51359","post","type-post","status-publish","format-standard","has-post-thumbnail","hentry","category-salud"],"jetpack_featured_media_url":"https:\/\/radiorevelacionfm.cl\/wp-content\/uploads\/2025\/03\/cisnes2-1-1-1.jpg","_links":{"self":[{"href":"https:\/\/radiorevelacionfm.cl\/index.php?rest_route=\/wp\/v2\/posts\/51359","targetHints":{"allow":["GET"]}}],"collection":[{"href":"https:\/\/radiorevelacionfm.cl\/index.php?rest_route=\/wp\/v2\/posts"}],"about":[{"href":"https:\/\/radiorevelacionfm.cl\/index.php?rest_route=\/wp\/v2\/types\/post"}],"author":[{"embeddable":true,"href":"https:\/\/radiorevelacionfm.cl\/index.php?rest_route=\/wp\/v2\/users\/1"}],"replies":[{"embeddable":true,"href":"https:\/\/radiorevelacionfm.cl\/index.php?rest_route=%2Fwp%2Fv2%2Fcomments&post=51359"}],"version-history":[{"count":1,"href":"https:\/\/radiorevelacionfm.cl\/index.php?rest_route=\/wp\/v2\/posts\/51359\/revisions"}],"predecessor-version":[{"id":51361,"href":"https:\/\/radiorevelacionfm.cl\/index.php?rest_route=\/wp\/v2\/posts\/51359\/revisions\/51361"}],"wp:featuredmedia":[{"embeddable":true,"href":"https:\/\/radiorevelacionfm.cl\/index.php?rest_route=\/wp\/v2\/media\/51360"}],"wp:attachment":[{"href":"https:\/\/radiorevelacionfm.cl\/index.php?rest_route=%2Fwp%2Fv2%2Fmedia&parent=51359"}],"wp:term":[{"taxonomy":"category","embeddable":true,"href":"https:\/\/radiorevelacionfm.cl\/index.php?rest_route=%2Fwp%2Fv2%2Fcategories&post=51359"},{"taxonomy":"post_tag","embeddable":true,"href":"https:\/\/radiorevelacionfm.cl\/index.php?rest_route=%2Fwp%2Fv2%2Ftags&post=51359"}],"curies":[{"name":"wp","href":"https:\/\/api.w.org\/{rel}","templated":true}]}}