{"id":51356,"date":"2025-03-12T18:03:28","date_gmt":"2025-03-12T21:03:28","guid":{"rendered":"https:\/\/radiorevelacionfm.cl\/?p=51356"},"modified":"2025-03-12T18:03:28","modified_gmt":"2025-03-12T21:03:28","slug":"aysen-biolana-innovacion-sustentable-y-liderazgo-femenino-en-la-transformacion-de-la-lana","status":"publish","type":"post","link":"https:\/\/radiorevelacionfm.cl\/?p=51356","title":{"rendered":"AYS\u00c9N &#8211; Biolana: Innovaci\u00f3n sustentable y liderazgo femenino en la transformaci\u00f3n de la lana"},"content":{"rendered":"<div class=\"flex_column av_one_full  flex_column_div av-zero-column-padding first  avia-builder-el-0  el_before_av_one_full  avia-builder-el-first  \" style='border-radius:0px; '><div  class='avia-image-container  av-styling-    avia-builder-el-1  avia-builder-el-no-sibling  avia-align-center '  itemprop=\"image\" itemscope=\"itemscope\" itemtype=\"https:\/\/schema.org\/ImageObject\"  ><div class='avia-image-container-inner'><div class='avia-image-overlay-wrap'><img decoding=\"async\" class='wp-image-51357 avia-img-lazy-loading-not-51357 avia_image' src=\"https:\/\/radiorevelacionfm.cl\/wp-content\/uploads\/2025\/03\/01_biolana-1-1.jpg\" alt='' title='01_biolana (1) (1)' height=\"600\" width=\"1065\"  itemprop=\"thumbnailUrl\" srcset=\"https:\/\/radiorevelacionfm.cl\/wp-content\/uploads\/2025\/03\/01_biolana-1-1.jpg 1065w, https:\/\/radiorevelacionfm.cl\/wp-content\/uploads\/2025\/03\/01_biolana-1-1-300x169.jpg 300w, https:\/\/radiorevelacionfm.cl\/wp-content\/uploads\/2025\/03\/01_biolana-1-1-1030x580.jpg 1030w, https:\/\/radiorevelacionfm.cl\/wp-content\/uploads\/2025\/03\/01_biolana-1-1-768x433.jpg 768w, https:\/\/radiorevelacionfm.cl\/wp-content\/uploads\/2025\/03\/01_biolana-1-1-705x397.jpg 705w, https:\/\/radiorevelacionfm.cl\/wp-content\/uploads\/2025\/03\/01_biolana-1-1-450x254.jpg 450w, https:\/\/radiorevelacionfm.cl\/wp-content\/uploads\/2025\/03\/01_biolana-1-1-600x338.jpg 600w\" sizes=\"(max-width: 1065px) 100vw, 1065px\" \/><\/div><\/div><\/div><\/div><div class=\"flex_column av_one_full  flex_column_div av-zero-column-padding first  avia-builder-el-2  el_after_av_one_full  el_before_av_one_full  column-top-margin\" style='border-radius:0px; '><section class=\"av_textblock_section \"  itemscope=\"itemscope\" itemtype=\"https:\/\/schema.org\/BlogPosting\" itemprop=\"blogPost\" ><div class='avia_textblock  '   itemprop=\"text\" ><p style=\"text-align: center;\"><span style=\"font-size: 18pt;\"><b>AYS\u00c9N &#8211; Biolana: <\/b><b><span lang=\"es-419\">Innovaci\u00f3n sustentable y liderazgo femenino en la transformaci\u00f3n de la lana<\/span><\/b><\/span><\/p>\n<div id=\"gtx-trans\" style=\"position: absolute; left: -50px; top: 4.31534px;\">\n<div class=\"gtx-trans-icon\"><\/div>\n<\/div>\n<\/div><\/section><\/div><div class=\"flex_column av_one_full  flex_column_div av-zero-column-padding first  avia-builder-el-4  el_after_av_one_full  el_before_av_hr  column-top-margin\" style='border-radius:0px; '><section class=\"av_textblock_section \"  itemscope=\"itemscope\" itemtype=\"https:\/\/schema.org\/BlogPosting\" itemprop=\"blogPost\" ><div class='avia_textblock  '   itemprop=\"text\" ><p style=\"font-weight: 400; text-align: justify;\"><em>El proyecto Biolana, impulsado por Corfo, est\u00e1 revolucionando el uso de la lana ovina al convertirla en un fertilizante natural, abriendo nuevas oportunidades para productores locales y fortaleciendo el liderazgo femenino.<\/em><\/p>\n<p style=\"font-weight: 400; text-align: justify;\">En la Regi\u00f3n de Ays\u00e9n, la lana ovina, un recurso abundante pero subvalorado, est\u00e1 experimentando una transformaci\u00f3n radical gracias a Biolana. Apoyado por el programa Innova Regi\u00f3n de Corfo, este innovador proyecto busca dar un nuevo prop\u00f3sito a un material que, hasta ahora, era considerado un desecho, convirti\u00e9ndolo en fertilizantes naturales con propiedades beneficiosas para el suelo a largo plazo.<\/p>\n<p style=\"font-weight: 400; text-align: justify;\">M\u00e1s all\u00e1 de resolver desaf\u00edos hist\u00f3ricos como los bajos precios pagados por la lana textil y los altos costos de transporte fuera de la regi\u00f3n, Biolana aprovecha incluso la lana contaminada con materia org\u00e1nica y pasto, destacando su gran potencial como fertilizante. Esta iniciativa representa una soluci\u00f3n sostenible para los peque\u00f1os productores locales y fomenta el desarrollo de una econom\u00eda circular en la regi\u00f3n.<\/p>\n<p style=\"font-weight: 400; text-align: justify;\">\u00abBiolana es un claro ejemplo de c\u00f3mo la innovaci\u00f3n y la equidad de g\u00e9nero pueden transformar una industria\u00bb, destac\u00f3 el director de Corfo Ays\u00e9n, Humberto Mar\u00edn Leiva, resaltando el liderazgo de las tres mujeres que encabezan este proyecto. Desde la gesti\u00f3n hasta la operaci\u00f3n, su labor no solo moderniza el sector agr\u00edcola y ovino, sino que tambi\u00e9n abre nuevas oportunidades de empleo y liderazgo para otras mujeres de la regi\u00f3n. \u00abEste proyecto demuestra que el talento femenino puede ser un motor de cambio, generando soluciones sostenibles y agregando valor a los recursos locales\u00bb, agreg\u00f3. Con esta iniciativa, Ays\u00e9n no solo avanza hacia una econom\u00eda m\u00e1s circular y eficiente, sino que tambi\u00e9n fortalece el rol de las mujeres como protagonistas del desarrollo regional\u00bb.<\/p>\n<p style=\"font-weight: 400; text-align: justify;\"><strong>IMPACTO ECON\u00d3MICO Y AMBIENTAL<\/strong><\/p>\n<p style=\"font-weight: 400; text-align: justify;\">Para los productores ovinos de Ays\u00e9n, Biolana representa una alternativa real para diversificar y valorizar su producci\u00f3n. \u00abEste proyecto no solo nos permite aprovechar un material que antes era descartado, sino que tambi\u00e9n nos conecta con mercados en expansi\u00f3n, como el de los fertilizantes org\u00e1nicos\u00bb, indic\u00f3 Paulina Retamal, una de las socias de Friendywool.<\/p>\n<p style=\"font-weight: 400; text-align: justify;\">Explic\u00f3 adem\u00e1s que el principal objetivo es impulsar el uso de la lana en la agricultura, aprovechando su capacidad como retenedor de agua y fertilizante natural. Esta iniciativa tambi\u00e9n busca dinamizar el mercado regional de lana, que actualmente enfrenta un super\u00e1vit que ha impedido su comercializaci\u00f3n, lo que ha generado acumulaciones en bodegas durante a\u00f1os. \u00abEsta acumulaci\u00f3n, sin soluciones viables, ha llevado a los ganaderos a quemarla, provocando contaminaci\u00f3n y afectando el medioambiente\u00bb, agreg\u00f3.<\/p>\n<p style=\"font-weight: 400; text-align: justify;\">Por otro lado, la innovaci\u00f3n detr\u00e1s de Biolana contribuye a mejorar la calidad del suelo. \u00abLa incorporaci\u00f3n de pellets de lana en los suelos aumenta su porosidad y permite una descomposici\u00f3n progresiva del material, facilitando su integraci\u00f3n natural al ecosistema. Como empresa, creemos que es fundamental posicionar a Ays\u00e9n como un referente en innovaci\u00f3n sustentable a nivel nacional, promoviendo soluciones que agreguen valor a los recursos locales y reduzcan el impacto ambiental\u00bb, concluy\u00f3 Paulina.<\/p>\n<p style=\"font-weight: 400; text-align: justify;\">Biolana se proyecta como un caso ejemplar de c\u00f3mo la combinaci\u00f3n de tradici\u00f3n, innovaci\u00f3n y sostenibilidad puede generar un impacto real en la comunidad. No solo transforma la lana en un producto de alto valor agregado, sino que tambi\u00e9n refuerza el compromiso con la econom\u00eda circular y el desarrollo sustentable.<\/p>\n<\/div><\/section><\/div><div  style='height:50px' class='hr hr-invisible   avia-builder-el-6  el_after_av_one_full  el_before_av_social_share '><span class='hr-inner ' ><span class='hr-inner-style'><\/span><\/span><\/div><\/p>\n<div  class='av-social-sharing-box  avia-builder-el-7  el_after_av_hr  el_before_av_hr  '><div class='av-share-box'><h5 class='av-share-link-description av-no-toc '>Compartir esta noticia<\/h5><ul class='av-share-box-list noLightbox'><li class='av-share-link av-social-link-facebook' ><a target=\"_blank\" aria-label=\"Compartir en Facebook\" href='https:\/\/www.facebook.com\/sharer.php?u=https:\/\/radiorevelacionfm.cl\/?p=51356&#038;t=AYS%C3%89N%20%E2%80%93%20Biolana%3A%20Innovaci%C3%B3n%20sustentable%20y%20liderazgo%20femenino%20en%20la%20transformaci%C3%B3n%20de%20la%20lana' aria-hidden='false' data-av_icon='\ue8f3' data-av_iconfont='entypo-fontello' title='' data-avia-related-tooltip='Compartir en Facebook' rel=\"noopener\"><span class='avia_hidden_link_text'>Compartir en Facebook<\/span><\/a><\/li><li class='av-share-link av-social-link-twitter' ><a target=\"_blank\" aria-label=\"Compartir en Twitter\" href='https:\/\/twitter.com\/share?text=AYS%C3%89N%20%E2%80%93%20Biolana%3A%20Innovaci%C3%B3n%20sustentable%20y%20liderazgo%20femenino%20en%20la%20transformaci%C3%B3n%20de%20la%20lana&#038;url=https:\/\/radiorevelacionfm.cl\/?p=51356' aria-hidden='false' data-av_icon='\ue8f1' data-av_iconfont='entypo-fontello' title='' data-avia-related-tooltip='Compartir en Twitter' rel=\"noopener\"><span class='avia_hidden_link_text'>Compartir en Twitter<\/span><\/a><\/li><li class='av-share-link av-social-link-whatsapp' ><a target=\"_blank\" aria-label=\"Compartir en Whatsapp\" href='https:\/\/api.whatsapp.com\/send?text=https:\/\/radiorevelacionfm.cl\/?p=51356' aria-hidden='false' data-av_icon='\uf232' data-av_iconfont='entypo-fontello' title='' data-avia-related-tooltip='Compartir en Whatsapp' rel=\"noopener\"><span class='avia_hidden_link_text'>Compartir en Whatsapp<\/span><\/a><\/li><li class='av-share-link av-social-link-linkedin' ><a target=\"_blank\" aria-label=\"Compartir en LinkedIn\" href='https:\/\/linkedin.com\/shareArticle?mini=true&#038;title=AYS%C3%89N%20%E2%80%93%20Biolana%3A%20Innovaci%C3%B3n%20sustentable%20y%20liderazgo%20femenino%20en%20la%20transformaci%C3%B3n%20de%20la%20lana&#038;url=https:\/\/radiorevelacionfm.cl\/?p=51356' aria-hidden='false' data-av_icon='\ue8fc' data-av_iconfont='entypo-fontello' title='' data-avia-related-tooltip='Compartir en LinkedIn' rel=\"noopener\"><span class='avia_hidden_link_text'>Compartir en LinkedIn<\/span><\/a><\/li><li class='av-share-link av-social-link-mail' ><a  aria-label=\"Compartir por correo\" href='mailto:?subject=AYS%C3%89N%20%E2%80%93%20Biolana%3A%20Innovaci%C3%B3n%20sustentable%20y%20liderazgo%20femenino%20en%20la%20transformaci%C3%B3n%20de%20la%20lana&#038;body=https:\/\/radiorevelacionfm.cl\/?p=51356' aria-hidden='false' data-av_icon='\ue805' data-av_iconfont='entypo-fontello' title='' data-avia-related-tooltip='Compartir por correo'><span class='avia_hidden_link_text'>Compartir por correo<\/span><\/a><\/li><\/ul><\/div><\/div>\n<div  style='height:50px' class='hr hr-invisible   avia-builder-el-8  el_after_av_social_share  el_before_av_comments_list '><span class='hr-inner ' ><span class='hr-inner-style'><\/span><\/span><\/div>\n<div  class='av-buildercomment  av-blog-meta-html-info-disabled av-blog-meta-tag-disabled  '><\/div>\n","protected":false},"excerpt":{"rendered":"","protected":false},"author":1,"featured_media":51357,"comment_status":"open","ping_status":"open","sticky":false,"template":"","format":"standard","meta":{"footnotes":""},"categories":[38],"tags":[],"class_list":["post-51356","post","type-post","status-publish","format-standard","has-post-thumbnail","hentry","category-regional"],"jetpack_featured_media_url":"https:\/\/radiorevelacionfm.cl\/wp-content\/uploads\/2025\/03\/01_biolana-1-1.jpg","_links":{"self":[{"href":"https:\/\/radiorevelacionfm.cl\/index.php?rest_route=\/wp\/v2\/posts\/51356","targetHints":{"allow":["GET"]}}],"collection":[{"href":"https:\/\/radiorevelacionfm.cl\/index.php?rest_route=\/wp\/v2\/posts"}],"about":[{"href":"https:\/\/radiorevelacionfm.cl\/index.php?rest_route=\/wp\/v2\/types\/post"}],"author":[{"embeddable":true,"href":"https:\/\/radiorevelacionfm.cl\/index.php?rest_route=\/wp\/v2\/users\/1"}],"replies":[{"embeddable":true,"href":"https:\/\/radiorevelacionfm.cl\/index.php?rest_route=%2Fwp%2Fv2%2Fcomments&post=51356"}],"version-history":[{"count":2,"href":"https:\/\/radiorevelacionfm.cl\/index.php?rest_route=\/wp\/v2\/posts\/51356\/revisions"}],"predecessor-version":[{"id":51365,"href":"https:\/\/radiorevelacionfm.cl\/index.php?rest_route=\/wp\/v2\/posts\/51356\/revisions\/51365"}],"wp:featuredmedia":[{"embeddable":true,"href":"https:\/\/radiorevelacionfm.cl\/index.php?rest_route=\/wp\/v2\/media\/51357"}],"wp:attachment":[{"href":"https:\/\/radiorevelacionfm.cl\/index.php?rest_route=%2Fwp%2Fv2%2Fmedia&parent=51356"}],"wp:term":[{"taxonomy":"category","embeddable":true,"href":"https:\/\/radiorevelacionfm.cl\/index.php?rest_route=%2Fwp%2Fv2%2Fcategories&post=51356"},{"taxonomy":"post_tag","embeddable":true,"href":"https:\/\/radiorevelacionfm.cl\/index.php?rest_route=%2Fwp%2Fv2%2Ftags&post=51356"}],"curies":[{"name":"wp","href":"https:\/\/api.w.org\/{rel}","templated":true}]}}