{"id":51353,"date":"2025-03-12T21:37:04","date_gmt":"2025-03-13T00:37:04","guid":{"rendered":"https:\/\/radiorevelacionfm.cl\/?p=51353"},"modified":"2025-03-12T21:37:04","modified_gmt":"2025-03-13T00:37:04","slug":"meta-regional-del-plan-de-emergencia-habitacional-ya-alcanza-un-cumplimiento-del-928","status":"publish","type":"post","link":"https:\/\/radiorevelacionfm.cl\/?p=51353","title":{"rendered":"Meta regional del Plan de Emergencia Habitacional ya alcanza un cumplimiento del 92,8 %"},"content":{"rendered":"<div class=\"flex_column av_one_full  flex_column_div av-zero-column-padding first  avia-builder-el-0  el_before_av_one_full  avia-builder-el-first  \" style='border-radius:0px; '><div  class='avia-image-container  av-styling-    avia-builder-el-1  avia-builder-el-no-sibling  avia-align-center '  itemprop=\"image\" itemscope=\"itemscope\" itemtype=\"https:\/\/schema.org\/ImageObject\"  ><div class='avia-image-container-inner'><div class='avia-image-overlay-wrap'><img decoding=\"async\" class='wp-image-51354 avia-img-lazy-loading-not-51354 avia_image' src=\"https:\/\/radiorevelacionfm.cl\/wp-content\/uploads\/2025\/03\/96-viviendas-entregadas-en-Balmaceda-1-1.jpg\" alt='' title='96 viviendas entregadas en Balmaceda (1) (1)' height=\"600\" width=\"900\"  itemprop=\"thumbnailUrl\" srcset=\"https:\/\/radiorevelacionfm.cl\/wp-content\/uploads\/2025\/03\/96-viviendas-entregadas-en-Balmaceda-1-1.jpg 900w, https:\/\/radiorevelacionfm.cl\/wp-content\/uploads\/2025\/03\/96-viviendas-entregadas-en-Balmaceda-1-1-300x200.jpg 300w, https:\/\/radiorevelacionfm.cl\/wp-content\/uploads\/2025\/03\/96-viviendas-entregadas-en-Balmaceda-1-1-768x512.jpg 768w, https:\/\/radiorevelacionfm.cl\/wp-content\/uploads\/2025\/03\/96-viviendas-entregadas-en-Balmaceda-1-1-705x470.jpg 705w, https:\/\/radiorevelacionfm.cl\/wp-content\/uploads\/2025\/03\/96-viviendas-entregadas-en-Balmaceda-1-1-450x300.jpg 450w, https:\/\/radiorevelacionfm.cl\/wp-content\/uploads\/2025\/03\/96-viviendas-entregadas-en-Balmaceda-1-1-600x400.jpg 600w\" sizes=\"(max-width: 900px) 100vw, 900px\" \/><\/div><\/div><\/div><\/div><div class=\"flex_column av_one_full  flex_column_div av-zero-column-padding first  avia-builder-el-2  el_after_av_one_full  el_before_av_one_full  column-top-margin\" style='border-radius:0px; '><section class=\"av_textblock_section \"  itemscope=\"itemscope\" itemtype=\"https:\/\/schema.org\/BlogPosting\" itemprop=\"blogPost\" ><div class='avia_textblock  '   itemprop=\"text\" ><p style=\"text-align: center;\"><span style=\"font-size: 18pt;\"><strong>Meta regional del Plan de Emergencia Habitacional ya alcanza un cumplimiento del 92,8 % <\/strong><\/span><\/p>\n<div id=\"gtx-trans\" style=\"position: absolute; left: -50px; top: 4.31534px;\">\n<div class=\"gtx-trans-icon\"><\/div>\n<\/div>\n<\/div><\/section><\/div><div class=\"flex_column av_one_full  flex_column_div av-zero-column-padding first  avia-builder-el-4  el_after_av_one_full  el_before_av_hr  column-top-margin\" style='border-radius:0px; '><section class=\"av_textblock_section \"  itemscope=\"itemscope\" itemtype=\"https:\/\/schema.org\/BlogPosting\" itemprop=\"blogPost\" ><div class='avia_textblock  '   itemprop=\"text\" ><p style=\"text-align: justify;\">La Seremi de Vivienda y Urbanismo de la regi\u00f3n de Ays\u00e9n, Paulina Ruz Delf\u00edn, confirm\u00f3 esta semana que, tras cumplirse tres a\u00f1os del lanzamiento del Plan de Emergencia habitacional del Gobierno, nuestra regi\u00f3n alcanza un 92,8 por ciento en el cumplimiento de su meta, la que consiste en entregar al menos mil 293 soluciones habitacionales durante los cuatro a\u00f1os de Gobierno del Presidente Gabriel B\u00f3ric.<\/p>\n<p style=\"text-align: justify;\">Precis\u00f3 la autoridad regional que este porcentaje de avance regional est\u00e1 considerado en base a los datos del mes de febrero, donde no s\u00f3lo se contabilizan las mil 201 soluciones entregadas hasta ahora, sino que adem\u00e1s indica que hay 719 viviendas en ejecuci\u00f3n y otras 785 que est\u00e1n por iniciar, lo que refleja un alto nivel de inversi\u00f3n que considera proyectos individuales y colectivos en todas las comunas de nuestra regi\u00f3n.<\/p>\n<p style=\"text-align: justify;\">\u201cLas cifras actualizadas al mes de febrero de este a\u00f1o nos permiten apreciar que ya estamos muy cerca de cumplir nuestra meta regional en el Plan de Emergencia Habitacional, meta que esperamos superar dejando adem\u00e1s una serie de proyectos en ejecuci\u00f3n y otros tantos avanzados y en proceso para iniciar obras en el corto y mediano plazo. Este es un compromiso del Presidente Boric que vamos a cumplir, no por los n\u00fameros o los porcentajes, sino porque son soluciones habitacionales concretas que cambian la vida a miles de familias y en todas las comunas de nuestra regi\u00f3n\u201d, acot\u00f3.<\/p>\n<p style=\"text-align: justify;\">Agreg\u00f3 la Seremi Paulina Ruz que para alcanzar esta meta se han incorporado algunas innovaciones que han tenido buenos resultados en la regi\u00f3n, como el uso de la vivienda industrializada en Puerto Ays\u00e9n o los peque\u00f1os condominios y los proyectos de integraci\u00f3n social y territorial en Coyhaique. A ello se suma un incremento significativo en los proyectos del Programa de Habitabilidad Rural, m\u00e1s el inicio de proyectos emblem\u00e1ticos, como el de la Chacra G de Coyhaique, que es el mayor proyecto habitacional en la historia de la regi\u00f3n y donde, solo en una primera etapa, se contempla la construcci\u00f3n de m\u00e1s de mil 200 viviendas en diferentes modalidades.<\/p>\n<p style=\"text-align: justify;\">\u201cEn base a estos 3 a\u00f1os de trabajo tenemos que destacar no solo la cantidad de viviendas entregadas, sino sobre todo la calidad inmensamente superior respecto a d\u00e9cadas anteriores, ya sea en cuanto a metros cuadrados, sistemas constructivos y acondicionamiento t\u00e9rmico, por nombrar solo algunos puntos de gran relevancia para nuestras familias de la regi\u00f3n. Tambi\u00e9n destacar que pensando en el presente y en el futuro hemos impulsado con fuerza una pol\u00edtica de gesti\u00f3n de suelos que ha permitido avanzar con proyectos que estaban estancados por a\u00f1os y dar mayor celeridad a las soluciones para otros grupos que se han ido organizando recientemente de acuerdo a la demanda local y regional \u201c, manifest\u00f3.<\/p>\n<p style=\"text-align: justify;\">La Seremi de Vivienda record\u00f3 que en las mil 201 viviendas entregadas en este periodo se ha puesto especial \u00e9nfasis en la articulaci\u00f3n con el barrio y la ciudad, ya que es un Gobierno que no solo construye casas, sino tambi\u00e9n ciudades m\u00e1s justas, con barrios localizados en espacios bien conectados, con acceso a servicios y equipamiento, buscando as\u00ed consolidar comunidades integradas y organizadas.<\/p>\n<p style=\"text-align: justify;\">Finalmente, Paulina Ruz enfatiz\u00f3 en que estos avances han sido posibles en base a la participaci\u00f3n ciudadana y gracias a la colaboraci\u00f3n de diferentes actores, como las autoridades nacionales regionales y locales, las empresas, y por supuesto los dirigentes, las familias y los funcionarios del Minvu que se han comprometido con un trabajo serio y responsable para atender de la mejor manera posible las necesidades y requerimientos de nuestra comunidad regional.<\/p>\n<\/div><\/section><\/div><div  style='height:50px' class='hr hr-invisible   avia-builder-el-6  el_after_av_one_full  el_before_av_social_share '><span class='hr-inner ' ><span class='hr-inner-style'><\/span><\/span><\/div><\/p>\n<div  class='av-social-sharing-box  avia-builder-el-7  el_after_av_hr  el_before_av_hr  '><div class='av-share-box'><h5 class='av-share-link-description av-no-toc '>Compartir esta noticia<\/h5><ul class='av-share-box-list noLightbox'><li class='av-share-link av-social-link-facebook' ><a target=\"_blank\" aria-label=\"Compartir en Facebook\" href='https:\/\/www.facebook.com\/sharer.php?u=https:\/\/radiorevelacionfm.cl\/?p=51353&#038;t=Meta%20regional%20del%20Plan%20de%20Emergencia%20Habitacional%20ya%20alcanza%20un%20cumplimiento%20del%2092%2C8%20%25' aria-hidden='false' data-av_icon='\ue8f3' data-av_iconfont='entypo-fontello' title='' data-avia-related-tooltip='Compartir en Facebook' rel=\"noopener\"><span class='avia_hidden_link_text'>Compartir en Facebook<\/span><\/a><\/li><li class='av-share-link av-social-link-twitter' ><a target=\"_blank\" aria-label=\"Compartir en Twitter\" href='https:\/\/twitter.com\/share?text=Meta%20regional%20del%20Plan%20de%20Emergencia%20Habitacional%20ya%20alcanza%20un%20cumplimiento%20del%2092%2C8%20%25&#038;url=https:\/\/radiorevelacionfm.cl\/?p=51353' aria-hidden='false' data-av_icon='\ue8f1' data-av_iconfont='entypo-fontello' title='' data-avia-related-tooltip='Compartir en Twitter' rel=\"noopener\"><span class='avia_hidden_link_text'>Compartir en Twitter<\/span><\/a><\/li><li class='av-share-link av-social-link-whatsapp' ><a target=\"_blank\" aria-label=\"Compartir en Whatsapp\" href='https:\/\/api.whatsapp.com\/send?text=https:\/\/radiorevelacionfm.cl\/?p=51353' aria-hidden='false' data-av_icon='\uf232' data-av_iconfont='entypo-fontello' title='' data-avia-related-tooltip='Compartir en Whatsapp' rel=\"noopener\"><span class='avia_hidden_link_text'>Compartir en Whatsapp<\/span><\/a><\/li><li class='av-share-link av-social-link-linkedin' ><a target=\"_blank\" aria-label=\"Compartir en LinkedIn\" href='https:\/\/linkedin.com\/shareArticle?mini=true&#038;title=Meta%20regional%20del%20Plan%20de%20Emergencia%20Habitacional%20ya%20alcanza%20un%20cumplimiento%20del%2092%2C8%20%25&#038;url=https:\/\/radiorevelacionfm.cl\/?p=51353' aria-hidden='false' data-av_icon='\ue8fc' data-av_iconfont='entypo-fontello' title='' data-avia-related-tooltip='Compartir en LinkedIn' rel=\"noopener\"><span class='avia_hidden_link_text'>Compartir en LinkedIn<\/span><\/a><\/li><li class='av-share-link av-social-link-mail' ><a  aria-label=\"Compartir por correo\" href='mailto:?subject=Meta%20regional%20del%20Plan%20de%20Emergencia%20Habitacional%20ya%20alcanza%20un%20cumplimiento%20del%2092%2C8%20%25&#038;body=https:\/\/radiorevelacionfm.cl\/?p=51353' aria-hidden='false' data-av_icon='\ue805' data-av_iconfont='entypo-fontello' title='' data-avia-related-tooltip='Compartir por correo'><span class='avia_hidden_link_text'>Compartir por correo<\/span><\/a><\/li><\/ul><\/div><\/div>\n<div  style='height:50px' class='hr hr-invisible   avia-builder-el-8  el_after_av_social_share  el_before_av_comments_list '><span class='hr-inner ' ><span class='hr-inner-style'><\/span><\/span><\/div>\n<div  class='av-buildercomment  av-blog-meta-html-info-disabled av-blog-meta-tag-disabled  '><\/div>\n","protected":false},"excerpt":{"rendered":"","protected":false},"author":1,"featured_media":51354,"comment_status":"open","ping_status":"open","sticky":false,"template":"","format":"standard","meta":{"footnotes":""},"categories":[57],"tags":[],"class_list":["post-51353","post","type-post","status-publish","format-standard","has-post-thumbnail","hentry","category-vivienda"],"jetpack_featured_media_url":"https:\/\/radiorevelacionfm.cl\/wp-content\/uploads\/2025\/03\/96-viviendas-entregadas-en-Balmaceda-1-1.jpg","_links":{"self":[{"href":"https:\/\/radiorevelacionfm.cl\/index.php?rest_route=\/wp\/v2\/posts\/51353","targetHints":{"allow":["GET"]}}],"collection":[{"href":"https:\/\/radiorevelacionfm.cl\/index.php?rest_route=\/wp\/v2\/posts"}],"about":[{"href":"https:\/\/radiorevelacionfm.cl\/index.php?rest_route=\/wp\/v2\/types\/post"}],"author":[{"embeddable":true,"href":"https:\/\/radiorevelacionfm.cl\/index.php?rest_route=\/wp\/v2\/users\/1"}],"replies":[{"embeddable":true,"href":"https:\/\/radiorevelacionfm.cl\/index.php?rest_route=%2Fwp%2Fv2%2Fcomments&post=51353"}],"version-history":[{"count":1,"href":"https:\/\/radiorevelacionfm.cl\/index.php?rest_route=\/wp\/v2\/posts\/51353\/revisions"}],"predecessor-version":[{"id":51355,"href":"https:\/\/radiorevelacionfm.cl\/index.php?rest_route=\/wp\/v2\/posts\/51353\/revisions\/51355"}],"wp:featuredmedia":[{"embeddable":true,"href":"https:\/\/radiorevelacionfm.cl\/index.php?rest_route=\/wp\/v2\/media\/51354"}],"wp:attachment":[{"href":"https:\/\/radiorevelacionfm.cl\/index.php?rest_route=%2Fwp%2Fv2%2Fmedia&parent=51353"}],"wp:term":[{"taxonomy":"category","embeddable":true,"href":"https:\/\/radiorevelacionfm.cl\/index.php?rest_route=%2Fwp%2Fv2%2Fcategories&post=51353"},{"taxonomy":"post_tag","embeddable":true,"href":"https:\/\/radiorevelacionfm.cl\/index.php?rest_route=%2Fwp%2Fv2%2Ftags&post=51353"}],"curies":[{"name":"wp","href":"https:\/\/api.w.org\/{rel}","templated":true}]}}