{"id":51348,"date":"2025-03-12T15:32:21","date_gmt":"2025-03-12T18:32:21","guid":{"rendered":"https:\/\/radiorevelacionfm.cl\/?p=51348"},"modified":"2025-03-12T15:32:21","modified_gmt":"2025-03-12T18:32:21","slug":"corte-rechaza-recurso-de-nulidad-y-confirma-condena-por-trafico-de-drogas-perpetrado-en-cisnes","status":"publish","type":"post","link":"https:\/\/radiorevelacionfm.cl\/?p=51348","title":{"rendered":"Corte rechaza recurso de nulidad y confirma condena por tr\u00e1fico de drogas perpetrado en Cisnes"},"content":{"rendered":"<div class=\"flex_column av_one_full  flex_column_div av-zero-column-padding first  avia-builder-el-0  el_before_av_one_full  avia-builder-el-first  \" style='border-radius:0px; '><div  class='avia-image-container  av-styling-    avia-builder-el-1  avia-builder-el-no-sibling  avia-align-center '  itemprop=\"image\" itemscope=\"itemscope\" itemtype=\"https:\/\/schema.org\/ImageObject\"  ><div class='avia-image-container-inner'><div class='avia-image-overlay-wrap'><img decoding=\"async\" class='wp-image-40360 avia-img-lazy-loading-not-40360 avia_image' src=\"https:\/\/radiorevelacionfm.cl\/wp-content\/uploads\/2024\/03\/foto-01-corte-coyhaique-1_optimized-1.jpg\" alt='' title='foto-01-corte-coyhaique-(1)_optimized (1)' height=\"600\" width=\"934\"  itemprop=\"thumbnailUrl\" srcset=\"https:\/\/radiorevelacionfm.cl\/wp-content\/uploads\/2024\/03\/foto-01-corte-coyhaique-1_optimized-1.jpg 934w, https:\/\/radiorevelacionfm.cl\/wp-content\/uploads\/2024\/03\/foto-01-corte-coyhaique-1_optimized-1-300x193.jpg 300w, https:\/\/radiorevelacionfm.cl\/wp-content\/uploads\/2024\/03\/foto-01-corte-coyhaique-1_optimized-1-768x493.jpg 768w, https:\/\/radiorevelacionfm.cl\/wp-content\/uploads\/2024\/03\/foto-01-corte-coyhaique-1_optimized-1-705x453.jpg 705w, https:\/\/radiorevelacionfm.cl\/wp-content\/uploads\/2024\/03\/foto-01-corte-coyhaique-1_optimized-1-450x289.jpg 450w, https:\/\/radiorevelacionfm.cl\/wp-content\/uploads\/2024\/03\/foto-01-corte-coyhaique-1_optimized-1-600x385.jpg 600w\" sizes=\"(max-width: 934px) 100vw, 934px\" \/><\/div><\/div><\/div><\/div><div class=\"flex_column av_one_full  flex_column_div av-zero-column-padding first  avia-builder-el-2  el_after_av_one_full  el_before_av_one_full  column-top-margin\" style='border-radius:0px; '><section class=\"av_textblock_section \"  itemscope=\"itemscope\" itemtype=\"https:\/\/schema.org\/BlogPosting\" itemprop=\"blogPost\" ><div class='avia_textblock  '   itemprop=\"text\" ><p style=\"text-align: center;\"><strong><span style=\"font-size: 18pt;\">Corte rechaza recurso de nulidad y confirma condena por tr\u00e1fico de drogas perpetrado en Cisnes<\/span><\/strong><\/p>\n<div id=\"gtx-trans\" style=\"position: absolute; left: -50px; top: 4.31534px;\">\n<div class=\"gtx-trans-icon\"><\/div>\n<\/div>\n<\/div><\/section><\/div><div class=\"flex_column av_one_full  flex_column_div av-zero-column-padding first  avia-builder-el-4  el_after_av_one_full  el_before_av_hr  column-top-margin\" style='border-radius:0px; '><section class=\"av_textblock_section \"  itemscope=\"itemscope\" itemtype=\"https:\/\/schema.org\/BlogPosting\" itemprop=\"blogPost\" ><div class='avia_textblock  '   itemprop=\"text\" ><p class=\"v1MsoNormal\" style=\"text-align: justify;\">La Corte de Apelaciones de Coyhaique rechaz\u00f3 el recurso de nulidad interpuesto en contra de la sentencia que conden\u00f3 a Wanderlei Hern\u00e1ndez Cuero a la pena de 8 a\u00f1os de presidio efectivo, en calidad de autor del delito de tr\u00e1fico de drogas. Il\u00edcito perpetrado en mayo del a\u00f1o pasado, en la comuna de Cisnes.<\/p>\n<p class=\"v1MsoNormal\" style=\"text-align: justify;\">En fallo un\u00e1nime (causa rol 26-2025), la Primera Sala del tribunal de alzada \u2013integrada por los ministros Pedro Castro Espinoza, Luis Aedo Mora, Jos\u00e9 Ignacio Mora Trujillo y Natalia Rencoret Oliva\u2013 descart\u00f3 error de derecho en la sentencia impugnada, dictada por el\u00a0Tribunal de Juicio Oral en lo Penal de Coyhaique.<\/p>\n<p class=\"v1MsoNormal\" style=\"text-align: justify;\">\u00abDe la lectura \u00edntegra, completa y con un simple ejercicio mental de correlaci\u00f3n de los considerandos en los que se expuso la prueba rendida, en donde se practic\u00f3 un razonamiento de ella para dar sustento a las proposiciones f\u00e1cticas que determinaron la condena, debido a la convicci\u00f3n adquirida por los sentenciadores, se puede inferir que la sentencia recurrida se encuentra, en demas\u00eda, adecuada y legalmente explicitada, lo que obligar\u00e1 a este Ilustr\u00edsimo Tribunal a rechazar el presente recurso de nulidad y as\u00ed se declarar\u00e1\u00bb, consigna el fallo.<\/p>\n<p class=\"v1MsoNormal\" style=\"text-align: justify;\">La resoluci\u00f3n agrega: \u00abQue, con lo razonado precedentemente, entonces, debe concluirse que la sala \u00fanica del Tribunal de Juicio Oral en lo Penal de Coyhaique, en lo impugnado del fallo, ha aplicado, tambi\u00e9n, correctamente el derecho y con absoluto respeto al contenido de la sentencia, seg\u00fan lo dispuesto en el art\u00edculo 342, letra c), en relaci\u00f3n al art\u00edculo 297, ambos del C\u00f3digo Procesal Penal, por consiguiente, el presente recurso que pretende su anulaci\u00f3n no puede prosperar\u00bb.<\/p>\n<p class=\"v1MsoNormal\" style=\"text-align: justify;\">Por tanto, se resuelve que:\u00a0\u00a0\u00ab<b>SE RECHAZA<\/b> el recurso de nulidad deducido por la Defensor\u00eda Penal P\u00fablica, en contra de la sentencia dictada con fecha 3 de enero del a\u00f1o 2025, en cuanto se conden\u00f3 al acusado Wanderlei Hern\u00e1ndez Cuero, a las penas principales y accesorias correspondientes, por su responsabilidad en calidad de autor del delito de tr\u00e1fico il\u00edcito de drogas, del art\u00edculo 3, en relaci\u00f3n al art\u00edculo 1, de la Ley 20.000, perpetrado el d\u00eda 30 de mayo del a\u00f1o 2024, en grado de consumado, en la comuna de Cisnes, pronunciada por los jueces de la sala \u00fanica del Tribunal de Juicio Oral en lo Penal de Coyhaique, la que, en consecuencia,\u00a0<b>no es nula<\/b>, como tampoco el Juicio Oral en el que se dict\u00f3\u00bb.<\/p>\n<\/div><\/section><\/div><div  style='height:50px' class='hr hr-invisible   avia-builder-el-6  el_after_av_one_full  el_before_av_social_share '><span class='hr-inner ' ><span class='hr-inner-style'><\/span><\/span><\/div><\/p>\n<div  class='av-social-sharing-box  avia-builder-el-7  el_after_av_hr  el_before_av_hr  '><div class='av-share-box'><h5 class='av-share-link-description av-no-toc '>Compartir esta noticia<\/h5><ul class='av-share-box-list noLightbox'><li class='av-share-link av-social-link-facebook' ><a target=\"_blank\" aria-label=\"Compartir en Facebook\" href='https:\/\/www.facebook.com\/sharer.php?u=https:\/\/radiorevelacionfm.cl\/?p=51348&#038;t=Corte%20rechaza%20recurso%20de%20nulidad%20y%20confirma%20condena%20por%20tr%C3%A1fico%20de%20drogas%20perpetrado%20en%20Cisnes' aria-hidden='false' data-av_icon='\ue8f3' data-av_iconfont='entypo-fontello' title='' data-avia-related-tooltip='Compartir en Facebook' rel=\"noopener\"><span class='avia_hidden_link_text'>Compartir en Facebook<\/span><\/a><\/li><li class='av-share-link av-social-link-twitter' ><a target=\"_blank\" aria-label=\"Compartir en Twitter\" href='https:\/\/twitter.com\/share?text=Corte%20rechaza%20recurso%20de%20nulidad%20y%20confirma%20condena%20por%20tr%C3%A1fico%20de%20drogas%20perpetrado%20en%20Cisnes&#038;url=https:\/\/radiorevelacionfm.cl\/?p=51348' aria-hidden='false' data-av_icon='\ue8f1' data-av_iconfont='entypo-fontello' title='' data-avia-related-tooltip='Compartir en Twitter' rel=\"noopener\"><span class='avia_hidden_link_text'>Compartir en Twitter<\/span><\/a><\/li><li class='av-share-link av-social-link-whatsapp' ><a target=\"_blank\" aria-label=\"Compartir en Whatsapp\" href='https:\/\/api.whatsapp.com\/send?text=https:\/\/radiorevelacionfm.cl\/?p=51348' aria-hidden='false' data-av_icon='\uf232' data-av_iconfont='entypo-fontello' title='' data-avia-related-tooltip='Compartir en Whatsapp' rel=\"noopener\"><span class='avia_hidden_link_text'>Compartir en Whatsapp<\/span><\/a><\/li><li class='av-share-link av-social-link-linkedin' ><a target=\"_blank\" aria-label=\"Compartir en LinkedIn\" href='https:\/\/linkedin.com\/shareArticle?mini=true&#038;title=Corte%20rechaza%20recurso%20de%20nulidad%20y%20confirma%20condena%20por%20tr%C3%A1fico%20de%20drogas%20perpetrado%20en%20Cisnes&#038;url=https:\/\/radiorevelacionfm.cl\/?p=51348' aria-hidden='false' data-av_icon='\ue8fc' data-av_iconfont='entypo-fontello' title='' data-avia-related-tooltip='Compartir en LinkedIn' rel=\"noopener\"><span class='avia_hidden_link_text'>Compartir en LinkedIn<\/span><\/a><\/li><li class='av-share-link av-social-link-mail' ><a  aria-label=\"Compartir por correo\" href='mailto:?subject=Corte%20rechaza%20recurso%20de%20nulidad%20y%20confirma%20condena%20por%20tr%C3%A1fico%20de%20drogas%20perpetrado%20en%20Cisnes&#038;body=https:\/\/radiorevelacionfm.cl\/?p=51348' aria-hidden='false' data-av_icon='\ue805' data-av_iconfont='entypo-fontello' title='' data-avia-related-tooltip='Compartir por correo'><span class='avia_hidden_link_text'>Compartir por correo<\/span><\/a><\/li><\/ul><\/div><\/div>\n<div  style='height:50px' class='hr hr-invisible   avia-builder-el-8  el_after_av_social_share  el_before_av_comments_list '><span class='hr-inner ' ><span class='hr-inner-style'><\/span><\/span><\/div>\n<div  class='av-buildercomment  av-blog-meta-html-info-disabled av-blog-meta-tag-disabled  '><\/div>\n","protected":false},"excerpt":{"rendered":"","protected":false},"author":1,"featured_media":40360,"comment_status":"open","ping_status":"open","sticky":false,"template":"","format":"standard","meta":{"footnotes":""},"categories":[55],"tags":[],"class_list":["post-51348","post","type-post","status-publish","format-standard","has-post-thumbnail","hentry","category-justicia"],"jetpack_featured_media_url":"https:\/\/radiorevelacionfm.cl\/wp-content\/uploads\/2024\/03\/foto-01-corte-coyhaique-1_optimized-1.jpg","_links":{"self":[{"href":"https:\/\/radiorevelacionfm.cl\/index.php?rest_route=\/wp\/v2\/posts\/51348","targetHints":{"allow":["GET"]}}],"collection":[{"href":"https:\/\/radiorevelacionfm.cl\/index.php?rest_route=\/wp\/v2\/posts"}],"about":[{"href":"https:\/\/radiorevelacionfm.cl\/index.php?rest_route=\/wp\/v2\/types\/post"}],"author":[{"embeddable":true,"href":"https:\/\/radiorevelacionfm.cl\/index.php?rest_route=\/wp\/v2\/users\/1"}],"replies":[{"embeddable":true,"href":"https:\/\/radiorevelacionfm.cl\/index.php?rest_route=%2Fwp%2Fv2%2Fcomments&post=51348"}],"version-history":[{"count":1,"href":"https:\/\/radiorevelacionfm.cl\/index.php?rest_route=\/wp\/v2\/posts\/51348\/revisions"}],"predecessor-version":[{"id":51349,"href":"https:\/\/radiorevelacionfm.cl\/index.php?rest_route=\/wp\/v2\/posts\/51348\/revisions\/51349"}],"wp:featuredmedia":[{"embeddable":true,"href":"https:\/\/radiorevelacionfm.cl\/index.php?rest_route=\/wp\/v2\/media\/40360"}],"wp:attachment":[{"href":"https:\/\/radiorevelacionfm.cl\/index.php?rest_route=%2Fwp%2Fv2%2Fmedia&parent=51348"}],"wp:term":[{"taxonomy":"category","embeddable":true,"href":"https:\/\/radiorevelacionfm.cl\/index.php?rest_route=%2Fwp%2Fv2%2Fcategories&post=51348"},{"taxonomy":"post_tag","embeddable":true,"href":"https:\/\/radiorevelacionfm.cl\/index.php?rest_route=%2Fwp%2Fv2%2Ftags&post=51348"}],"curies":[{"name":"wp","href":"https:\/\/api.w.org\/{rel}","templated":true}]}}