{"id":51345,"date":"2025-03-12T15:10:18","date_gmt":"2025-03-12T18:10:18","guid":{"rendered":"https:\/\/radiorevelacionfm.cl\/?p=51345"},"modified":"2025-03-12T15:10:18","modified_gmt":"2025-03-12T18:10:18","slug":"por-la-conservacion-y-la-memoria-biocultural-lanzan-campana-para-inaugurar-el-primer-jardin-etnobotanico-de-la-region-de-aysen","status":"publish","type":"post","link":"https:\/\/radiorevelacionfm.cl\/?p=51345","title":{"rendered":"Por la conservaci\u00f3n y la memoria biocultural: lanzan campa\u00f1a para inaugurar el primer Jard\u00edn Etnobot\u00e1nico de la Regi\u00f3n de Ays\u00e9n"},"content":{"rendered":"<div class=\"flex_column av_one_full  flex_column_div av-zero-column-padding first  avia-builder-el-0  el_before_av_one_full  avia-builder-el-first  \" style='border-radius:0px; '><div  class='avia-image-container  av-styling-    avia-builder-el-1  avia-builder-el-no-sibling  avia-align-center '  itemprop=\"image\" itemscope=\"itemscope\" itemtype=\"https:\/\/schema.org\/ImageObject\"  ><div class='avia-image-container-inner'><div class='avia-image-overlay-wrap'><img decoding=\"async\" class='wp-image-51346 avia-img-lazy-loading-not-51346 avia_image' src=\"https:\/\/radiorevelacionfm.cl\/wp-content\/uploads\/2025\/03\/dsc_0080-2-1-1_optimized-1.jpg\" alt='' title='dsc_0080-(2)-(1)-(1)_optimized (1)' height=\"600\" width=\"900\"  itemprop=\"thumbnailUrl\" srcset=\"https:\/\/radiorevelacionfm.cl\/wp-content\/uploads\/2025\/03\/dsc_0080-2-1-1_optimized-1.jpg 900w, https:\/\/radiorevelacionfm.cl\/wp-content\/uploads\/2025\/03\/dsc_0080-2-1-1_optimized-1-300x200.jpg 300w, https:\/\/radiorevelacionfm.cl\/wp-content\/uploads\/2025\/03\/dsc_0080-2-1-1_optimized-1-768x512.jpg 768w, https:\/\/radiorevelacionfm.cl\/wp-content\/uploads\/2025\/03\/dsc_0080-2-1-1_optimized-1-705x470.jpg 705w, https:\/\/radiorevelacionfm.cl\/wp-content\/uploads\/2025\/03\/dsc_0080-2-1-1_optimized-1-450x300.jpg 450w, https:\/\/radiorevelacionfm.cl\/wp-content\/uploads\/2025\/03\/dsc_0080-2-1-1_optimized-1-600x400.jpg 600w\" sizes=\"(max-width: 900px) 100vw, 900px\" \/><\/div><\/div><\/div><\/div><div class=\"flex_column av_one_full  flex_column_div av-zero-column-padding first  avia-builder-el-2  el_after_av_one_full  el_before_av_one_full  column-top-margin\" style='border-radius:0px; '><section class=\"av_textblock_section \"  itemscope=\"itemscope\" itemtype=\"https:\/\/schema.org\/BlogPosting\" itemprop=\"blogPost\" ><div class='avia_textblock  '   itemprop=\"text\" ><p style=\"text-align: center;\"><strong><span style=\"font-size: 18pt;\">Por la conservaci\u00f3n y la memoria biocultural: lanzan campa\u00f1a para inaugurar el primer Jard\u00edn Etnobot\u00e1nico de la Regi\u00f3n de Ays\u00e9n<\/span><\/strong><\/p>\n<div id=\"gtx-trans\" style=\"position: absolute; left: -50px; top: 4.31534px;\">\n<div class=\"gtx-trans-icon\"><\/div>\n<\/div>\n<\/div><\/section><\/div><div class=\"flex_column av_one_full  flex_column_div av-zero-column-padding first  avia-builder-el-4  el_after_av_one_full  el_before_av_hr  column-top-margin\" style='border-radius:0px; '><section class=\"av_textblock_section \"  itemscope=\"itemscope\" itemtype=\"https:\/\/schema.org\/BlogPosting\" itemprop=\"blogPost\" ><div class='avia_textblock  '   itemprop=\"text\" ><p style=\"text-align: justify;\"><em>Un espacio vivo donde la biodiversidad y el conocimiento ancestral se encuentran. As\u00ed es el <strong>Jard\u00edn Etnobot\u00e1nico de Cochrane<\/strong>, un proyecto in\u00e9dito en la Patagonia que busca conectar a la comunidad de la provincia de Capit\u00e1n Prat con el fr\u00e1gil y valioso patrimonio natural de la <strong>Estepa Patag\u00f3nica<\/strong>. Para hacer posible su inauguraci\u00f3n y funcionamiento, la <strong>Fundaci\u00f3n Naturaleza P\u00fablica<\/strong> ha lanzado una campa\u00f1a de recaudaci\u00f3n de fondos p\u00fablica.<\/em><\/p>\n<p style=\"text-align: justify;\"><strong>Un proyecto comunitario que une naturaleza, salud y cultura<\/strong><\/p>\n<p style=\"text-align: justify;\">Este <strong>primer Jard\u00edn Etnobot\u00e1nico de la Regi\u00f3n de Ays\u00e9n<\/strong> nace con la misi\u00f3n de visibilizar la <strong>interconexi\u00f3n entre la naturaleza y la salud humana<\/strong>. A trav\u00e9s de la combinaci\u00f3n de <strong>arte, medicina, conocimientos ancestrales, ciencia y bot\u00e1nica<\/strong>, el espacio incluir\u00e1 la primera muestra museogr\u00e1fica de plantas medicinales y etnobot\u00e1nicas de la Patagonia, desarrollada mediante procesos comunitarios de <strong>curadur\u00eda, exploraci\u00f3n y creaci\u00f3n colectiva.<\/strong><\/p>\n<p style=\"text-align: justify;\">El coraz\u00f3n del proyecto radica en la <strong>conservaci\u00f3n de semillas nativas<\/strong>, fundamentales para preservar la biodiversidad y la memoria ecol\u00f3gica de la regi\u00f3n. Estas semillas no solo representan un recurso gen\u00e9tico invaluable, sino que tambi\u00e9n portan en ellas <strong>memorias ancestrales, esperanza y regeneraci\u00f3n<\/strong>, elementos esenciales para enfrentar los desaf\u00edos socioambientales actuales.<\/p>\n<p style=\"text-align: justify;\">Diversas organizaciones locales forman parte de esta iniciativa, entre ellas el <strong>Comit\u00e9 Ambiental de Cochrane, Descubriendo, la Uni\u00f3n Comunal de Clubes de Adulto Mayor y agrupaciones ind\u00edgenas como Manque y Newenche<\/strong>. Tambi\u00e9n colaboran entidades p\u00fablicas como el <strong>Hospital de Cochrane, CONAF y SAG<\/strong>, junto con prestigiosas instituciones internacionales como <strong>Round River Conservation Studies<\/strong>.<\/p>\n<p style=\"text-align: justify;\"><strong>Un ecosistema en riesgo y una oportunidad de cambio<\/strong><\/p>\n<p style=\"text-align: justify;\">La <strong>Regi\u00f3n de Ays\u00e9n<\/strong> enfrenta un modelo hist\u00f3rico de subsistencia en constante oposici\u00f3n con la naturaleza, la cual suele percibirse como un desaf\u00edo para las actividades productivas, como la ganader\u00eda y la agricultura. En este contexto, la <strong>Estepa Patag\u00f3nica<\/strong>, un ecosistema fr\u00e1gil y desconocido, que representa menos del <strong>2% de superficie en las \u00e1reas protegidas<\/strong> de nuestro pa\u00eds, se encuentra en grave peligro debido a la expansi\u00f3n urbana y productiva, motivadas en parte por la falta de conocimientos y apreciaci\u00f3n de la flora local.<\/p>\n<p style=\"text-align: justify;\">La <strong>Estepa Patag\u00f3nica<\/strong> alberga especies nativas \u00fanicas y ecosistemas cruciales, los cuales cumplen un papel clave en la <strong>captura de carbono<\/strong>. Sin embargo, incendios, sobreexplotaci\u00f3n ganadera y el desconocimiento sobre su importancia han acelerado su degradaci\u00f3n. Esta desconexi\u00f3n ha limitado las iniciativas de conservaci\u00f3n y ha reducido los beneficios que los ecosistemas saludables pueden aportar a la comunidad, debilitando la relaci\u00f3n entre las personas y su territorio.<\/p>\n<p style=\"text-align: justify;\">Desde 2022, los patios interiores del <strong>Hospital de Cochrane<\/strong> han sido cultivados junto a la comunidad empleando estas especies de la Estepa, con la visi\u00f3n de convertirlos en <strong>n\u00facleos de biodiversidad y salud<\/strong>. Ahora, la consolidaci\u00f3n del <strong>Jard\u00edn Etnobot\u00e1nico<\/strong> permitir\u00e1 fortalecer este espacio como un hito regional de <strong>bienestar, educaci\u00f3n y conservaci\u00f3n<\/strong>, donde la comunidad podr\u00e1 reconectarse con su patrimonio natural y aprender sobre su riqueza biocultural.<\/p>\n<p style=\"text-align: justify;\"><strong>Una soluci\u00f3n: educar y conservar desde la comunidad<\/strong><\/p>\n<p style=\"text-align: justify;\">El <strong>Jard\u00edn Etnobot\u00e1nico de Cochrane<\/strong> ser\u00e1 el primer espacio de este tipo en la Patagonia, funcionando como un <strong>centro de educaci\u00f3n ambiental, intercambio de conocimientos y promoci\u00f3n del bienestar<\/strong> a trav\u00e9s del contacto con la naturaleza. Su enfoque integrador permitir\u00e1 a la comunidad <strong>explorar y transmitir saberes ancestrales y cient\u00edficos<\/strong>, reforzando la identidad biocultural de la regi\u00f3n.<\/p>\n<p style=\"text-align: justify;\"><em>\u00abComenzamos el a\u00f1o pasado cultivando los patios interiores, lo cual se convirti\u00f3 en un espacio colaborativo, de intercambio de experiencias, de convivencia en torno a la salud y la naturaleza, revalorizando y dando sentido a los patios interiores del hospital. Se ha generado un hacer compartido entre integrantes de la comunidad, intersector p\u00fablico y privado y el hospital: un inicio para muchas acciones y proyectos compartidos futuros\u00bb, se\u00f1al\u00f3 Miriam Navarrete , directora del Hospital de Cochrane.<\/em><\/p>\n<p><em>\u00abEste proyecto sin lugar a dudas ha marcado un hito en la historia de la comuna de Cochrane, con propuestas\u00a0 innovadoras y concretas. Hubo una masiva convocatoria de participantes, todos muy motivados, logrando un trabajo asociativo y din\u00e1mico, que tuvo como resultado el rescate e intervenci\u00f3n de tres de los jardines interiores de nuestro Hospital, transformando estos espacios en jardines con tem\u00e1ticas\u00a0 sanadoras y que estar\u00e1n a disposici\u00f3n de pacientes, usuarios y comunidad en general\u00bb, precis\u00f3 Celeste Cea, vinculadora comunitaria del proyecto.<\/em><\/p>\n<p style=\"text-align: justify;\"><strong>\u00bfC\u00f3mo apoyar esta iniciativa? <\/strong><\/p>\n<p style=\"text-align: justify;\"><strong>Hazte socio y\/o adquiere una Cajita de Flora Nativa de la Estepa Patag\u00f3nica<\/strong><\/p>\n<p style=\"text-align: justify;\">Como parte de la campa\u00f1a para el financiamiento de la creaci\u00f3n del Jard\u00edn Etnobot\u00e1nico de Cochrane, la <strong>Fundaci\u00f3n Naturaleza P\u00fablica<\/strong> ofrece la plataforma para donaciones directas en <a href=\"https:\/\/esponsor.com\/naturalezapublica\">https:\/\/esponsor.com\/naturalezapublica<\/a> y adem\u00e1s ha creado un stock limitado de <strong>cajitas de regalo con productos inspirados en la flora nativa de la Estepa Patag\u00f3nica<\/strong>, las cuales permiten conocer la riqueza ecol\u00f3gica de la regi\u00f3n, sus usos tradicionales y su rol en la conservaci\u00f3n.<\/p>\n<p style=\"text-align: justify;\"><strong>\u00bfC\u00f3mo sumarte?<\/strong><\/p>\n<ul style=\"text-align: justify;\">\n<li>Las cajitas de regalo ya est\u00e1n disponibles para reserva a trav\u00e9s de <strong>Librer\u00eda Bosque Chileno<\/strong> o directamente en el correo <strong>hola@naturalezapublica.org<\/strong> (\u00a1stock limitado!)<\/li>\n<li><strong>Env\u00edos a todo Chile<\/strong> v\u00eda <strong>Bluexpress<\/strong><\/li>\n<li><strong>Retiro presencial<\/strong> en la <strong>Tienda Patagonia de Coyhaique<\/strong><\/li>\n<li><strong>Cada caja fortalece la biodiversidad y cultura de la Patagonia. \u00a1S\u00famate!<\/strong><\/li>\n<\/ul>\n<p style=\"text-align: justify;\">\u00a0<strong>\u00bfQuieres hacerte socio o donar de forma directa?<\/strong><\/p>\n<ul>\n<li style=\"text-align: justify;\">Para hacerte socio de esta iniciativa o realizar una donaci\u00f3n directa en <a href=\"https:\/\/esponsor.com\/naturalezapublica\/donate\">https:\/\/esponsor.com\/naturalezapublica\/donate<\/a> \u00a1tu apoyo hace la diferencia!<\/li>\n<\/ul>\n<\/div><\/section><\/div><div  style='height:50px' class='hr hr-invisible   avia-builder-el-6  el_after_av_one_full  el_before_av_social_share '><span class='hr-inner ' ><span class='hr-inner-style'><\/span><\/span><\/div><\/p>\n<div  class='av-social-sharing-box  avia-builder-el-7  el_after_av_hr  el_before_av_hr  '><div class='av-share-box'><h5 class='av-share-link-description av-no-toc '>Compartir esta noticia<\/h5><ul class='av-share-box-list noLightbox'><li class='av-share-link av-social-link-facebook' ><a target=\"_blank\" aria-label=\"Compartir en Facebook\" href='https:\/\/www.facebook.com\/sharer.php?u=https:\/\/radiorevelacionfm.cl\/?p=51345&#038;t=Por%20la%20conservaci%C3%B3n%20y%20la%20memoria%20biocultural%3A%20lanzan%20campa%C3%B1a%20para%20inaugurar%20el%20primer%20Jard%C3%ADn%20Etnobot%C3%A1nico%20de%20la%20Regi%C3%B3n%20de%20Ays%C3%A9n' aria-hidden='false' data-av_icon='\ue8f3' data-av_iconfont='entypo-fontello' title='' data-avia-related-tooltip='Compartir en Facebook' rel=\"noopener\"><span class='avia_hidden_link_text'>Compartir en Facebook<\/span><\/a><\/li><li class='av-share-link av-social-link-twitter' ><a target=\"_blank\" aria-label=\"Compartir en Twitter\" href='https:\/\/twitter.com\/share?text=Por%20la%20conservaci%C3%B3n%20y%20la%20memoria%20biocultural%3A%20lanzan%20campa%C3%B1a%20para%20inaugurar%20el%20primer%20Jard%C3%ADn%20Etnobot%C3%A1nico%20de%20la%20Regi%C3%B3n%20de%20Ays%C3%A9n&#038;url=https:\/\/radiorevelacionfm.cl\/?p=51345' aria-hidden='false' data-av_icon='\ue8f1' data-av_iconfont='entypo-fontello' title='' data-avia-related-tooltip='Compartir en Twitter' rel=\"noopener\"><span class='avia_hidden_link_text'>Compartir en Twitter<\/span><\/a><\/li><li class='av-share-link av-social-link-whatsapp' ><a target=\"_blank\" aria-label=\"Compartir en Whatsapp\" href='https:\/\/api.whatsapp.com\/send?text=https:\/\/radiorevelacionfm.cl\/?p=51345' aria-hidden='false' data-av_icon='\uf232' data-av_iconfont='entypo-fontello' title='' data-avia-related-tooltip='Compartir en Whatsapp' rel=\"noopener\"><span class='avia_hidden_link_text'>Compartir en Whatsapp<\/span><\/a><\/li><li class='av-share-link av-social-link-linkedin' ><a target=\"_blank\" aria-label=\"Compartir en LinkedIn\" href='https:\/\/linkedin.com\/shareArticle?mini=true&#038;title=Por%20la%20conservaci%C3%B3n%20y%20la%20memoria%20biocultural%3A%20lanzan%20campa%C3%B1a%20para%20inaugurar%20el%20primer%20Jard%C3%ADn%20Etnobot%C3%A1nico%20de%20la%20Regi%C3%B3n%20de%20Ays%C3%A9n&#038;url=https:\/\/radiorevelacionfm.cl\/?p=51345' aria-hidden='false' data-av_icon='\ue8fc' data-av_iconfont='entypo-fontello' title='' data-avia-related-tooltip='Compartir en LinkedIn' rel=\"noopener\"><span class='avia_hidden_link_text'>Compartir en LinkedIn<\/span><\/a><\/li><li class='av-share-link av-social-link-mail' ><a  aria-label=\"Compartir por correo\" href='mailto:?subject=Por%20la%20conservaci%C3%B3n%20y%20la%20memoria%20biocultural%3A%20lanzan%20campa%C3%B1a%20para%20inaugurar%20el%20primer%20Jard%C3%ADn%20Etnobot%C3%A1nico%20de%20la%20Regi%C3%B3n%20de%20Ays%C3%A9n&#038;body=https:\/\/radiorevelacionfm.cl\/?p=51345' aria-hidden='false' data-av_icon='\ue805' data-av_iconfont='entypo-fontello' title='' data-avia-related-tooltip='Compartir por correo'><span class='avia_hidden_link_text'>Compartir por correo<\/span><\/a><\/li><\/ul><\/div><\/div>\n<div  style='height:50px' class='hr hr-invisible   avia-builder-el-8  el_after_av_social_share  el_before_av_comments_list '><span class='hr-inner ' ><span class='hr-inner-style'><\/span><\/span><\/div>\n<div  class='av-buildercomment  av-blog-meta-html-info-disabled av-blog-meta-tag-disabled  '><\/div>\n","protected":false},"excerpt":{"rendered":"","protected":false},"author":1,"featured_media":51346,"comment_status":"open","ping_status":"open","sticky":false,"template":"","format":"standard","meta":{"footnotes":""},"categories":[38],"tags":[],"class_list":["post-51345","post","type-post","status-publish","format-standard","has-post-thumbnail","hentry","category-regional"],"jetpack_featured_media_url":"https:\/\/radiorevelacionfm.cl\/wp-content\/uploads\/2025\/03\/dsc_0080-2-1-1_optimized-1.jpg","_links":{"self":[{"href":"https:\/\/radiorevelacionfm.cl\/index.php?rest_route=\/wp\/v2\/posts\/51345","targetHints":{"allow":["GET"]}}],"collection":[{"href":"https:\/\/radiorevelacionfm.cl\/index.php?rest_route=\/wp\/v2\/posts"}],"about":[{"href":"https:\/\/radiorevelacionfm.cl\/index.php?rest_route=\/wp\/v2\/types\/post"}],"author":[{"embeddable":true,"href":"https:\/\/radiorevelacionfm.cl\/index.php?rest_route=\/wp\/v2\/users\/1"}],"replies":[{"embeddable":true,"href":"https:\/\/radiorevelacionfm.cl\/index.php?rest_route=%2Fwp%2Fv2%2Fcomments&post=51345"}],"version-history":[{"count":1,"href":"https:\/\/radiorevelacionfm.cl\/index.php?rest_route=\/wp\/v2\/posts\/51345\/revisions"}],"predecessor-version":[{"id":51347,"href":"https:\/\/radiorevelacionfm.cl\/index.php?rest_route=\/wp\/v2\/posts\/51345\/revisions\/51347"}],"wp:featuredmedia":[{"embeddable":true,"href":"https:\/\/radiorevelacionfm.cl\/index.php?rest_route=\/wp\/v2\/media\/51346"}],"wp:attachment":[{"href":"https:\/\/radiorevelacionfm.cl\/index.php?rest_route=%2Fwp%2Fv2%2Fmedia&parent=51345"}],"wp:term":[{"taxonomy":"category","embeddable":true,"href":"https:\/\/radiorevelacionfm.cl\/index.php?rest_route=%2Fwp%2Fv2%2Fcategories&post=51345"},{"taxonomy":"post_tag","embeddable":true,"href":"https:\/\/radiorevelacionfm.cl\/index.php?rest_route=%2Fwp%2Fv2%2Ftags&post=51345"}],"curies":[{"name":"wp","href":"https:\/\/api.w.org\/{rel}","templated":true}]}}