{"id":51342,"date":"2025-03-14T11:21:08","date_gmt":"2025-03-14T14:21:08","guid":{"rendered":"https:\/\/radiorevelacionfm.cl\/?p=51342"},"modified":"2025-03-14T11:21:08","modified_gmt":"2025-03-14T14:21:08","slug":"destacan-el-plan-nacional-de-data-centers-y-la-creacion-del-fondo-de-investigacion-para-las-universidades-dentro-de-los-avances-en-materia-de-ciencia-a-tres-ano-de-gobierno","status":"publish","type":"post","link":"https:\/\/radiorevelacionfm.cl\/?p=51342","title":{"rendered":"Destacan el Plan Nacional de Data Centers y la creaci\u00f3n del Fondo de Investigaci\u00f3n para las Universidades dentro de los avances en materia de ciencia a tres a\u00f1o de Gobierno"},"content":{"rendered":"<div class=\"flex_column av_one_full  flex_column_div av-zero-column-padding first  avia-builder-el-0  el_before_av_one_full  avia-builder-el-first  \" style='border-radius:0px; '><div  class='avia-image-container  av-styling-    avia-builder-el-1  avia-builder-el-no-sibling  avia-align-center '  itemprop=\"image\" itemscope=\"itemscope\" itemtype=\"https:\/\/schema.org\/ImageObject\"  ><div class='avia-image-container-inner'><div class='avia-image-overlay-wrap'><img decoding=\"async\" class='wp-image-51343 avia-img-lazy-loading-not-51343 avia_image' src=\"https:\/\/radiorevelacionfm.cl\/wp-content\/uploads\/2025\/03\/seremi-veronica-vallejos-1_optimized-1.jpg\" alt='' title='seremi-ver\u00f3nica-vallejos-(1)_optimized (1)' height=\"600\" width=\"872\"  itemprop=\"thumbnailUrl\" srcset=\"https:\/\/radiorevelacionfm.cl\/wp-content\/uploads\/2025\/03\/seremi-veronica-vallejos-1_optimized-1.jpg 872w, https:\/\/radiorevelacionfm.cl\/wp-content\/uploads\/2025\/03\/seremi-veronica-vallejos-1_optimized-1-300x206.jpg 300w, https:\/\/radiorevelacionfm.cl\/wp-content\/uploads\/2025\/03\/seremi-veronica-vallejos-1_optimized-1-768x528.jpg 768w, https:\/\/radiorevelacionfm.cl\/wp-content\/uploads\/2025\/03\/seremi-veronica-vallejos-1_optimized-1-705x485.jpg 705w, https:\/\/radiorevelacionfm.cl\/wp-content\/uploads\/2025\/03\/seremi-veronica-vallejos-1_optimized-1-450x310.jpg 450w, https:\/\/radiorevelacionfm.cl\/wp-content\/uploads\/2025\/03\/seremi-veronica-vallejos-1_optimized-1-600x413.jpg 600w\" sizes=\"(max-width: 872px) 100vw, 872px\" \/><\/div><\/div><\/div><\/div><div class=\"flex_column av_one_full  flex_column_div av-zero-column-padding first  avia-builder-el-2  el_after_av_one_full  el_before_av_one_full  column-top-margin\" style='border-radius:0px; '><section class=\"av_textblock_section \"  itemscope=\"itemscope\" itemtype=\"https:\/\/schema.org\/BlogPosting\" itemprop=\"blogPost\" ><div class='avia_textblock  '   itemprop=\"text\" ><p style=\"text-align: center;\"><strong><span style=\"font-size: 18pt;\">Destacan el Plan Nacional de Data Centers y la creaci\u00f3n del Fondo de Investigaci\u00f3n para las Universidades dentro de los avances en materia de ciencia a tres a\u00f1o de Gobierno<\/span><\/strong><\/p>\n<div id=\"gtx-trans\" style=\"position: absolute; left: -50px; top: 4.31534px;\">\n<div class=\"gtx-trans-icon\"><\/div>\n<\/div>\n<\/div><\/section><\/div><div class=\"flex_column av_one_full  flex_column_div av-zero-column-padding first  avia-builder-el-4  el_after_av_one_full  el_before_av_hr  column-top-margin\" style='border-radius:0px; '><section class=\"av_textblock_section \"  itemscope=\"itemscope\" itemtype=\"https:\/\/schema.org\/BlogPosting\" itemprop=\"blogPost\" ><div class='avia_textblock  '   itemprop=\"text\" ><p style=\"font-weight: 400; text-align: justify;\"><em>Variadas son las iniciativas que ha puesto en marcha el MinCiencia, todas ellas con un objetivo claro: poner la ciencia al servicio del desarrollo del pa\u00eds, para que \u00e9ste sea m\u00e1s sostenible e inclusivo.<\/em><\/p>\n<p style=\"font-weight: 400; text-align: justify;\">Esta semana se cumplieron tres a\u00f1os del Gobierno del Presidente Gabriel Boric, una administraci\u00f3n que se ha preocupado por fortalecer el sistema de ciencia, tecnolog\u00eda, conocimiento e innovaci\u00f3n (CTCI) dise\u00f1ando instrumentos que le permitan a las instituciones generadoras de conocimiento hacer m\u00e1s y mejor investigaci\u00f3n desde una perspectiva integral de desarrollo econ\u00f3mico y sociocultural, con impacto en la calidad de vida de todas y todos.<\/p>\n<p style=\"font-weight: 400; text-align: justify;\">En este contexto se destaca el Programa de\u00a0<strong>Financiamiento Estructural de Investigaci\u00f3n, Desarrollo e Innovaci\u00f3n para las Universidades (FIU),<\/strong>\u00a0que cumple con uno de los compromisos del mandatario con las instituciones de Educaci\u00f3n Superior, al asegurar fondos estructurales para investigaciones relevantes a nivel regional y mundial, complementando el modelo de financiamiento por proyecto y orientando los recursos a necesidades territoriales, impulsando la creaci\u00f3n de conocimientos y tecnolog\u00edas aplicadas en todo Chile.<\/p>\n<p style=\"font-weight: 400; text-align: justify;\">Seg\u00fan indic\u00f3 la seremi de Ciencia, Ver\u00f3nica Vallejos, en su primer llamado (2024) las universidades de Magallanes y de Ays\u00e9n recibieron financiamiento del FIU l\u00ednea Territorial por un monto de $100 millones cada una, el que les permitir\u00e1 \u201cdefinir qu\u00e9 \u00e1reas quieren fortalecer, hacer un diagn\u00f3stico de sus capacidades y brechas institucionales, y dise\u00f1ar un plan de investigaci\u00f3n de largo plazo para disminuirlas, con la mirada de impulso territorial\u201d.<\/p>\n<p style=\"font-weight: 400; text-align: justify;\">El capital humano tambi\u00e9n ha sido tema de inter\u00e9s y, conscientes de la precariedad laboral que por a\u00f1os han vivido las y los trabajadores del \u00e1rea de la CTCI, el MinCiencia lider\u00f3 diversas instancias para conocer su realidad y buscar medidas concretas para mejorar sus condiciones laborales, de esta manera nace la\u00a0<strong>Agenda Mejor Trabajo en Investigaci\u00f3n<\/strong>\u00a0<strong>(MTI),<\/strong>\u00a0la que establece un marco y planes de acci\u00f3n que consideran la igualdad de g\u00e9nero en las instituciones p\u00fablicas y privadas asociadas al sector, el trabajo decente y salarios justos, la conciliaci\u00f3n de la vida laboral, personal y familiar, entre otras.<\/p>\n<p style=\"font-weight: 400; text-align: justify;\">Adem\u00e1s, durante este periodo han tomado un rol relevante las investigaciones en las \u00e1reas de las Humanidades, Artes y Ciencias Sociales (HACS), las cuales aportan al desarrollo del pensamiento cr\u00edtico, el fortalecimiento de la democracia y la generaci\u00f3n de pol\u00edticas p\u00fablicas que beneficien a la poblaci\u00f3n y, para conocer el estado de estos conocimientos en el territorio nacional, el ministerio present\u00f3 la primera\u00a0<strong>Radiograf\u00eda HACS<\/strong>\u00a0que, en palabras de la autoridad macrozonal \u201centrega datos y estad\u00edsticas que proporcionan una visi\u00f3n panor\u00e1mica de la presencia actual de estos conocimientos en el pa\u00eds, destacando dimensiones institucionales, tales como programas de formaci\u00f3n, empleabilidad, inversi\u00f3n p\u00fablica en capacidades de investigaci\u00f3n y desarrollo, entre otros. Con la informaci\u00f3n que nos proporciona la radiograf\u00eda tambi\u00e9n buscamos generar instrumentos que fortalezcan estas \u00e1reas del conocimiento, tan \u00fatiles para la innovaci\u00f3n social y cultural, y buscamos instar que a nivel regional se fortalezca la formaci\u00f3n especializada de talentos en las \u00e1reas HACS\u201d.<\/p>\n<p style=\"font-weight: 400; text-align: justify;\">Con el objetivo de consolidar a Chile como un hub tecnol\u00f3gico en Am\u00e9rica Latina, se redact\u00f3 el<strong>\u00a0Plan Nacional de Data Centers,\u00a0<\/strong>que establece lineamientos y medidas para crear un entorno que permita acelerar las inversiones en esta industria -que en los \u00faltimos a\u00f1os ha experimentado un aumento acelerado-, pero garantizando su sustentabilidad en t\u00e9rminos de consumo energ\u00e9tico e h\u00eddrico, soportado en acuerdos entre el Estado y el sector privado, con foco en el despliegue de nuevas tecnolog\u00edas de datos y con una mirada descentralizadora.<\/p>\n<p style=\"font-weight: 400; text-align: justify;\">Por otra parte, debido al impacto que est\u00e1 teniendo la Inteligencia Artificial (IA) en la sociedad, el MinCiencia decidi\u00f3 tomar protagonismo y actualiz\u00f3 su\u00a0<strong>Pol\u00edtica de IA\u00a0<\/strong>(la primera versi\u00f3n se public\u00f3 en 2021), con el foco puesto en fortalecer la gobernanza y la \u00e9tica en su desarrollo y aplicaci\u00f3n, promoviendo un desarrollo inclusivo y sostenible. \u201cComo parte de las tem\u00e1ticas relevantes la nueva versi\u00f3n contempla la consideraci\u00f3n de bases curriculares para abordar la IA desde la etapa preescolar, la formaci\u00f3n de nuevos talentos, un catastro de infraestructura tecnol\u00f3gica, la capacitaci\u00f3n de la ciudadan\u00eda y la evaluaci\u00f3n de su impacto en la cultura. Para la actualizaci\u00f3n se consider\u00f3 la opini\u00f3n de las personas mediante un proceso de participaci\u00f3n ciudadana\u201d, se\u00f1al\u00f3 la seremi.<\/p>\n<p style=\"font-weight: 400; text-align: justify;\">A tres a\u00f1os de Gobierno, Ver\u00f3nica Vallejos coment\u00f3 que \u201c\u00e9stas son algunas de las acciones que como ministerio y seremi hemos realizado para fortalecer el ecosistema CTCI. A\u00fan nos queda un a\u00f1o de gobierno, y vamos a trabajar hasta el \u00faltimo d\u00eda contribuyendo a que los conocimientos que se generan en los territorios vayan en beneficio de las personas y que, adem\u00e1s, aporten al desarrollo econ\u00f3mico y sostenible de nuestras regiones y del pa\u00eds\u201d.<\/p>\n<\/div><\/section><\/div><div  style='height:50px' class='hr hr-invisible   avia-builder-el-6  el_after_av_one_full  el_before_av_social_share '><span class='hr-inner ' ><span class='hr-inner-style'><\/span><\/span><\/div><\/p>\n<div  class='av-social-sharing-box  avia-builder-el-7  el_after_av_hr  el_before_av_hr  '><div class='av-share-box'><h5 class='av-share-link-description av-no-toc '>Compartir esta noticia<\/h5><ul class='av-share-box-list noLightbox'><li class='av-share-link av-social-link-facebook' ><a target=\"_blank\" aria-label=\"Compartir en Facebook\" href='https:\/\/www.facebook.com\/sharer.php?u=https:\/\/radiorevelacionfm.cl\/?p=51342&#038;t=Destacan%20el%20Plan%20Nacional%20de%20Data%20Centers%20y%20la%20creaci%C3%B3n%20del%20Fondo%20de%20Investigaci%C3%B3n%20para%20las%20Universidades%20dentro%20de%20los%20avances%20en%20materia%20de%20ciencia%20a%20tres%20a%C3%B1o%20de%20Gobierno' aria-hidden='false' data-av_icon='\ue8f3' data-av_iconfont='entypo-fontello' title='' data-avia-related-tooltip='Compartir en Facebook' rel=\"noopener\"><span class='avia_hidden_link_text'>Compartir en Facebook<\/span><\/a><\/li><li class='av-share-link av-social-link-twitter' ><a target=\"_blank\" aria-label=\"Compartir en Twitter\" href='https:\/\/twitter.com\/share?text=Destacan%20el%20Plan%20Nacional%20de%20Data%20Centers%20y%20la%20creaci%C3%B3n%20del%20Fondo%20de%20Investigaci%C3%B3n%20para%20las%20Universidades%20dentro%20de%20los%20avances%20en%20materia%20de%20ciencia%20a%20tres%20a%C3%B1o%20de%20Gobierno&#038;url=https:\/\/radiorevelacionfm.cl\/?p=51342' aria-hidden='false' data-av_icon='\ue8f1' data-av_iconfont='entypo-fontello' title='' data-avia-related-tooltip='Compartir en Twitter' rel=\"noopener\"><span class='avia_hidden_link_text'>Compartir en Twitter<\/span><\/a><\/li><li class='av-share-link av-social-link-whatsapp' ><a target=\"_blank\" aria-label=\"Compartir en Whatsapp\" href='https:\/\/api.whatsapp.com\/send?text=https:\/\/radiorevelacionfm.cl\/?p=51342' aria-hidden='false' data-av_icon='\uf232' data-av_iconfont='entypo-fontello' title='' data-avia-related-tooltip='Compartir en Whatsapp' rel=\"noopener\"><span class='avia_hidden_link_text'>Compartir en Whatsapp<\/span><\/a><\/li><li class='av-share-link av-social-link-linkedin' ><a target=\"_blank\" aria-label=\"Compartir en LinkedIn\" href='https:\/\/linkedin.com\/shareArticle?mini=true&#038;title=Destacan%20el%20Plan%20Nacional%20de%20Data%20Centers%20y%20la%20creaci%C3%B3n%20del%20Fondo%20de%20Investigaci%C3%B3n%20para%20las%20Universidades%20dentro%20de%20los%20avances%20en%20materia%20de%20ciencia%20a%20tres%20a%C3%B1o%20de%20Gobierno&#038;url=https:\/\/radiorevelacionfm.cl\/?p=51342' aria-hidden='false' data-av_icon='\ue8fc' data-av_iconfont='entypo-fontello' title='' data-avia-related-tooltip='Compartir en LinkedIn' rel=\"noopener\"><span class='avia_hidden_link_text'>Compartir en LinkedIn<\/span><\/a><\/li><li class='av-share-link av-social-link-mail' ><a  aria-label=\"Compartir por correo\" href='mailto:?subject=Destacan%20el%20Plan%20Nacional%20de%20Data%20Centers%20y%20la%20creaci%C3%B3n%20del%20Fondo%20de%20Investigaci%C3%B3n%20para%20las%20Universidades%20dentro%20de%20los%20avances%20en%20materia%20de%20ciencia%20a%20tres%20a%C3%B1o%20de%20Gobierno&#038;body=https:\/\/radiorevelacionfm.cl\/?p=51342' aria-hidden='false' data-av_icon='\ue805' data-av_iconfont='entypo-fontello' title='' data-avia-related-tooltip='Compartir por correo'><span class='avia_hidden_link_text'>Compartir por correo<\/span><\/a><\/li><\/ul><\/div><\/div>\n<div  style='height:50px' class='hr hr-invisible   avia-builder-el-8  el_after_av_social_share  el_before_av_comments_list '><span class='hr-inner ' ><span class='hr-inner-style'><\/span><\/span><\/div>\n<div  class='av-buildercomment  av-blog-meta-html-info-disabled av-blog-meta-tag-disabled  '><\/div>\n","protected":false},"excerpt":{"rendered":"","protected":false},"author":1,"featured_media":51343,"comment_status":"open","ping_status":"open","sticky":false,"template":"","format":"standard","meta":{"footnotes":""},"categories":[53],"tags":[],"class_list":["post-51342","post","type-post","status-publish","format-standard","has-post-thumbnail","hentry","category-ciencia"],"jetpack_featured_media_url":"https:\/\/radiorevelacionfm.cl\/wp-content\/uploads\/2025\/03\/seremi-veronica-vallejos-1_optimized-1.jpg","_links":{"self":[{"href":"https:\/\/radiorevelacionfm.cl\/index.php?rest_route=\/wp\/v2\/posts\/51342","targetHints":{"allow":["GET"]}}],"collection":[{"href":"https:\/\/radiorevelacionfm.cl\/index.php?rest_route=\/wp\/v2\/posts"}],"about":[{"href":"https:\/\/radiorevelacionfm.cl\/index.php?rest_route=\/wp\/v2\/types\/post"}],"author":[{"embeddable":true,"href":"https:\/\/radiorevelacionfm.cl\/index.php?rest_route=\/wp\/v2\/users\/1"}],"replies":[{"embeddable":true,"href":"https:\/\/radiorevelacionfm.cl\/index.php?rest_route=%2Fwp%2Fv2%2Fcomments&post=51342"}],"version-history":[{"count":1,"href":"https:\/\/radiorevelacionfm.cl\/index.php?rest_route=\/wp\/v2\/posts\/51342\/revisions"}],"predecessor-version":[{"id":51344,"href":"https:\/\/radiorevelacionfm.cl\/index.php?rest_route=\/wp\/v2\/posts\/51342\/revisions\/51344"}],"wp:featuredmedia":[{"embeddable":true,"href":"https:\/\/radiorevelacionfm.cl\/index.php?rest_route=\/wp\/v2\/media\/51343"}],"wp:attachment":[{"href":"https:\/\/radiorevelacionfm.cl\/index.php?rest_route=%2Fwp%2Fv2%2Fmedia&parent=51342"}],"wp:term":[{"taxonomy":"category","embeddable":true,"href":"https:\/\/radiorevelacionfm.cl\/index.php?rest_route=%2Fwp%2Fv2%2Fcategories&post=51342"},{"taxonomy":"post_tag","embeddable":true,"href":"https:\/\/radiorevelacionfm.cl\/index.php?rest_route=%2Fwp%2Fv2%2Ftags&post=51342"}],"curies":[{"name":"wp","href":"https:\/\/api.w.org\/{rel}","templated":true}]}}