{"id":51339,"date":"2025-03-12T16:10:33","date_gmt":"2025-03-12T19:10:33","guid":{"rendered":"https:\/\/radiorevelacionfm.cl\/?p=51339"},"modified":"2025-03-12T16:10:33","modified_gmt":"2025-03-12T19:10:33","slug":"tras-expo-patagonia-2025-sector-construccion-valora-oportunidad-de-mostrar-a-la-comunidad-el-trabajo-desarrollado-en-la-region","status":"publish","type":"post","link":"https:\/\/radiorevelacionfm.cl\/?p=51339","title":{"rendered":"Tras Expo Patagonia 2025: Sector construcci\u00f3n valora oportunidad de mostrar a la comunidad el trabajo desarrollado en la regi\u00f3n"},"content":{"rendered":"<div class=\"flex_column av_one_full  flex_column_div av-zero-column-padding first  avia-builder-el-0  el_before_av_one_full  avia-builder-el-first  \" style='border-radius:0px; '><div  class='avia-image-container  av-styling-    avia-builder-el-1  avia-builder-el-no-sibling  avia-align-center '  itemprop=\"image\" itemscope=\"itemscope\" itemtype=\"https:\/\/schema.org\/ImageObject\"  ><div class='avia-image-container-inner'><div class='avia-image-overlay-wrap'><img decoding=\"async\" class='wp-image-51340 avia-img-lazy-loading-not-51340 avia_image' src=\"https:\/\/radiorevelacionfm.cl\/wp-content\/uploads\/2025\/03\/img_0757-1_optimized-1.jpg\" alt='' title='img_0757-(1)_optimized (1)' height=\"600\" width=\"900\"  itemprop=\"thumbnailUrl\" srcset=\"https:\/\/radiorevelacionfm.cl\/wp-content\/uploads\/2025\/03\/img_0757-1_optimized-1.jpg 900w, https:\/\/radiorevelacionfm.cl\/wp-content\/uploads\/2025\/03\/img_0757-1_optimized-1-300x200.jpg 300w, https:\/\/radiorevelacionfm.cl\/wp-content\/uploads\/2025\/03\/img_0757-1_optimized-1-768x512.jpg 768w, https:\/\/radiorevelacionfm.cl\/wp-content\/uploads\/2025\/03\/img_0757-1_optimized-1-705x470.jpg 705w, https:\/\/radiorevelacionfm.cl\/wp-content\/uploads\/2025\/03\/img_0757-1_optimized-1-450x300.jpg 450w, https:\/\/radiorevelacionfm.cl\/wp-content\/uploads\/2025\/03\/img_0757-1_optimized-1-600x400.jpg 600w\" sizes=\"(max-width: 900px) 100vw, 900px\" \/><\/div><\/div><\/div><\/div><div class=\"flex_column av_one_full  flex_column_div av-zero-column-padding first  avia-builder-el-2  el_after_av_one_full  el_before_av_one_full  column-top-margin\" style='border-radius:0px; '><section class=\"av_textblock_section \"  itemscope=\"itemscope\" itemtype=\"https:\/\/schema.org\/BlogPosting\" itemprop=\"blogPost\" ><div class='avia_textblock  '   itemprop=\"text\" ><p style=\"text-align: center;\"><strong><span style=\"font-size: 18pt;\">Tras Expo Patagonia 2025: Sector construcci\u00f3n valora oportunidad de mostrar a la comunidad el trabajo desarrollado en la regi\u00f3n<\/span><\/strong><\/p>\n<div id=\"gtx-trans\" style=\"position: absolute; left: -50px; top: 4.31534px;\">\n<div class=\"gtx-trans-icon\"><\/div>\n<\/div>\n<\/div><\/section><\/div><div class=\"flex_column av_one_full  flex_column_div av-zero-column-padding first  avia-builder-el-4  el_after_av_one_full  el_before_av_hr  column-top-margin\" style='border-radius:0px; '><section class=\"av_textblock_section \"  itemscope=\"itemscope\" itemtype=\"https:\/\/schema.org\/BlogPosting\" itemprop=\"blogPost\" ><div class='avia_textblock  '   itemprop=\"text\" ><p style=\"text-align: justify;\"><em>Desde la C\u00e1mara Chilena de la Construcci\u00f3n, instituci\u00f3n organizadora del Pabell\u00f3n de la Construcci\u00f3n y Servicios, destacaron la gran asistencia de p\u00fablico y el inter\u00e9s mostrado por conocer las actividades del sector construcci\u00f3n. <\/em><\/p>\n<p style=\"text-align: justify;\">Un positivo balance, realizaron desde la C\u00e1mara Chilena de la Construcci\u00f3n, tras el t\u00e9rmino de la Expo Patagonia 2025, evento organizado por el municipio de Coyhaique entre los d\u00edas 7 y 9 de marzo, que congreg\u00f3 a m\u00e1s de 400 expositores, entre ellos, 31 empresas que estuvieron presentes en el Pabell\u00f3n de la Construcci\u00f3n y Servicios.<\/p>\n<p style=\"text-align: justify;\">Este espacio, estuvo presente por segundo a\u00f1o consecutivo en esta feria y desde la CChC valoraron la oportunidad \u201cPues nos permite compartir con la comunidad, mostrar lo que hacemos en la regi\u00f3n y c\u00f3mo desde diversos \u00e1mbitos, aportamos al desarrollo de Ays\u00e9n\u201d, indic\u00f3 Tom\u00e1s Garc\u00eda, presidente del comit\u00e9 de proveedores de la CChC Coyhaique.<\/p>\n<p style=\"text-align: justify;\">El Pabell\u00f3n de la Construcci\u00f3n y Servicios, cont\u00f3 con la participaci\u00f3n de 31 empresas dedicadas a la construcci\u00f3n y la prestaci\u00f3n de servicios para esta industria, lo que permiti\u00f3 mostrar una amplia gama de productos disponibles en el mercado, como, por ejemplo, el desarrollo de viviendas, maquinaria utilizada para la habilitaci\u00f3n de infraestructura, elementos de seguridad y protecci\u00f3n de los trabajadores, e insumos para las empresas, entre otros.<\/p>\n<p style=\"text-align: justify;\">Desde la CChC, esta actividad es coordinada a trav\u00e9s del comit\u00e9 de proveedores, que lidera Tom\u00e1s Garc\u00eda, quien destac\u00f3 el \u00e9xito de esta versi\u00f3n \u201cEs la segunda oportunidad que, como C\u00e1mara chilena de la Construcci\u00f3n y servicios, con m\u00e1s de 30 empresas que participaron, exhibiendo y exponiendo sus servicios, productos y una serie de actividades que fueron muy interesantes, din\u00e1micas, did\u00e1cticas, pensando en las familias y en los ni\u00f1os\u201d, indic\u00f3 Garc\u00eda, agregando que \u201cFue un resultado s\u00faper bueno y estamos muy orgullosos, porque la participaci\u00f3n fue muy alta, la gente fue a la carpa de la construcci\u00f3n y servicios, se les regalaron algunas cositas, se llevaron algunos recuerdos, y conocieron a las empresas que participan en la regi\u00f3n\u201d.<\/p>\n<p style=\"text-align: justify;\">Una de las novedades fue el stand de \u201cToy Hacking\u201d que permiti\u00f3 que ni\u00f1os y ni\u00f1as construyesen sus propios juguetes, utilizando insumos en desuso. La actividad completamente gratuita, dirigida por una Psic\u00f3loga infantil, recibi\u00f3 a m\u00e1s de 200 visitantes, quienes utilizando su imaginaci\u00f3n y fomentando el reciclaje, desarrollaron entretenidos y novedosos juguetes que luego se llevaron a sus hogares.<\/p>\n<p style=\"text-align: justify;\">\u00a0A trav\u00e9s del Pabell\u00f3n de la Construcci\u00f3n y Servicios, se ofrecieron muestras de herramientas que requieren tanto las empresas como quienes ejercen de manera independiente, igualmente, se permiti\u00f3 que el p\u00fablico conociera los equipos utilizados en esta industria, y se generaron yincanas para el p\u00fablico, que culminaron con la entrega de diversos premios y reconocimientos.<\/p>\n<p style=\"text-align: justify;\">Desde la CChC agradecieron a las empresas que se sumaron al Pabell\u00f3n de la Construcci\u00f3n y Servicios, pues adem\u00e1s de estar presentes en este evento, realizaron aportes para el desarrollo de esta versi\u00f3n de la Expo Patagonia, los que fueron entregados al municipio de manera gratuita, para logar un evento exitoso y seguro, para sus m\u00e1s de 60 mil asistentes.<\/p>\n<\/div><\/section><\/div><div  style='height:50px' class='hr hr-invisible   avia-builder-el-6  el_after_av_one_full  el_before_av_social_share '><span class='hr-inner ' ><span class='hr-inner-style'><\/span><\/span><\/div><\/p>\n<div  class='av-social-sharing-box  avia-builder-el-7  el_after_av_hr  el_before_av_hr  '><div class='av-share-box'><h5 class='av-share-link-description av-no-toc '>Compartir esta noticia<\/h5><ul class='av-share-box-list noLightbox'><li class='av-share-link av-social-link-facebook' ><a target=\"_blank\" aria-label=\"Compartir en Facebook\" href='https:\/\/www.facebook.com\/sharer.php?u=https:\/\/radiorevelacionfm.cl\/?p=51339&#038;t=Tras%20Expo%20Patagonia%202025%3A%20Sector%20construcci%C3%B3n%20valora%20oportunidad%20de%20mostrar%20a%20la%20comunidad%20el%20trabajo%20desarrollado%20en%20la%20regi%C3%B3n' aria-hidden='false' data-av_icon='\ue8f3' data-av_iconfont='entypo-fontello' title='' data-avia-related-tooltip='Compartir en Facebook' rel=\"noopener\"><span class='avia_hidden_link_text'>Compartir en Facebook<\/span><\/a><\/li><li class='av-share-link av-social-link-twitter' ><a target=\"_blank\" aria-label=\"Compartir en Twitter\" href='https:\/\/twitter.com\/share?text=Tras%20Expo%20Patagonia%202025%3A%20Sector%20construcci%C3%B3n%20valora%20oportunidad%20de%20mostrar%20a%20la%20comunidad%20el%20trabajo%20desarrollado%20en%20la%20regi%C3%B3n&#038;url=https:\/\/radiorevelacionfm.cl\/?p=51339' aria-hidden='false' data-av_icon='\ue8f1' data-av_iconfont='entypo-fontello' title='' data-avia-related-tooltip='Compartir en Twitter' rel=\"noopener\"><span class='avia_hidden_link_text'>Compartir en Twitter<\/span><\/a><\/li><li class='av-share-link av-social-link-whatsapp' ><a target=\"_blank\" aria-label=\"Compartir en Whatsapp\" href='https:\/\/api.whatsapp.com\/send?text=https:\/\/radiorevelacionfm.cl\/?p=51339' aria-hidden='false' data-av_icon='\uf232' data-av_iconfont='entypo-fontello' title='' data-avia-related-tooltip='Compartir en Whatsapp' rel=\"noopener\"><span class='avia_hidden_link_text'>Compartir en Whatsapp<\/span><\/a><\/li><li class='av-share-link av-social-link-linkedin' ><a target=\"_blank\" aria-label=\"Compartir en LinkedIn\" href='https:\/\/linkedin.com\/shareArticle?mini=true&#038;title=Tras%20Expo%20Patagonia%202025%3A%20Sector%20construcci%C3%B3n%20valora%20oportunidad%20de%20mostrar%20a%20la%20comunidad%20el%20trabajo%20desarrollado%20en%20la%20regi%C3%B3n&#038;url=https:\/\/radiorevelacionfm.cl\/?p=51339' aria-hidden='false' data-av_icon='\ue8fc' data-av_iconfont='entypo-fontello' title='' data-avia-related-tooltip='Compartir en LinkedIn' rel=\"noopener\"><span class='avia_hidden_link_text'>Compartir en LinkedIn<\/span><\/a><\/li><li class='av-share-link av-social-link-mail' ><a  aria-label=\"Compartir por correo\" href='mailto:?subject=Tras%20Expo%20Patagonia%202025%3A%20Sector%20construcci%C3%B3n%20valora%20oportunidad%20de%20mostrar%20a%20la%20comunidad%20el%20trabajo%20desarrollado%20en%20la%20regi%C3%B3n&#038;body=https:\/\/radiorevelacionfm.cl\/?p=51339' aria-hidden='false' data-av_icon='\ue805' data-av_iconfont='entypo-fontello' title='' data-avia-related-tooltip='Compartir por correo'><span class='avia_hidden_link_text'>Compartir por correo<\/span><\/a><\/li><\/ul><\/div><\/div>\n<div  style='height:50px' class='hr hr-invisible   avia-builder-el-8  el_after_av_social_share  el_before_av_comments_list '><span class='hr-inner ' ><span class='hr-inner-style'><\/span><\/span><\/div>\n<div  class='av-buildercomment  av-blog-meta-html-info-disabled av-blog-meta-tag-disabled  '><\/div>\n","protected":false},"excerpt":{"rendered":"","protected":false},"author":1,"featured_media":51340,"comment_status":"open","ping_status":"open","sticky":false,"template":"","format":"standard","meta":{"footnotes":""},"categories":[38],"tags":[],"class_list":["post-51339","post","type-post","status-publish","format-standard","has-post-thumbnail","hentry","category-regional"],"jetpack_featured_media_url":"https:\/\/radiorevelacionfm.cl\/wp-content\/uploads\/2025\/03\/img_0757-1_optimized-1.jpg","_links":{"self":[{"href":"https:\/\/radiorevelacionfm.cl\/index.php?rest_route=\/wp\/v2\/posts\/51339","targetHints":{"allow":["GET"]}}],"collection":[{"href":"https:\/\/radiorevelacionfm.cl\/index.php?rest_route=\/wp\/v2\/posts"}],"about":[{"href":"https:\/\/radiorevelacionfm.cl\/index.php?rest_route=\/wp\/v2\/types\/post"}],"author":[{"embeddable":true,"href":"https:\/\/radiorevelacionfm.cl\/index.php?rest_route=\/wp\/v2\/users\/1"}],"replies":[{"embeddable":true,"href":"https:\/\/radiorevelacionfm.cl\/index.php?rest_route=%2Fwp%2Fv2%2Fcomments&post=51339"}],"version-history":[{"count":1,"href":"https:\/\/radiorevelacionfm.cl\/index.php?rest_route=\/wp\/v2\/posts\/51339\/revisions"}],"predecessor-version":[{"id":51341,"href":"https:\/\/radiorevelacionfm.cl\/index.php?rest_route=\/wp\/v2\/posts\/51339\/revisions\/51341"}],"wp:featuredmedia":[{"embeddable":true,"href":"https:\/\/radiorevelacionfm.cl\/index.php?rest_route=\/wp\/v2\/media\/51340"}],"wp:attachment":[{"href":"https:\/\/radiorevelacionfm.cl\/index.php?rest_route=%2Fwp%2Fv2%2Fmedia&parent=51339"}],"wp:term":[{"taxonomy":"category","embeddable":true,"href":"https:\/\/radiorevelacionfm.cl\/index.php?rest_route=%2Fwp%2Fv2%2Fcategories&post=51339"},{"taxonomy":"post_tag","embeddable":true,"href":"https:\/\/radiorevelacionfm.cl\/index.php?rest_route=%2Fwp%2Fv2%2Ftags&post=51339"}],"curies":[{"name":"wp","href":"https:\/\/api.w.org\/{rel}","templated":true}]}}