{"id":51333,"date":"2025-03-11T20:36:50","date_gmt":"2025-03-11T23:36:50","guid":{"rendered":"https:\/\/radiorevelacionfm.cl\/?p=51333"},"modified":"2025-03-11T20:36:50","modified_gmt":"2025-03-11T23:36:50","slug":"mop-adjudica-reposicion-de-los-puentes-palena-y-rosselot-en-la-zona-norte-de-la-region","status":"publish","type":"post","link":"https:\/\/radiorevelacionfm.cl\/?p=51333","title":{"rendered":"MOP adjudica reposici\u00f3n de los puentes Palena y Rosselot en la zona norte de la regi\u00f3n"},"content":{"rendered":"<div class=\"flex_column av_one_full  flex_column_div av-zero-column-padding first  avia-builder-el-0  el_before_av_one_full  avia-builder-el-first  \" style='border-radius:0px; '><div  class='avia-image-container  av-styling-    avia-builder-el-1  avia-builder-el-no-sibling  avia-align-center '  itemprop=\"image\" itemscope=\"itemscope\" itemtype=\"https:\/\/schema.org\/ImageObject\"  ><div class='avia-image-container-inner'><div class='avia-image-overlay-wrap'><img decoding=\"async\" class='wp-image-51334 avia-img-lazy-loading-not-51334 avia_image' src=\"https:\/\/radiorevelacionfm.cl\/wp-content\/uploads\/2025\/03\/puente-en-rio-palena-1-1_optimized-1.jpg\" alt='' title='puente-en-rio-palena-(1)-(1)_optimized (1)' height=\"600\" width=\"904\"  itemprop=\"thumbnailUrl\" srcset=\"https:\/\/radiorevelacionfm.cl\/wp-content\/uploads\/2025\/03\/puente-en-rio-palena-1-1_optimized-1.jpg 904w, https:\/\/radiorevelacionfm.cl\/wp-content\/uploads\/2025\/03\/puente-en-rio-palena-1-1_optimized-1-300x199.jpg 300w, https:\/\/radiorevelacionfm.cl\/wp-content\/uploads\/2025\/03\/puente-en-rio-palena-1-1_optimized-1-768x510.jpg 768w, https:\/\/radiorevelacionfm.cl\/wp-content\/uploads\/2025\/03\/puente-en-rio-palena-1-1_optimized-1-705x468.jpg 705w, https:\/\/radiorevelacionfm.cl\/wp-content\/uploads\/2025\/03\/puente-en-rio-palena-1-1_optimized-1-450x299.jpg 450w, https:\/\/radiorevelacionfm.cl\/wp-content\/uploads\/2025\/03\/puente-en-rio-palena-1-1_optimized-1-600x398.jpg 600w\" sizes=\"(max-width: 904px) 100vw, 904px\" \/><\/div><\/div><\/div><\/div>\n<div class=\"flex_column av_one_full  flex_column_div av-zero-column-padding first  avia-builder-el-2  el_after_av_one_full  el_before_av_one_full  column-top-margin\" style='border-radius:0px; '><section class=\"av_textblock_section \"  itemscope=\"itemscope\" itemtype=\"https:\/\/schema.org\/BlogPosting\" itemprop=\"blogPost\" ><div class='avia_textblock  '   itemprop=\"text\" ><p style=\"text-align: center;\"><strong><span style=\"font-size: 18pt;\">MOP adjudica reposici\u00f3n de los puentes Palena y Rosselot en la zona norte de la regi\u00f3n<\/span><\/strong><\/p>\n<div id=\"gtx-trans\" style=\"position: absolute; left: -50px; top: 4.31534px;\">\n<div class=\"gtx-trans-icon\"><\/div>\n<\/div>\n<\/div><\/section><\/div><div class=\"flex_column av_one_full  flex_column_div av-zero-column-padding first  avia-builder-el-4  el_after_av_one_full  el_before_av_hr  column-top-margin\" style='border-radius:0px; '><section class=\"av_textblock_section \"  itemscope=\"itemscope\" itemtype=\"https:\/\/schema.org\/BlogPosting\" itemprop=\"blogPost\" ><div class='avia_textblock  '   itemprop=\"text\" ><p style=\"text-align: justify;\"><em>Infraestructuras ubicadas en la zona norte de la regi\u00f3n de Ays\u00e9n reciben el tr\u00e1nsito de turistas desde y hacia la zona norte del pa\u00eds fortaleciendo a la Carretera Austral como destino y como Ruta Esc\u00e9nica, y favorecen el transporte de productos y servicios potenciando la actividad econ\u00f3mica en toda la Regi\u00f3n de Ays\u00e9n.<\/em><\/p>\n<p style=\"text-align: justify;\">El Delegado Presidencial de la Regi\u00f3n de Ays\u00e9n, Jorge D\u00edaz Guzm\u00e1n junto a la Secretaria Regional Ministerial de Obras P\u00fablicas, Paloma Jara Vald\u00e9s y el Director Regional de Vialidad del MOP Renzo Sanders Cort\u00e9s, anunciaron esta tarde la adjudicaci\u00f3n a la empresa constructora BELFI S.A. la reposici\u00f3n de los puentes Rosselot y Palena, ubicados en la zona norte de la regi\u00f3n de Ays\u00e9n.<\/p>\n<p style=\"text-align: justify;\">Consultado al respecto, el Delegado Presidencial de la Regi\u00f3n de Ays\u00e9n, Jorge D\u00edaz Guzm\u00e1n, destac\u00f3: \u201cEstamos junto a la Seremi de Obras P\u00fablicas y el Director Regional de Vialidad, porque tenemos una muy buena noticia para los habitantes de Ays\u00e9n, sobre todo para quienes habitan el sector norte de nuestra Regi\u00f3n, en un d\u00eda tan emblem\u00e1tico como hoy, en donde nuestro gobierno cumple tres a\u00f1os de gesti\u00f3n. Eso tambi\u00e9n, es una muestra de que seguimos trabajando tan intensamente como el primer a\u00f1o, as\u00ed que hemos recibido con mucha alegr\u00eda la Resoluci\u00f3n que nos permite iniciar pr\u00f3ximamente las obras de los puentes Palena y Rosselot, que van a generar un mejor flujo de nuestros visitantes, de nuestros pobladores de la zona norte de la Regi\u00f3n, que tienen una vocaci\u00f3n no solamente tur\u00edstica sino tambi\u00e9n pecuaria, y prontamente vamos a tener ah\u00ed el desarrollo minero por lo tanto, es muy estrat\u00e9gico que esos dos puentes comiencen su construcci\u00f3n pr\u00f3ximamente y de esa manera, vamos avanzando en la conectividad de la Regi\u00f3n de Ays\u00e9n con el resto del pa\u00eds. Muchas gracias Seremi, muchas gracias Director de Vialidad en los trabajos t\u00e9cnicos, pero al mismo tiempo la decisi\u00f3n del presidente de empujar cierto que los compromisos relacionados con la Ruta 7 se cumplan en su per\u00edodo\u201d.<\/p>\n<p style=\"text-align: justify;\">Estas Infraestructuras son pr\u00e1cticamente la puerta de entrada hacia la zona norte de la regi\u00f3n de Ays\u00e9n y reciben el tr\u00e1nsito de turistas desde y hacia la zona norte del pa\u00eds fortaleciendo a la Carretera Austral como destino y como Ruta Esc\u00e9nica, y favorecen el transporte de productos y servicios, potenciando la actividad econ\u00f3mica en toda la Regi\u00f3n de Ays\u00e9n. As\u00ed lo refrend\u00f3 la SEREMI del MOP Paloma Jara, quien adem\u00e1s agreg\u00f3: \u201cLa adjudicaci\u00f3n de la reposici\u00f3n de los dos puentes Palena y Rosselot es una gran inversi\u00f3n que va a alcanzar casi los casi 80 mil millones de pesos que quedar\u00e1n en nuestra regi\u00f3n. Es una nueva inversi\u00f3n que viene a revitalizar la econom\u00eda local y que esperamos sea un aporte no s\u00f3lo en t\u00e9rminos de infraestructura sino tambi\u00e9n en crecimiento para la Regi\u00f3n, trayendo tanta alegr\u00eda a todos los que habitan la zona norte de nuestra Patagonia\u201d.<\/p>\n<p style=\"text-align: justify;\">Por su parte, el Director Regional de Vialidad MOP, Renzo Sanders destac\u00f3 algunos detalles t\u00e9cnicos de las obras a desarrollar por la empresa constructora BELFI S.A., la que ser\u00e1 fiscalizada por la Direcci\u00f3n Regional de Vialidad del MOP, y\u00a0 contar\u00e1 con 980 d\u00edas de plazo para ejecutar los trabajos. \u201cEsta es una tremenda noticia para la zona norte de la Regi\u00f3n de Ays\u00e9n. Estamos adjudicando dos puentes, que en total suman 300 metros. Cada puente consta de dos pistas \u00a0y dos pasillos con berma por ambos costados. Esta inversi\u00f3n se llevar\u00e1 a cabo dentro de los pr\u00f3ximos dos a tres meses m\u00e1s, con el inicio de la obra. Nosotros vamos a mantener ambos puentes colgantes, que hoy entregan conectividad en la zona, porque la comunidad ha pedido mantenerlos debido a que forman parte de la historia de la Regi\u00f3n de Ays\u00e9n\u201d.<\/p>\n<\/div><\/section><\/div><\/p>\n<div  style='height:50px' class='hr hr-invisible   avia-builder-el-6  el_after_av_one_full  el_before_av_social_share '><span class='hr-inner ' ><span class='hr-inner-style'><\/span><\/span><\/div>\n<div  class='av-social-sharing-box  avia-builder-el-7  el_after_av_hr  el_before_av_hr  '><div class='av-share-box'><h5 class='av-share-link-description av-no-toc '>Compartir esta noticia<\/h5><ul class='av-share-box-list noLightbox'><li class='av-share-link av-social-link-facebook' ><a target=\"_blank\" aria-label=\"Compartir en Facebook\" href='https:\/\/www.facebook.com\/sharer.php?u=https:\/\/radiorevelacionfm.cl\/?p=51333&#038;t=MOP%20adjudica%20reposici%C3%B3n%20de%20los%20puentes%20Palena%20y%20Rosselot%20en%20la%20zona%20norte%20de%20la%20regi%C3%B3n' aria-hidden='false' data-av_icon='\ue8f3' data-av_iconfont='entypo-fontello' title='' data-avia-related-tooltip='Compartir en Facebook' rel=\"noopener\"><span class='avia_hidden_link_text'>Compartir en Facebook<\/span><\/a><\/li><li class='av-share-link av-social-link-twitter' ><a target=\"_blank\" aria-label=\"Compartir en Twitter\" href='https:\/\/twitter.com\/share?text=MOP%20adjudica%20reposici%C3%B3n%20de%20los%20puentes%20Palena%20y%20Rosselot%20en%20la%20zona%20norte%20de%20la%20regi%C3%B3n&#038;url=https:\/\/radiorevelacionfm.cl\/?p=51333' aria-hidden='false' data-av_icon='\ue8f1' data-av_iconfont='entypo-fontello' title='' data-avia-related-tooltip='Compartir en Twitter' rel=\"noopener\"><span class='avia_hidden_link_text'>Compartir en Twitter<\/span><\/a><\/li><li class='av-share-link av-social-link-whatsapp' ><a target=\"_blank\" aria-label=\"Compartir en Whatsapp\" href='https:\/\/api.whatsapp.com\/send?text=https:\/\/radiorevelacionfm.cl\/?p=51333' aria-hidden='false' data-av_icon='\uf232' data-av_iconfont='entypo-fontello' title='' data-avia-related-tooltip='Compartir en Whatsapp' rel=\"noopener\"><span class='avia_hidden_link_text'>Compartir en Whatsapp<\/span><\/a><\/li><li class='av-share-link av-social-link-linkedin' ><a target=\"_blank\" aria-label=\"Compartir en LinkedIn\" href='https:\/\/linkedin.com\/shareArticle?mini=true&#038;title=MOP%20adjudica%20reposici%C3%B3n%20de%20los%20puentes%20Palena%20y%20Rosselot%20en%20la%20zona%20norte%20de%20la%20regi%C3%B3n&#038;url=https:\/\/radiorevelacionfm.cl\/?p=51333' aria-hidden='false' data-av_icon='\ue8fc' data-av_iconfont='entypo-fontello' title='' data-avia-related-tooltip='Compartir en LinkedIn' rel=\"noopener\"><span class='avia_hidden_link_text'>Compartir en LinkedIn<\/span><\/a><\/li><li class='av-share-link av-social-link-mail' ><a  aria-label=\"Compartir por correo\" href='mailto:?subject=MOP%20adjudica%20reposici%C3%B3n%20de%20los%20puentes%20Palena%20y%20Rosselot%20en%20la%20zona%20norte%20de%20la%20regi%C3%B3n&#038;body=https:\/\/radiorevelacionfm.cl\/?p=51333' aria-hidden='false' data-av_icon='\ue805' data-av_iconfont='entypo-fontello' title='' data-avia-related-tooltip='Compartir por correo'><span class='avia_hidden_link_text'>Compartir por correo<\/span><\/a><\/li><\/ul><\/div><\/div>\n<div  style='height:50px' class='hr hr-invisible   avia-builder-el-8  el_after_av_social_share  el_before_av_comments_list '><span class='hr-inner ' ><span class='hr-inner-style'><\/span><\/span><\/div>\n<div  class='av-buildercomment  av-blog-meta-html-info-disabled av-blog-meta-tag-disabled  '><\/div>\n","protected":false},"excerpt":{"rendered":"","protected":false},"author":1,"featured_media":51334,"comment_status":"open","ping_status":"open","sticky":false,"template":"","format":"standard","meta":{"footnotes":""},"categories":[38],"tags":[],"class_list":["post-51333","post","type-post","status-publish","format-standard","has-post-thumbnail","hentry","category-regional"],"jetpack_featured_media_url":"https:\/\/radiorevelacionfm.cl\/wp-content\/uploads\/2025\/03\/puente-en-rio-palena-1-1_optimized-1.jpg","_links":{"self":[{"href":"https:\/\/radiorevelacionfm.cl\/index.php?rest_route=\/wp\/v2\/posts\/51333","targetHints":{"allow":["GET"]}}],"collection":[{"href":"https:\/\/radiorevelacionfm.cl\/index.php?rest_route=\/wp\/v2\/posts"}],"about":[{"href":"https:\/\/radiorevelacionfm.cl\/index.php?rest_route=\/wp\/v2\/types\/post"}],"author":[{"embeddable":true,"href":"https:\/\/radiorevelacionfm.cl\/index.php?rest_route=\/wp\/v2\/users\/1"}],"replies":[{"embeddable":true,"href":"https:\/\/radiorevelacionfm.cl\/index.php?rest_route=%2Fwp%2Fv2%2Fcomments&post=51333"}],"version-history":[{"count":2,"href":"https:\/\/radiorevelacionfm.cl\/index.php?rest_route=\/wp\/v2\/posts\/51333\/revisions"}],"predecessor-version":[{"id":51336,"href":"https:\/\/radiorevelacionfm.cl\/index.php?rest_route=\/wp\/v2\/posts\/51333\/revisions\/51336"}],"wp:featuredmedia":[{"embeddable":true,"href":"https:\/\/radiorevelacionfm.cl\/index.php?rest_route=\/wp\/v2\/media\/51334"}],"wp:attachment":[{"href":"https:\/\/radiorevelacionfm.cl\/index.php?rest_route=%2Fwp%2Fv2%2Fmedia&parent=51333"}],"wp:term":[{"taxonomy":"category","embeddable":true,"href":"https:\/\/radiorevelacionfm.cl\/index.php?rest_route=%2Fwp%2Fv2%2Fcategories&post=51333"},{"taxonomy":"post_tag","embeddable":true,"href":"https:\/\/radiorevelacionfm.cl\/index.php?rest_route=%2Fwp%2Fv2%2Ftags&post=51333"}],"curies":[{"name":"wp","href":"https:\/\/api.w.org\/{rel}","templated":true}]}}