{"id":51330,"date":"2025-03-11T20:03:46","date_gmt":"2025-03-11T23:03:46","guid":{"rendered":"https:\/\/radiorevelacionfm.cl\/?p=51330"},"modified":"2025-03-11T20:03:46","modified_gmt":"2025-03-11T23:03:46","slug":"diputados-de-aysen-pidieron-la-renuncia-de-la-seremi-de-educacion-por-protestas-de-apoderados-de-la-escuela-despertar-de-puerto-aysen","status":"publish","type":"post","link":"https:\/\/radiorevelacionfm.cl\/?p=51330","title":{"rendered":"Diputados de Ays\u00e9n pidieron la renuncia de la Seremi de Educaci\u00f3n por protestas de apoderados de la Escuela Despertar de Puerto Ays\u00e9n"},"content":{"rendered":"<div class=\"flex_column av_one_full  flex_column_div av-zero-column-padding first  avia-builder-el-0  el_before_av_one_full  avia-builder-el-first  \" style='border-radius:0px; '><div  class='avia-image-container  av-styling-    avia-builder-el-1  avia-builder-el-no-sibling  avia-align-center '  itemprop=\"image\" itemscope=\"itemscope\" itemtype=\"https:\/\/schema.org\/ImageObject\"  ><div class='avia-image-container-inner'><div class='avia-image-overlay-wrap'><img decoding=\"async\" class='wp-image-51331 avia-img-lazy-loading-not-51331 avia_image' src=\"https:\/\/radiorevelacionfm.cl\/wp-content\/uploads\/2025\/03\/FOTO-REU-MINISTRO-ELIZALDE-1-1.jpeg\" alt='' title='FOTO REU MINISTRO ELIZALDE (1) (1)' height=\"600\" width=\"919\"  itemprop=\"thumbnailUrl\" srcset=\"https:\/\/radiorevelacionfm.cl\/wp-content\/uploads\/2025\/03\/FOTO-REU-MINISTRO-ELIZALDE-1-1.jpeg 919w, https:\/\/radiorevelacionfm.cl\/wp-content\/uploads\/2025\/03\/FOTO-REU-MINISTRO-ELIZALDE-1-1-300x196.jpeg 300w, https:\/\/radiorevelacionfm.cl\/wp-content\/uploads\/2025\/03\/FOTO-REU-MINISTRO-ELIZALDE-1-1-768x501.jpeg 768w, https:\/\/radiorevelacionfm.cl\/wp-content\/uploads\/2025\/03\/FOTO-REU-MINISTRO-ELIZALDE-1-1-705x460.jpeg 705w, https:\/\/radiorevelacionfm.cl\/wp-content\/uploads\/2025\/03\/FOTO-REU-MINISTRO-ELIZALDE-1-1-450x294.jpeg 450w, https:\/\/radiorevelacionfm.cl\/wp-content\/uploads\/2025\/03\/FOTO-REU-MINISTRO-ELIZALDE-1-1-600x392.jpeg 600w\" sizes=\"(max-width: 919px) 100vw, 919px\" \/><\/div><\/div><\/div><\/div><div class=\"flex_column av_one_full  flex_column_div av-zero-column-padding first  avia-builder-el-2  el_after_av_one_full  el_before_av_one_full  column-top-margin\" style='border-radius:0px; '><section class=\"av_textblock_section \"  itemscope=\"itemscope\" itemtype=\"https:\/\/schema.org\/BlogPosting\" itemprop=\"blogPost\" ><div class='avia_textblock  '   itemprop=\"text\" ><p style=\"text-align: center;\"><strong><span style=\"font-size: 18pt;\">Diputados de Ays\u00e9n pidieron la renuncia de la Seremi de Educaci\u00f3n por protestas de apoderados de la Escuela Despertar de Puerto Ays\u00e9n<\/span><\/strong><\/p>\n<div id=\"gtx-trans\" style=\"position: absolute; left: -50px; top: 4.31534px;\">\n<div class=\"gtx-trans-icon\"><\/div>\n<\/div>\n<\/div><\/section><\/div><div class=\"flex_column av_one_full  flex_column_div av-zero-column-padding first  avia-builder-el-4  el_after_av_one_full  el_before_av_hr  column-top-margin\" style='border-radius:0px; '><section class=\"av_textblock_section \"  itemscope=\"itemscope\" itemtype=\"https:\/\/schema.org\/BlogPosting\" itemprop=\"blogPost\" ><div class='avia_textblock  '   itemprop=\"text\" ><p style=\"font-weight: 400; text-align: justify;\">Los tres diputados de la Regi\u00f3n de Ays\u00e9n, Ren\u00e9 Alinco, Marcia Raphael y Miguel \u00c1ngel Calisto se reunieron esta tarde con el Ministro del Interior, \u00c1lvaro Elizalde, para solicitarle la renuncia de la Seremi de Educaci\u00f3n, Isabel Garrido, a quien acusan de inacci\u00f3n ante las manifestaciones que est\u00e1n realizando hace dos d\u00edas los apoderados del colegio Despertar de Puerto Ays\u00e9n, quienes mantienen cortado el camino que une esa ciudad con Puerto Chacabuco.<\/p>\n<p style=\"font-weight: 400; text-align: justify;\">Los apoderados han manifestado su molestia luego que desde el Ministerio de Educaci\u00f3n se les confirmara que no se implementar\u00e1 una escuela modular, tal como se hab\u00eda comprometido el propio Ministro Nicol\u00e1s Cataldo hace algunos meses por el mal estado de las instalaciones. Esto deriv\u00f3 en manifestaciones y en la toma de la ruta, que es la puerta de ingreso de distintos productos a la regi\u00f3n de Ays\u00e9n.<\/p>\n<p style=\"font-weight: 400; text-align: justify;\">Seg\u00fan el diputado Calisto, \u201cle planteamos al Ministro Elizalde la preocupaci\u00f3n que existe en Ays\u00e9n respecto al corte de la ruta entre Puerto Ays\u00e9n y Chacabuco, los problemas de abastecimiento que ya estamos teniendo, los problemas que afectan a la industria salmonera, a la industria de la pesca blanca y a toda la comunidad en general debido a esta situaci\u00f3n, pero lo m\u00e1s importante, c\u00f3mo esto afecta a los apoderados y a los alumnos de esta escuela\u201d.<\/p>\n<p style=\"font-weight: 400; text-align: justify;\">\u201cEsta es una situaci\u00f3n que nosotros no vamos a tolerar y por eso los tres diputados nos juntamos con el se\u00f1or ministro del interior para exigirle que tome decisiones respecto a la se\u00f1ora Seremi de Educaci\u00f3n, quien no es una interlocutora v\u00e1lida en relaci\u00f3n con los apoderados. Hay que evitar que esto siga creciendo, hay que evitar la afectaci\u00f3n mayor a la comunidad\u201d, indic\u00f3.<\/p>\n<p style=\"font-weight: 400; text-align: justify;\">Por su parte, Marcia Raphael se\u00f1al\u00f3 que \u201cesto, la verdad, es que se ve\u00eda venir y se pudo haber evitado. Tener claramente el tema de una escuela modular ofrecida y comprometida por el Ministro, que hace ocho meses atr\u00e1s \u00e9l firm\u00f3 este compromiso y hoy d\u00eda, despu\u00e9s de ocho meses, se viene a decir que t\u00e9cnicamente no es posible\u201d.<\/p>\n<p style=\"font-weight: 400; text-align: justify;\">\u201cPor supuesto que los padres apoderados de la escuela Despertar se sienten absolutamente enga\u00f1ados, absolutamente burlados. Frente a tener los hijos en un colegio que no es digno para que estudien, con las condiciones en que est\u00e1n estudiando hoy d\u00eda, ellos a gritos est\u00e1n pidiendo un colegio nuevo y no han sido capaces de entregarles una soluci\u00f3n real, una alternativa real, han pasado ya m\u00e1s de ocho meses\u201d, se\u00f1al\u00f3.<\/p>\n<p style=\"font-weight: 400; text-align: justify;\">Raphael indic\u00f3 que \u201cesto tambi\u00e9n tiene que ver con una mala gesti\u00f3n de la Seremi de Educaci\u00f3n. Ella el primer d\u00eda no quiso, no ha querido y ha demostrado claramente frente a los padres que no ve esta alternativa viable. Hoy d\u00eda el resultado lo tenemos ac\u00e1\u201d.<\/p>\n<p style=\"font-weight: 400; text-align: justify;\">El diputado Ren\u00e9 Alinco se\u00f1al\u00f3 que \u201cla petici\u00f3n de los padres y apoderados de la escuela de despertar de Puerto Ays\u00e9n es clara, la renuncia inmediata de la se\u00f1orita Seremi para volver a sentarse en una mesa y volver a negociar. Ellos est\u00e1n dispuestos a conversar, pero con alguien que tenga una mentalidad positiva\u201d.<\/p>\n<p style=\"font-weight: 400; text-align: justify;\">Finalmente, Alinco se\u00f1al\u00f3 que \u201cest\u00e1 demostrado de que la actual Seremi no quiere solucionar el problema de los ni\u00f1os de la escuela de Despertar. As\u00ed que en esa posici\u00f3n estamos, nos reunimos con el ministro Elizalde y en este momento est\u00e1 reunido con el ministro Cataldo y despu\u00e9s nos va a dar una respuesta para entreg\u00e1rsela a los dirigentes y a la comunidad de Puerto Ays\u00e9n\u201d.<\/p>\n<\/div><\/section><\/div><div  style='height:50px' class='hr hr-invisible   avia-builder-el-6  el_after_av_one_full  el_before_av_social_share '><span class='hr-inner ' ><span class='hr-inner-style'><\/span><\/span><\/div><\/p>\n<div  class='av-social-sharing-box  avia-builder-el-7  el_after_av_hr  el_before_av_hr  '><div class='av-share-box'><h5 class='av-share-link-description av-no-toc '>Compartir esta noticia<\/h5><ul class='av-share-box-list noLightbox'><li class='av-share-link av-social-link-facebook' ><a target=\"_blank\" aria-label=\"Compartir en Facebook\" href='https:\/\/www.facebook.com\/sharer.php?u=https:\/\/radiorevelacionfm.cl\/?p=51330&#038;t=Diputados%20de%20Ays%C3%A9n%20pidieron%20la%20renuncia%20de%20la%20Seremi%20de%20Educaci%C3%B3n%20por%20protestas%20de%20apoderados%20de%20la%20Escuela%20Despertar%20de%20Puerto%20Ays%C3%A9n' aria-hidden='false' data-av_icon='\ue8f3' data-av_iconfont='entypo-fontello' title='' data-avia-related-tooltip='Compartir en Facebook' rel=\"noopener\"><span class='avia_hidden_link_text'>Compartir en Facebook<\/span><\/a><\/li><li class='av-share-link av-social-link-twitter' ><a target=\"_blank\" aria-label=\"Compartir en Twitter\" href='https:\/\/twitter.com\/share?text=Diputados%20de%20Ays%C3%A9n%20pidieron%20la%20renuncia%20de%20la%20Seremi%20de%20Educaci%C3%B3n%20por%20protestas%20de%20apoderados%20de%20la%20Escuela%20Despertar%20de%20Puerto%20Ays%C3%A9n&#038;url=https:\/\/radiorevelacionfm.cl\/?p=51330' aria-hidden='false' data-av_icon='\ue8f1' data-av_iconfont='entypo-fontello' title='' data-avia-related-tooltip='Compartir en Twitter' rel=\"noopener\"><span class='avia_hidden_link_text'>Compartir en Twitter<\/span><\/a><\/li><li class='av-share-link av-social-link-whatsapp' ><a target=\"_blank\" aria-label=\"Compartir en Whatsapp\" href='https:\/\/api.whatsapp.com\/send?text=https:\/\/radiorevelacionfm.cl\/?p=51330' aria-hidden='false' data-av_icon='\uf232' data-av_iconfont='entypo-fontello' title='' data-avia-related-tooltip='Compartir en Whatsapp' rel=\"noopener\"><span class='avia_hidden_link_text'>Compartir en Whatsapp<\/span><\/a><\/li><li class='av-share-link av-social-link-linkedin' ><a target=\"_blank\" aria-label=\"Compartir en LinkedIn\" href='https:\/\/linkedin.com\/shareArticle?mini=true&#038;title=Diputados%20de%20Ays%C3%A9n%20pidieron%20la%20renuncia%20de%20la%20Seremi%20de%20Educaci%C3%B3n%20por%20protestas%20de%20apoderados%20de%20la%20Escuela%20Despertar%20de%20Puerto%20Ays%C3%A9n&#038;url=https:\/\/radiorevelacionfm.cl\/?p=51330' aria-hidden='false' data-av_icon='\ue8fc' data-av_iconfont='entypo-fontello' title='' data-avia-related-tooltip='Compartir en LinkedIn' rel=\"noopener\"><span class='avia_hidden_link_text'>Compartir en LinkedIn<\/span><\/a><\/li><li class='av-share-link av-social-link-mail' ><a  aria-label=\"Compartir por correo\" href='mailto:?subject=Diputados%20de%20Ays%C3%A9n%20pidieron%20la%20renuncia%20de%20la%20Seremi%20de%20Educaci%C3%B3n%20por%20protestas%20de%20apoderados%20de%20la%20Escuela%20Despertar%20de%20Puerto%20Ays%C3%A9n&#038;body=https:\/\/radiorevelacionfm.cl\/?p=51330' aria-hidden='false' data-av_icon='\ue805' data-av_iconfont='entypo-fontello' title='' data-avia-related-tooltip='Compartir por correo'><span class='avia_hidden_link_text'>Compartir por correo<\/span><\/a><\/li><\/ul><\/div><\/div>\n<div  style='height:50px' class='hr hr-invisible   avia-builder-el-8  el_after_av_social_share  el_before_av_comments_list '><span class='hr-inner ' ><span class='hr-inner-style'><\/span><\/span><\/div>\n<div  class='av-buildercomment  av-blog-meta-html-info-disabled av-blog-meta-tag-disabled  '><\/div>\n","protected":false},"excerpt":{"rendered":"","protected":false},"author":1,"featured_media":51331,"comment_status":"open","ping_status":"open","sticky":false,"template":"","format":"standard","meta":{"footnotes":""},"categories":[35],"tags":[],"class_list":["post-51330","post","type-post","status-publish","format-standard","has-post-thumbnail","hentry","category-politica"],"jetpack_featured_media_url":"https:\/\/radiorevelacionfm.cl\/wp-content\/uploads\/2025\/03\/FOTO-REU-MINISTRO-ELIZALDE-1-1.jpeg","_links":{"self":[{"href":"https:\/\/radiorevelacionfm.cl\/index.php?rest_route=\/wp\/v2\/posts\/51330","targetHints":{"allow":["GET"]}}],"collection":[{"href":"https:\/\/radiorevelacionfm.cl\/index.php?rest_route=\/wp\/v2\/posts"}],"about":[{"href":"https:\/\/radiorevelacionfm.cl\/index.php?rest_route=\/wp\/v2\/types\/post"}],"author":[{"embeddable":true,"href":"https:\/\/radiorevelacionfm.cl\/index.php?rest_route=\/wp\/v2\/users\/1"}],"replies":[{"embeddable":true,"href":"https:\/\/radiorevelacionfm.cl\/index.php?rest_route=%2Fwp%2Fv2%2Fcomments&post=51330"}],"version-history":[{"count":1,"href":"https:\/\/radiorevelacionfm.cl\/index.php?rest_route=\/wp\/v2\/posts\/51330\/revisions"}],"predecessor-version":[{"id":51332,"href":"https:\/\/radiorevelacionfm.cl\/index.php?rest_route=\/wp\/v2\/posts\/51330\/revisions\/51332"}],"wp:featuredmedia":[{"embeddable":true,"href":"https:\/\/radiorevelacionfm.cl\/index.php?rest_route=\/wp\/v2\/media\/51331"}],"wp:attachment":[{"href":"https:\/\/radiorevelacionfm.cl\/index.php?rest_route=%2Fwp%2Fv2%2Fmedia&parent=51330"}],"wp:term":[{"taxonomy":"category","embeddable":true,"href":"https:\/\/radiorevelacionfm.cl\/index.php?rest_route=%2Fwp%2Fv2%2Fcategories&post=51330"},{"taxonomy":"post_tag","embeddable":true,"href":"https:\/\/radiorevelacionfm.cl\/index.php?rest_route=%2Fwp%2Fv2%2Ftags&post=51330"}],"curies":[{"name":"wp","href":"https:\/\/api.w.org\/{rel}","templated":true}]}}