{"id":51324,"date":"2025-03-12T10:38:26","date_gmt":"2025-03-12T13:38:26","guid":{"rendered":"https:\/\/radiorevelacionfm.cl\/?p=51324"},"modified":"2025-03-12T10:38:26","modified_gmt":"2025-03-12T13:38:26","slug":"seremi-del-mop-resalta-obras-en-estos-tres-anos-de-gobierno","status":"publish","type":"post","link":"https:\/\/radiorevelacionfm.cl\/?p=51324","title":{"rendered":"Seremi del MOP resalta obras en estos tres a\u00f1os de gobierno"},"content":{"rendered":"<div class=\"flex_column av_one_full  flex_column_div av-zero-column-padding first  avia-builder-el-0  el_before_av_one_full  avia-builder-el-first  \" style='border-radius:0px; '><div  class='avia-image-container  av-styling-    avia-builder-el-1  avia-builder-el-no-sibling  avia-align-center '  itemprop=\"image\" itemscope=\"itemscope\" itemtype=\"https:\/\/schema.org\/ImageObject\"  ><div class='avia-image-container-inner'><div class='avia-image-overlay-wrap'><img decoding=\"async\" class='wp-image-51325 avia-img-lazy-loading-not-51325 avia_image' src=\"https:\/\/radiorevelacionfm.cl\/wp-content\/uploads\/2025\/03\/casetas-1-1_optimized-1.jpg\" alt='' title='casetas-1-(1)_optimized (1)' height=\"600\" width=\"1067\"  itemprop=\"thumbnailUrl\" srcset=\"https:\/\/radiorevelacionfm.cl\/wp-content\/uploads\/2025\/03\/casetas-1-1_optimized-1.jpg 1067w, https:\/\/radiorevelacionfm.cl\/wp-content\/uploads\/2025\/03\/casetas-1-1_optimized-1-300x169.jpg 300w, https:\/\/radiorevelacionfm.cl\/wp-content\/uploads\/2025\/03\/casetas-1-1_optimized-1-1030x579.jpg 1030w, https:\/\/radiorevelacionfm.cl\/wp-content\/uploads\/2025\/03\/casetas-1-1_optimized-1-768x432.jpg 768w, https:\/\/radiorevelacionfm.cl\/wp-content\/uploads\/2025\/03\/casetas-1-1_optimized-1-705x396.jpg 705w, https:\/\/radiorevelacionfm.cl\/wp-content\/uploads\/2025\/03\/casetas-1-1_optimized-1-450x253.jpg 450w, https:\/\/radiorevelacionfm.cl\/wp-content\/uploads\/2025\/03\/casetas-1-1_optimized-1-600x337.jpg 600w\" sizes=\"(max-width: 1067px) 100vw, 1067px\" \/><\/div><\/div><\/div><\/div><div class=\"flex_column av_one_full  flex_column_div av-zero-column-padding first  avia-builder-el-2  el_after_av_one_full  el_before_av_one_full  column-top-margin\" style='border-radius:0px; '><section class=\"av_textblock_section \"  itemscope=\"itemscope\" itemtype=\"https:\/\/schema.org\/BlogPosting\" itemprop=\"blogPost\" ><div class='avia_textblock  '   itemprop=\"text\" ><p style=\"text-align: center;\"><strong><span style=\"font-size: 18pt;\">Seremi del MOP resalta obras en estos tres a\u00f1os de gobierno <\/span><\/strong><\/p>\n<div id=\"gtx-trans\" style=\"position: absolute; left: -50px; top: 4.31534px;\">\n<div class=\"gtx-trans-icon\"><\/div>\n<\/div>\n<\/div><\/section><\/div><div class=\"flex_column av_one_full  flex_column_div av-zero-column-padding first  avia-builder-el-4  el_after_av_one_full  el_before_av_hr  column-top-margin\" style='border-radius:0px; '><section class=\"av_textblock_section \"  itemscope=\"itemscope\" itemtype=\"https:\/\/schema.org\/BlogPosting\" itemprop=\"blogPost\" ><div class='avia_textblock  '   itemprop=\"text\" ><p style=\"text-align: justify;\">Hasta el camino cruce Aer\u00f3dromo Teniente Vidal-Lago Atravesado-Seis Lagunas, lleg\u00f3 esta tarde la Secretaria Regional Ministerial de Obras P\u00fablicas, Paloma Jara Vald\u00e9s, para inspeccionar los avances que tienen actualmente las obras de pavimentaci\u00f3n de este camino en una extensi\u00f3n de 10,2 km, oportunidad en la que realiz\u00f3 un balance de estos tres a\u00f1os de gesti\u00f3n del gobierno del presidente Gabriel Boric en materia de infraestructura.<\/p>\n<p style=\"text-align: justify;\">Una vez efectuado el recorrido por las obras, la SEREMI del MOP expres\u00f3: \u201cEse contrato de pavimentaci\u00f3n del camino hacia lago Atravesado tiene un avance de 40% y una inversi\u00f3n de nuestra Direcci\u00f3n de Vialidad de 21 mil millones 311 pesos. Este fue el primer contrato de la Direcci\u00f3n de Vialidad con el que se activ\u00f3 la econom\u00eda local, siendo una de las obras emblem\u00e1ticas del Ministerio de Obras P\u00fablicas durante estos tres a\u00f1os de gobierno del presidente Gabriel Boric\u201d.<\/p>\n<p style=\"text-align: justify;\">En la ocasi\u00f3n, Paloma Jara tambi\u00e9n relev\u00f3 algunas obras concluidas y en fase de t\u00e9rmino a la fecha como son \u201cla Rotonda de acceso a Puerto Ays\u00e9n una obra muy esperada; tambi\u00e9n el acceso\/salida norte a Coyhaique, y la primera etapa de recapado en el sector Vista Hermosa\u201d.<\/p>\n<p style=\"text-align: justify;\">La autoridad regional de Obras P\u00fablicas, agreg\u00f3 tambi\u00e9n que \u201cla Direcci\u00f3n Regional de Obras Hidr\u00e1ulicas del MOP con la Subdirecci\u00f3n de Servicios Sanitarios Rurales han logrado la mayor cantidad de Servicios Sanitarios Rurales construidos estos \u00faltimos a\u00f1os, destacando entre ellos los SSR de Fachinal, Villa Jara, La Reserva, Km 23 \u2013Torreones. La Direcci\u00f3n Regional de Obras Portuarias por su parte, avanz\u00f3 en entregar la Caleta de Pescadores de Melinka, una obra emblem\u00e1tica para la comuna de Las Guaitecas y tambi\u00e9n se encuentran en licitaci\u00f3n las naves tanto para el Lago General Carrera como la de O\u00b4Higgins, dando un paso a la conectividad en ambas comunas\u201d<\/p>\n<p style=\"text-align: justify;\">De igual forma, la SEREMI del MOP dijo que en materia a\u00e9rea, \u201cla Direcci\u00f3n Regional de Aeropuertos est\u00e1 licitando la normalizaci\u00f3n del Aer\u00f3dromo en Balmaceda, obra que permitir\u00e1 que existan m\u00e1s aterrizajes con poca visibilidad. Del mismo modo, la Direcci\u00f3n General de Concesiones est\u00e1 construyendo la ampliaci\u00f3n del nuevo Terminal del Aer\u00f3dromo de Balmaceda que permitir\u00e1 m\u00e1s pasajeros y entregar\u00e1 una nueva entrada a la Regi\u00f3n de Ays\u00e9n \u00a0para quienes lleguen v\u00eda a\u00e9rea. Se suma a todo lo anterior, que nuestra Direcci\u00f3n de Arquitectura ha entregado obras que est\u00e1n cambiando la vida de quienes habitamos la regi\u00f3n de Ays\u00e9n, una de ellas es la entrega del edificio de Aduanas, el CFT que ha comenzado las obras de demolici\u00f3n para su nuevo edificio y tambi\u00e9n estaremos prontamente recepcionando las obras del Hospital de Chile Chico\u201d.<\/p>\n<p style=\"text-align: justify;\">Con relaci\u00f3n a la pavimentaci\u00f3n del camino al sector Lago Atravesado, Paloma Jara indic\u00f3 que \u201ceste proyecto busca mejorar de manera significativa la calidad de vida de la gente que reside en este sector, mejorando, los tiempos de viaje y la seguridad de las personas usuarias para que el acceso a la ciudad de Coyhaique sea de manera expedita\u201d.<\/p>\n<p style=\"text-align: justify;\">El nuevo est\u00e1ndar que se le dar\u00e1 a esta ruta implica el desarrollo de obras tales como la pavimentaci\u00f3n del camino, mejoras al alineamiento geom\u00e9trico, obras de saneamiento, se\u00f1alizaci\u00f3n y seguridad vial, iluminaci\u00f3n, y expropiaciones. La empresa a cargo de las obras es la constructora Flesan, quienes ser\u00e1n fiscalizados por la Direcci\u00f3n Regional de Vialidad y el plazo para desarrollar estos trabajos es de 720 d\u00edas.<\/p>\n<\/div><\/section><\/div><div  style='height:50px' class='hr hr-invisible   avia-builder-el-6  el_after_av_one_full  el_before_av_social_share '><span class='hr-inner ' ><span class='hr-inner-style'><\/span><\/span><\/div><\/p>\n<div  class='av-social-sharing-box  avia-builder-el-7  el_after_av_hr  el_before_av_hr  '><div class='av-share-box'><h5 class='av-share-link-description av-no-toc '>Compartir esta noticia<\/h5><ul class='av-share-box-list noLightbox'><li class='av-share-link av-social-link-facebook' ><a target=\"_blank\" aria-label=\"Compartir en Facebook\" href='https:\/\/www.facebook.com\/sharer.php?u=https:\/\/radiorevelacionfm.cl\/?p=51324&#038;t=Seremi%20del%20MOP%20resalta%20obras%20en%20estos%20tres%20a%C3%B1os%20de%20gobierno' aria-hidden='false' data-av_icon='\ue8f3' data-av_iconfont='entypo-fontello' title='' data-avia-related-tooltip='Compartir en Facebook' rel=\"noopener\"><span class='avia_hidden_link_text'>Compartir en Facebook<\/span><\/a><\/li><li class='av-share-link av-social-link-twitter' ><a target=\"_blank\" aria-label=\"Compartir en Twitter\" href='https:\/\/twitter.com\/share?text=Seremi%20del%20MOP%20resalta%20obras%20en%20estos%20tres%20a%C3%B1os%20de%20gobierno&#038;url=https:\/\/radiorevelacionfm.cl\/?p=51324' aria-hidden='false' data-av_icon='\ue8f1' data-av_iconfont='entypo-fontello' title='' data-avia-related-tooltip='Compartir en Twitter' rel=\"noopener\"><span class='avia_hidden_link_text'>Compartir en Twitter<\/span><\/a><\/li><li class='av-share-link av-social-link-whatsapp' ><a target=\"_blank\" aria-label=\"Compartir en Whatsapp\" href='https:\/\/api.whatsapp.com\/send?text=https:\/\/radiorevelacionfm.cl\/?p=51324' aria-hidden='false' data-av_icon='\uf232' data-av_iconfont='entypo-fontello' title='' data-avia-related-tooltip='Compartir en Whatsapp' rel=\"noopener\"><span class='avia_hidden_link_text'>Compartir en Whatsapp<\/span><\/a><\/li><li class='av-share-link av-social-link-linkedin' ><a target=\"_blank\" aria-label=\"Compartir en LinkedIn\" href='https:\/\/linkedin.com\/shareArticle?mini=true&#038;title=Seremi%20del%20MOP%20resalta%20obras%20en%20estos%20tres%20a%C3%B1os%20de%20gobierno&#038;url=https:\/\/radiorevelacionfm.cl\/?p=51324' aria-hidden='false' data-av_icon='\ue8fc' data-av_iconfont='entypo-fontello' title='' data-avia-related-tooltip='Compartir en LinkedIn' rel=\"noopener\"><span class='avia_hidden_link_text'>Compartir en LinkedIn<\/span><\/a><\/li><li class='av-share-link av-social-link-mail' ><a  aria-label=\"Compartir por correo\" href='mailto:?subject=Seremi%20del%20MOP%20resalta%20obras%20en%20estos%20tres%20a%C3%B1os%20de%20gobierno&#038;body=https:\/\/radiorevelacionfm.cl\/?p=51324' aria-hidden='false' data-av_icon='\ue805' data-av_iconfont='entypo-fontello' title='' data-avia-related-tooltip='Compartir por correo'><span class='avia_hidden_link_text'>Compartir por correo<\/span><\/a><\/li><\/ul><\/div><\/div>\n<div  style='height:50px' class='hr hr-invisible   avia-builder-el-8  el_after_av_social_share  el_before_av_comments_list '><span class='hr-inner ' ><span class='hr-inner-style'><\/span><\/span><\/div>\n<div  class='av-buildercomment  av-blog-meta-html-info-disabled av-blog-meta-tag-disabled  '><\/div>\n","protected":false},"excerpt":{"rendered":"","protected":false},"author":1,"featured_media":51325,"comment_status":"open","ping_status":"open","sticky":false,"template":"","format":"standard","meta":{"footnotes":""},"categories":[38],"tags":[],"class_list":["post-51324","post","type-post","status-publish","format-standard","has-post-thumbnail","hentry","category-regional"],"jetpack_featured_media_url":"https:\/\/radiorevelacionfm.cl\/wp-content\/uploads\/2025\/03\/casetas-1-1_optimized-1.jpg","_links":{"self":[{"href":"https:\/\/radiorevelacionfm.cl\/index.php?rest_route=\/wp\/v2\/posts\/51324","targetHints":{"allow":["GET"]}}],"collection":[{"href":"https:\/\/radiorevelacionfm.cl\/index.php?rest_route=\/wp\/v2\/posts"}],"about":[{"href":"https:\/\/radiorevelacionfm.cl\/index.php?rest_route=\/wp\/v2\/types\/post"}],"author":[{"embeddable":true,"href":"https:\/\/radiorevelacionfm.cl\/index.php?rest_route=\/wp\/v2\/users\/1"}],"replies":[{"embeddable":true,"href":"https:\/\/radiorevelacionfm.cl\/index.php?rest_route=%2Fwp%2Fv2%2Fcomments&post=51324"}],"version-history":[{"count":1,"href":"https:\/\/radiorevelacionfm.cl\/index.php?rest_route=\/wp\/v2\/posts\/51324\/revisions"}],"predecessor-version":[{"id":51326,"href":"https:\/\/radiorevelacionfm.cl\/index.php?rest_route=\/wp\/v2\/posts\/51324\/revisions\/51326"}],"wp:featuredmedia":[{"embeddable":true,"href":"https:\/\/radiorevelacionfm.cl\/index.php?rest_route=\/wp\/v2\/media\/51325"}],"wp:attachment":[{"href":"https:\/\/radiorevelacionfm.cl\/index.php?rest_route=%2Fwp%2Fv2%2Fmedia&parent=51324"}],"wp:term":[{"taxonomy":"category","embeddable":true,"href":"https:\/\/radiorevelacionfm.cl\/index.php?rest_route=%2Fwp%2Fv2%2Fcategories&post=51324"},{"taxonomy":"post_tag","embeddable":true,"href":"https:\/\/radiorevelacionfm.cl\/index.php?rest_route=%2Fwp%2Fv2%2Ftags&post=51324"}],"curies":[{"name":"wp","href":"https:\/\/api.w.org\/{rel}","templated":true}]}}