{"id":51321,"date":"2025-03-12T10:18:02","date_gmt":"2025-03-12T13:18:02","guid":{"rendered":"https:\/\/radiorevelacionfm.cl\/?p=51321"},"modified":"2025-03-12T10:37:36","modified_gmt":"2025-03-12T13:37:36","slug":"sandoval-coincide-en-necesidad-de-un-nuevo-puente-sobre-el-rio-simpson","status":"publish","type":"post","link":"https:\/\/radiorevelacionfm.cl\/?p=51321","title":{"rendered":"Sandoval coincide en necesidad de un nuevo puente sobre el r\u00edo Simpson"},"content":{"rendered":"<div class=\"flex_column av_one_full  flex_column_div av-zero-column-padding first  avia-builder-el-0  el_before_av_one_full  avia-builder-el-first  \" style='border-radius:0px; '><div  class='avia-image-container  av-styling-    avia-builder-el-1  avia-builder-el-no-sibling  avia-align-center '  itemprop=\"image\" itemscope=\"itemscope\" itemtype=\"https:\/\/schema.org\/ImageObject\"  ><div class='avia-image-container-inner'><div class='avia-image-overlay-wrap'><img decoding=\"async\" class='wp-image-51337 avia-img-lazy-loading-not-51337 avia_image' src=\"https:\/\/radiorevelacionfm.cl\/wp-content\/uploads\/2025\/03\/puente-piedra-del-indio-photoroom-1-1-1_optimized-1.jpg\" alt='' title='puente-piedra-del-indio-photoroom-(1)-(1)-(1)_optimized (1)' height=\"600\" width=\"1067\"  itemprop=\"thumbnailUrl\" srcset=\"https:\/\/radiorevelacionfm.cl\/wp-content\/uploads\/2025\/03\/puente-piedra-del-indio-photoroom-1-1-1_optimized-1.jpg 1067w, https:\/\/radiorevelacionfm.cl\/wp-content\/uploads\/2025\/03\/puente-piedra-del-indio-photoroom-1-1-1_optimized-1-300x169.jpg 300w, https:\/\/radiorevelacionfm.cl\/wp-content\/uploads\/2025\/03\/puente-piedra-del-indio-photoroom-1-1-1_optimized-1-1030x579.jpg 1030w, https:\/\/radiorevelacionfm.cl\/wp-content\/uploads\/2025\/03\/puente-piedra-del-indio-photoroom-1-1-1_optimized-1-768x432.jpg 768w, https:\/\/radiorevelacionfm.cl\/wp-content\/uploads\/2025\/03\/puente-piedra-del-indio-photoroom-1-1-1_optimized-1-705x396.jpg 705w, https:\/\/radiorevelacionfm.cl\/wp-content\/uploads\/2025\/03\/puente-piedra-del-indio-photoroom-1-1-1_optimized-1-450x253.jpg 450w, https:\/\/radiorevelacionfm.cl\/wp-content\/uploads\/2025\/03\/puente-piedra-del-indio-photoroom-1-1-1_optimized-1-600x337.jpg 600w\" sizes=\"(max-width: 1067px) 100vw, 1067px\" \/><\/div><\/div><\/div><\/div><div class=\"flex_column av_one_full  flex_column_div av-zero-column-padding first  avia-builder-el-2  el_after_av_one_full  el_before_av_one_full  column-top-margin\" style='border-radius:0px; '><section class=\"av_textblock_section \"  itemscope=\"itemscope\" itemtype=\"https:\/\/schema.org\/BlogPosting\" itemprop=\"blogPost\" ><div class='avia_textblock  '   itemprop=\"text\" ><p style=\"text-align: center;\"><strong><span style=\"font-size: 18pt;\">Sandoval coincide en necesidad de un nuevo puente sobre el r\u00edo Simpson<\/span><\/strong><\/p>\n<div id=\"gtx-trans\" style=\"position: absolute; left: -50px; top: 4.31534px;\">\n<div class=\"gtx-trans-icon\"><\/div>\n<\/div>\n<\/div><\/section><\/div><\/p>\n<div class=\"flex_column av_one_full  flex_column_div av-zero-column-padding first  avia-builder-el-4  el_after_av_one_full  el_before_av_hr  column-top-margin\" style='border-radius:0px; '><section class=\"av_textblock_section \"  itemscope=\"itemscope\" itemtype=\"https:\/\/schema.org\/BlogPosting\" itemprop=\"blogPost\" ><div class='avia_textblock  '   itemprop=\"text\" ><p style=\"text-align: justify;\"><em>Parlamentario dijo que, si bien se valora la reapertura del puente Piedra del Indio, comparte la inquietud del alcalde de Coyhaique, Carlos Gatica sobre avanzar en una soluci\u00f3n definitiva.<\/em><\/p>\n<p style=\"text-align: justify;\">\u201cComparto lo que plante\u00f3 el alcalde Carlos Gatica respecto a la necesidad de un nuevo puente sobre el r\u00edo Simpson\u201d. As\u00ed lo se\u00f1al\u00f3 el senador David Sandoval, luego de que se reabriera al uso de la comunidad la pasarela Piedra del Indio en Coyhaique, enfatizando en que se hace indispensable una soluci\u00f3n definitiva en materia de infraestructura caminera en ese sector de la capital regional.<\/p>\n<p style=\"text-align: justify;\">La pasarela Piedra del Indio, se\u00f1al\u00f3, es emblem\u00e1tica para los vecinos, por el atractivo tur\u00edstico que significa, entre otros aspectos, pero dijo que es evidente \u201cque ya cumpli\u00f3 su vida \u00fatil hace mucho tiempo\u201d, sumado a las dificultades de operatividad que generan \u201cun gran cuello de botella y una complejidad con altos grados de riesgo de accidentabilidad\u201d.<\/p>\n<p style=\"text-align: justify;\">Sandoval cree fundamental avanzar en este tema, considerando que se encuentra en el l\u00edmite urbano \u201ca diferencia de lo que pasa, por ejemplo, con la pasarela Pinuer, que est\u00e1 fuera del l\u00edmite urbano y por tanto Obras P\u00fablicas lo mantiene operativo permanentemente\u201d.<\/p>\n<p style=\"text-align: justify;\">El parlamentario comparti\u00f3 el llamado del alcalde Gatica \u201ca sumar los esfuerzos del Ministerio de la Vivienda, del Ministerio de Obras P\u00fablicas, quienes son los que tienen la experiencia, el conocimiento y los t\u00e9cnicos para dise\u00f1ar una nueva accesibilidad hacia la hacia la ciudad de Coyhaique y as\u00ed romper este gran cuello de botella\u201d.<\/p>\n<p style=\"text-align: justify;\">El legislador dijo finalmente que este es un gran tema para la capital regional. \u201cEvidentemente que hay que ya pensar en una nueva alternativa\u201d, concluy\u00f3.<\/p>\n<\/div><\/section><\/div>\n<div  style='height:50px' class='hr hr-invisible   avia-builder-el-6  el_after_av_one_full  el_before_av_social_share '><span class='hr-inner ' ><span class='hr-inner-style'><\/span><\/span><\/div>\n<div  class='av-social-sharing-box  avia-builder-el-7  el_after_av_hr  el_before_av_hr  '><div class='av-share-box'><h5 class='av-share-link-description av-no-toc '>Compartir esta noticia<\/h5><ul class='av-share-box-list noLightbox'><li class='av-share-link av-social-link-facebook' ><a target=\"_blank\" aria-label=\"Compartir en Facebook\" href='https:\/\/www.facebook.com\/sharer.php?u=https:\/\/radiorevelacionfm.cl\/?p=51321&#038;t=Sandoval%20coincide%20en%20necesidad%20de%20un%20nuevo%20puente%20sobre%20el%20r%C3%ADo%20Simpson' aria-hidden='false' data-av_icon='\ue8f3' data-av_iconfont='entypo-fontello' title='' data-avia-related-tooltip='Compartir en Facebook' rel=\"noopener\"><span class='avia_hidden_link_text'>Compartir en Facebook<\/span><\/a><\/li><li class='av-share-link av-social-link-twitter' ><a target=\"_blank\" aria-label=\"Compartir en Twitter\" href='https:\/\/twitter.com\/share?text=Sandoval%20coincide%20en%20necesidad%20de%20un%20nuevo%20puente%20sobre%20el%20r%C3%ADo%20Simpson&#038;url=https:\/\/radiorevelacionfm.cl\/?p=51321' aria-hidden='false' data-av_icon='\ue8f1' data-av_iconfont='entypo-fontello' title='' data-avia-related-tooltip='Compartir en Twitter' rel=\"noopener\"><span class='avia_hidden_link_text'>Compartir en Twitter<\/span><\/a><\/li><li class='av-share-link av-social-link-whatsapp' ><a target=\"_blank\" aria-label=\"Compartir en Whatsapp\" href='https:\/\/api.whatsapp.com\/send?text=https:\/\/radiorevelacionfm.cl\/?p=51321' aria-hidden='false' data-av_icon='\uf232' data-av_iconfont='entypo-fontello' title='' data-avia-related-tooltip='Compartir en Whatsapp' rel=\"noopener\"><span class='avia_hidden_link_text'>Compartir en Whatsapp<\/span><\/a><\/li><li class='av-share-link av-social-link-linkedin' ><a target=\"_blank\" aria-label=\"Compartir en LinkedIn\" href='https:\/\/linkedin.com\/shareArticle?mini=true&#038;title=Sandoval%20coincide%20en%20necesidad%20de%20un%20nuevo%20puente%20sobre%20el%20r%C3%ADo%20Simpson&#038;url=https:\/\/radiorevelacionfm.cl\/?p=51321' aria-hidden='false' data-av_icon='\ue8fc' data-av_iconfont='entypo-fontello' title='' data-avia-related-tooltip='Compartir en LinkedIn' rel=\"noopener\"><span class='avia_hidden_link_text'>Compartir en LinkedIn<\/span><\/a><\/li><li class='av-share-link av-social-link-mail' ><a  aria-label=\"Compartir por correo\" href='mailto:?subject=Sandoval%20coincide%20en%20necesidad%20de%20un%20nuevo%20puente%20sobre%20el%20r%C3%ADo%20Simpson&#038;body=https:\/\/radiorevelacionfm.cl\/?p=51321' aria-hidden='false' data-av_icon='\ue805' data-av_iconfont='entypo-fontello' title='' data-avia-related-tooltip='Compartir por correo'><span class='avia_hidden_link_text'>Compartir por correo<\/span><\/a><\/li><\/ul><\/div><\/div>\n<div  style='height:50px' class='hr hr-invisible   avia-builder-el-8  el_after_av_social_share  el_before_av_comments_list '><span class='hr-inner ' ><span class='hr-inner-style'><\/span><\/span><\/div>\n<div  class='av-buildercomment  av-blog-meta-html-info-disabled av-blog-meta-tag-disabled  '><\/div>\n","protected":false},"excerpt":{"rendered":"","protected":false},"author":1,"featured_media":51337,"comment_status":"open","ping_status":"open","sticky":false,"template":"","format":"standard","meta":{"footnotes":""},"categories":[35],"tags":[],"class_list":["post-51321","post","type-post","status-publish","format-standard","has-post-thumbnail","hentry","category-politica"],"jetpack_featured_media_url":"https:\/\/radiorevelacionfm.cl\/wp-content\/uploads\/2025\/03\/puente-piedra-del-indio-photoroom-1-1-1_optimized-1.jpg","_links":{"self":[{"href":"https:\/\/radiorevelacionfm.cl\/index.php?rest_route=\/wp\/v2\/posts\/51321","targetHints":{"allow":["GET"]}}],"collection":[{"href":"https:\/\/radiorevelacionfm.cl\/index.php?rest_route=\/wp\/v2\/posts"}],"about":[{"href":"https:\/\/radiorevelacionfm.cl\/index.php?rest_route=\/wp\/v2\/types\/post"}],"author":[{"embeddable":true,"href":"https:\/\/radiorevelacionfm.cl\/index.php?rest_route=\/wp\/v2\/users\/1"}],"replies":[{"embeddable":true,"href":"https:\/\/radiorevelacionfm.cl\/index.php?rest_route=%2Fwp%2Fv2%2Fcomments&post=51321"}],"version-history":[{"count":2,"href":"https:\/\/radiorevelacionfm.cl\/index.php?rest_route=\/wp\/v2\/posts\/51321\/revisions"}],"predecessor-version":[{"id":51338,"href":"https:\/\/radiorevelacionfm.cl\/index.php?rest_route=\/wp\/v2\/posts\/51321\/revisions\/51338"}],"wp:featuredmedia":[{"embeddable":true,"href":"https:\/\/radiorevelacionfm.cl\/index.php?rest_route=\/wp\/v2\/media\/51337"}],"wp:attachment":[{"href":"https:\/\/radiorevelacionfm.cl\/index.php?rest_route=%2Fwp%2Fv2%2Fmedia&parent=51321"}],"wp:term":[{"taxonomy":"category","embeddable":true,"href":"https:\/\/radiorevelacionfm.cl\/index.php?rest_route=%2Fwp%2Fv2%2Fcategories&post=51321"},{"taxonomy":"post_tag","embeddable":true,"href":"https:\/\/radiorevelacionfm.cl\/index.php?rest_route=%2Fwp%2Fv2%2Ftags&post=51321"}],"curies":[{"name":"wp","href":"https:\/\/api.w.org\/{rel}","templated":true}]}}