{"id":51318,"date":"2025-03-11T18:09:30","date_gmt":"2025-03-11T21:09:30","guid":{"rendered":"https:\/\/radiorevelacionfm.cl\/?p=51318"},"modified":"2025-03-11T18:09:30","modified_gmt":"2025-03-11T21:09:30","slug":"minagri-aysen-desarrolla-con-exito-el-espacio-del-agro-en-la-expo-patagonia-2025","status":"publish","type":"post","link":"https:\/\/radiorevelacionfm.cl\/?p=51318","title":{"rendered":"Minagri Ays\u00e9n desarrolla con \u00e9xito el espacio del Agro en la Expo Patagonia 2025"},"content":{"rendered":"<div class=\"flex_column av_one_full  flex_column_div av-zero-column-padding first  avia-builder-el-0  el_before_av_one_full  avia-builder-el-first  \" style='border-radius:0px; '><div  class='avia-image-container  av-styling-    avia-builder-el-1  avia-builder-el-no-sibling  avia-align-center '  itemprop=\"image\" itemscope=\"itemscope\" itemtype=\"https:\/\/schema.org\/ImageObject\"  ><div class='avia-image-container-inner'><div class='avia-image-overlay-wrap'><img decoding=\"async\" class='wp-image-51319 avia-img-lazy-loading-not-51319 avia_image' src=\"https:\/\/radiorevelacionfm.cl\/wp-content\/uploads\/2025\/03\/image00005-3-1-1.jpeg\" alt='' title='image00005 (3) (1) (1)' height=\"600\" width=\"800\"  itemprop=\"thumbnailUrl\" srcset=\"https:\/\/radiorevelacionfm.cl\/wp-content\/uploads\/2025\/03\/image00005-3-1-1.jpeg 800w, https:\/\/radiorevelacionfm.cl\/wp-content\/uploads\/2025\/03\/image00005-3-1-1-300x225.jpeg 300w, https:\/\/radiorevelacionfm.cl\/wp-content\/uploads\/2025\/03\/image00005-3-1-1-768x576.jpeg 768w, https:\/\/radiorevelacionfm.cl\/wp-content\/uploads\/2025\/03\/image00005-3-1-1-705x529.jpeg 705w, https:\/\/radiorevelacionfm.cl\/wp-content\/uploads\/2025\/03\/image00005-3-1-1-450x338.jpeg 450w, https:\/\/radiorevelacionfm.cl\/wp-content\/uploads\/2025\/03\/image00005-3-1-1-600x450.jpeg 600w\" sizes=\"(max-width: 800px) 100vw, 800px\" \/><\/div><\/div><\/div><\/div><div class=\"flex_column av_one_full  flex_column_div av-zero-column-padding first  avia-builder-el-2  el_after_av_one_full  el_before_av_one_full  column-top-margin\" style='border-radius:0px; '><section class=\"av_textblock_section \"  itemscope=\"itemscope\" itemtype=\"https:\/\/schema.org\/BlogPosting\" itemprop=\"blogPost\" ><div class='avia_textblock  '   itemprop=\"text\" ><p style=\"text-align: center;\"><span style=\"font-size: 18pt;\"><b>Minagri Ays\u00e9n desarrolla con \u00e9xito el espacio del Agro en la Expo Patagonia 2025<\/b><\/span><\/p>\n<div id=\"gtx-trans\" style=\"position: absolute; left: -50px; top: 4.31534px;\">\n<div class=\"gtx-trans-icon\"><\/div>\n<\/div>\n<\/div><\/section><\/div><div class=\"flex_column av_one_full  flex_column_div av-zero-column-padding first  avia-builder-el-4  el_after_av_one_full  el_before_av_hr  column-top-margin\" style='border-radius:0px; '><section class=\"av_textblock_section \"  itemscope=\"itemscope\" itemtype=\"https:\/\/schema.org\/BlogPosting\" itemprop=\"blogPost\" ><div class='avia_textblock  '   itemprop=\"text\" ><p style=\"text-align: justify;\"><em>Fueron tres d\u00edas de instancias did\u00e1cticas y venta de productos del campo, a las que se sum\u00f3 la conmemoraci\u00f3n del 8M para mujeres rurales y funcionarias del Agro durante la jornada del s\u00e1bado.<\/em><\/p>\n<p style=\"text-align: justify;\">El seremi de Agricultura de Ays\u00e9n, Eugenio Ruiz Espinoza, junto a directoras, directores y profesionales de SAG, INIA Tamel Aike, Infor Patagonia, INDAP y Conaf Ays\u00e9n, estuvo presente el reci\u00e9n pasado 7, 8 y 9 de marzo en la carpa Minagri de la Expo Patagonia 2025, instancia articulada por la Ilustre Municipalidad de Coyhaique en el Parque Urbano de Coyhaique.<\/p>\n<p style=\"text-align: justify;\">Productoras de Chile Chico, Las Guaitecas, Ays\u00e9n y Coyhaique que est\u00e1n vinculadas a programas e instrumentos de fomento del Ministerio de Agricultura estuvieron durante las tres jornadas con venta de productos, donde se destacaron con \u00e9xito las artesan\u00edas en lana, productos frescos como frutas y hortalizas, artesan\u00edas en junquillo, forestales no madereros, plantas, flores, aceites esenciales y mermeladas.<\/p>\n<p style=\"text-align: justify;\">Vivero Limay, Huerto Do\u00f1a Teo, Aylincita, La Nonna Teje, Huerto Awitem, Ilimai, Vientos del Galera Artesan\u00edas Las Golondrinas, Enredando lanas, Colores al Viento, Productos Levi\u00f1anco, Emelina Frutas y Hortalizas, AG Mujeres de la Patagonia, Los Troncos, Jos\u00e9 Fuentes Sierra, Huerto Alma Aurora Paisajes, Mirta Mardones y Artesan\u00edas Lago Castor fueron los emprendimientos reunidos en la carpa Minagri.<\/p>\n<p style=\"text-align: justify;\">La segunda jornada tuvo especial menci\u00f3n de conmemorar el D\u00eda Internacional de la Mujer y visibilizar la constante labor silvoagropecuaria que lideran las productoras en la Patagonia. En ese contexto, el seremi Ruiz acompa\u00f1ado de directoras del Agro, encabez\u00f3 la apertura del encuentro con un especial reconocimiento a las mujeres rurales presentes.<\/p>\n<p style=\"text-align: justify;\">\u00abEste 8 de marzo recordamos que el campo tiene manos y ra\u00edces de mujer, por ello hicimos el esfuerzo de estar nuevamente en esta Expo Patagonia con 20 mujeres rurales que exponen sus productos que vienen del campo a la ciudad, permitiendo dar a conocer sus emprendimientos, comercializarlos y fortalecer su econom\u00eda familiar. Adem\u00e1s, estas actividades permiten visualizar el trabajo y la intervenci\u00f3n del Ministerio de Agricultura en Ays\u00e9n, lo que es el resultado de programas y proyectos que se realizan en nuestra ruralidad regional\u00bb, detall\u00f3 el seremi Eugenio Ruiz.<\/p>\n<p style=\"text-align: justify;\">La productora del Huerto \u00abDo\u00f1a Teo\u00bb ubicado en el sector Mano Negra, Marta Soto Ruiz, sostuvo que \u00abmi experiencia ha sido muy buena y agradecida tambi\u00e9n de la invitaci\u00f3n para generar espacios de comercializaci\u00f3n aqu\u00ed en la carpa Minagri. Nosotras las campesinas necesitamos estos espacios para vender nuestros productos. La experiencia ha sido muy bonita y relevante porque hemos compartido con otras artesanas y nos involucramos (&#8230;) Tambi\u00e9n han sido buenas las ventas y ya el s\u00e1bado por la ma\u00f1ana estaba casi todo vendido\u00bb.<\/p>\n<p style=\"text-align: justify;\">\u00abCultivar la tierra y nuestros productos es una tremenda satisfacci\u00f3n. Nosotras tenemos las manos y tenemos nuestras ra\u00edces de mujeres pioneras. Este 8 de marzo se releva el D\u00eda de la Mujer y venimos a hacer historia nosotras. Por ejemplo, en el caso m\u00edo, yo vengo a realzar el trabajo de mi madre\u00bb, finaliz\u00f3 Marta Soto.<\/p>\n<p style=\"text-align: justify;\">Por otro lado, INIA Tamel Aike estuvo presente con una muestra animal para todas y todos los visitantes. El plantel ovino de razas Dohne Merino, Border Leicester, Poll Dorset y Fris\u00f3n Oriental expuesto durante el s\u00e1bado 8 fue liderado por profesionales e investigadoras del servicio.<\/p>\n<p style=\"text-align: justify;\">El Instituto Nacional Forestal Patagonia (INFOR), entreg\u00f3 especies arb\u00f3reas a la comunidad; mientras SAG Ays\u00e9n se present\u00f3 con un espacio interactivo de muestras de insectos y uso de microscopio para identificar microorganismos, haciendo \u00e9nfasis en el trabajo de investigaci\u00f3n, fiscalizaci\u00f3n y sanidad que realizan como instituci\u00f3n.<\/p>\n<p style=\"text-align: justify;\">Desde su carpa aleda\u00f1a a Minagri, CONAF Ays\u00e9n expuso el trabajo de recursos naturales y cont\u00f3 con la presencia de brigadistas para incentivar la prevenci\u00f3n contra incendios forestales, adem\u00e1s del corp\u00f3reo de Forest\u00edn para alegrar a los m\u00e1s peque\u00f1os.<\/p>\n<p style=\"text-align: justify;\">Para finalizar las jornadas en la Expo, la Secretar\u00eda Regional Ministerial de Agricultura en alianza con la Asociaci\u00f3n de Criadores de Caballos Raza Chilena de Ays\u00e9n, desarroll\u00f3 el domingo 9 el taller abierto sobre las \u00abcaracter\u00edsticas del caballo de raza chilena\u00bb, dictado por el jurado de su Federaci\u00f3n Nacional, Guillermo S\u00e1nchez Vergara.<\/p>\n<\/div><\/section><\/div><div  style='height:50px' class='hr hr-invisible   avia-builder-el-6  el_after_av_one_full  el_before_av_social_share '><span class='hr-inner ' ><span class='hr-inner-style'><\/span><\/span><\/div><\/p>\n<div  class='av-social-sharing-box  avia-builder-el-7  el_after_av_hr  el_before_av_hr  '><div class='av-share-box'><h5 class='av-share-link-description av-no-toc '>Compartir esta noticia<\/h5><ul class='av-share-box-list noLightbox'><li class='av-share-link av-social-link-facebook' ><a target=\"_blank\" aria-label=\"Compartir en Facebook\" href='https:\/\/www.facebook.com\/sharer.php?u=https:\/\/radiorevelacionfm.cl\/?p=51318&#038;t=Minagri%20Ays%C3%A9n%20desarrolla%20con%20%C3%A9xito%20el%20espacio%20del%20Agro%20en%20la%20Expo%20Patagonia%202025' aria-hidden='false' data-av_icon='\ue8f3' data-av_iconfont='entypo-fontello' title='' data-avia-related-tooltip='Compartir en Facebook' rel=\"noopener\"><span class='avia_hidden_link_text'>Compartir en Facebook<\/span><\/a><\/li><li class='av-share-link av-social-link-twitter' ><a target=\"_blank\" aria-label=\"Compartir en Twitter\" href='https:\/\/twitter.com\/share?text=Minagri%20Ays%C3%A9n%20desarrolla%20con%20%C3%A9xito%20el%20espacio%20del%20Agro%20en%20la%20Expo%20Patagonia%202025&#038;url=https:\/\/radiorevelacionfm.cl\/?p=51318' aria-hidden='false' data-av_icon='\ue8f1' data-av_iconfont='entypo-fontello' title='' data-avia-related-tooltip='Compartir en Twitter' rel=\"noopener\"><span class='avia_hidden_link_text'>Compartir en Twitter<\/span><\/a><\/li><li class='av-share-link av-social-link-whatsapp' ><a target=\"_blank\" aria-label=\"Compartir en Whatsapp\" href='https:\/\/api.whatsapp.com\/send?text=https:\/\/radiorevelacionfm.cl\/?p=51318' aria-hidden='false' data-av_icon='\uf232' data-av_iconfont='entypo-fontello' title='' data-avia-related-tooltip='Compartir en Whatsapp' rel=\"noopener\"><span class='avia_hidden_link_text'>Compartir en Whatsapp<\/span><\/a><\/li><li class='av-share-link av-social-link-linkedin' ><a target=\"_blank\" aria-label=\"Compartir en LinkedIn\" href='https:\/\/linkedin.com\/shareArticle?mini=true&#038;title=Minagri%20Ays%C3%A9n%20desarrolla%20con%20%C3%A9xito%20el%20espacio%20del%20Agro%20en%20la%20Expo%20Patagonia%202025&#038;url=https:\/\/radiorevelacionfm.cl\/?p=51318' aria-hidden='false' data-av_icon='\ue8fc' data-av_iconfont='entypo-fontello' title='' data-avia-related-tooltip='Compartir en LinkedIn' rel=\"noopener\"><span class='avia_hidden_link_text'>Compartir en LinkedIn<\/span><\/a><\/li><li class='av-share-link av-social-link-mail' ><a  aria-label=\"Compartir por correo\" href='mailto:?subject=Minagri%20Ays%C3%A9n%20desarrolla%20con%20%C3%A9xito%20el%20espacio%20del%20Agro%20en%20la%20Expo%20Patagonia%202025&#038;body=https:\/\/radiorevelacionfm.cl\/?p=51318' aria-hidden='false' data-av_icon='\ue805' data-av_iconfont='entypo-fontello' title='' data-avia-related-tooltip='Compartir por correo'><span class='avia_hidden_link_text'>Compartir por correo<\/span><\/a><\/li><\/ul><\/div><\/div>\n<div  style='height:50px' class='hr hr-invisible   avia-builder-el-8  el_after_av_social_share  el_before_av_comments_list '><span class='hr-inner ' ><span class='hr-inner-style'><\/span><\/span><\/div>\n<div  class='av-buildercomment  av-blog-meta-html-info-disabled av-blog-meta-tag-disabled  '><\/div>\n","protected":false},"excerpt":{"rendered":"","protected":false},"author":1,"featured_media":51319,"comment_status":"open","ping_status":"open","sticky":false,"template":"","format":"standard","meta":{"footnotes":""},"categories":[58],"tags":[],"class_list":["post-51318","post","type-post","status-publish","format-standard","has-post-thumbnail","hentry","category-agricultura"],"jetpack_featured_media_url":"https:\/\/radiorevelacionfm.cl\/wp-content\/uploads\/2025\/03\/image00005-3-1-1.jpeg","_links":{"self":[{"href":"https:\/\/radiorevelacionfm.cl\/index.php?rest_route=\/wp\/v2\/posts\/51318","targetHints":{"allow":["GET"]}}],"collection":[{"href":"https:\/\/radiorevelacionfm.cl\/index.php?rest_route=\/wp\/v2\/posts"}],"about":[{"href":"https:\/\/radiorevelacionfm.cl\/index.php?rest_route=\/wp\/v2\/types\/post"}],"author":[{"embeddable":true,"href":"https:\/\/radiorevelacionfm.cl\/index.php?rest_route=\/wp\/v2\/users\/1"}],"replies":[{"embeddable":true,"href":"https:\/\/radiorevelacionfm.cl\/index.php?rest_route=%2Fwp%2Fv2%2Fcomments&post=51318"}],"version-history":[{"count":1,"href":"https:\/\/radiorevelacionfm.cl\/index.php?rest_route=\/wp\/v2\/posts\/51318\/revisions"}],"predecessor-version":[{"id":51320,"href":"https:\/\/radiorevelacionfm.cl\/index.php?rest_route=\/wp\/v2\/posts\/51318\/revisions\/51320"}],"wp:featuredmedia":[{"embeddable":true,"href":"https:\/\/radiorevelacionfm.cl\/index.php?rest_route=\/wp\/v2\/media\/51319"}],"wp:attachment":[{"href":"https:\/\/radiorevelacionfm.cl\/index.php?rest_route=%2Fwp%2Fv2%2Fmedia&parent=51318"}],"wp:term":[{"taxonomy":"category","embeddable":true,"href":"https:\/\/radiorevelacionfm.cl\/index.php?rest_route=%2Fwp%2Fv2%2Fcategories&post=51318"},{"taxonomy":"post_tag","embeddable":true,"href":"https:\/\/radiorevelacionfm.cl\/index.php?rest_route=%2Fwp%2Fv2%2Ftags&post=51318"}],"curies":[{"name":"wp","href":"https:\/\/api.w.org\/{rel}","templated":true}]}}