{"id":51310,"date":"2025-03-11T21:27:22","date_gmt":"2025-03-12T00:27:22","guid":{"rendered":"https:\/\/radiorevelacionfm.cl\/?p=51310"},"modified":"2025-03-11T21:27:22","modified_gmt":"2025-03-12T00:27:22","slug":"delegado-regional-jorge-diaz-guzman-celebramos-este-aniversario-con-trabajo-y-dedicacion-por-la-gente-de-aysen","status":"publish","type":"post","link":"https:\/\/radiorevelacionfm.cl\/?p=51310","title":{"rendered":"Delegado Regional, Jorge D\u00edaz Guzm\u00e1n: \u201cCelebramos este aniversario con trabajo y dedicaci\u00f3n por la gente de Ays\u00e9n\u201d"},"content":{"rendered":"<div class=\"flex_column av_one_full  flex_column_div av-zero-column-padding first  avia-builder-el-0  el_before_av_one_full  avia-builder-el-first  \" style='border-radius:0px; '><div  class='avia-image-container  av-styling-    avia-builder-el-1  avia-builder-el-no-sibling  avia-align-center '  itemprop=\"image\" itemscope=\"itemscope\" itemtype=\"https:\/\/schema.org\/ImageObject\"  ><div class='avia-image-container-inner'><div class='avia-image-overlay-wrap'><img decoding=\"async\" class='wp-image-51311 avia-img-lazy-loading-not-51311 avia_image' src=\"https:\/\/radiorevelacionfm.cl\/wp-content\/uploads\/2025\/03\/img_2550-1_optimized.jpg\" alt='' title='img_2550-(1)_optimized' height=\"600\" width=\"823\"  itemprop=\"thumbnailUrl\" srcset=\"https:\/\/radiorevelacionfm.cl\/wp-content\/uploads\/2025\/03\/img_2550-1_optimized.jpg 823w, https:\/\/radiorevelacionfm.cl\/wp-content\/uploads\/2025\/03\/img_2550-1_optimized-300x219.jpg 300w, https:\/\/radiorevelacionfm.cl\/wp-content\/uploads\/2025\/03\/img_2550-1_optimized-768x560.jpg 768w, https:\/\/radiorevelacionfm.cl\/wp-content\/uploads\/2025\/03\/img_2550-1_optimized-705x514.jpg 705w, https:\/\/radiorevelacionfm.cl\/wp-content\/uploads\/2025\/03\/img_2550-1_optimized-450x328.jpg 450w, https:\/\/radiorevelacionfm.cl\/wp-content\/uploads\/2025\/03\/img_2550-1_optimized-600x437.jpg 600w\" sizes=\"(max-width: 823px) 100vw, 823px\" \/><\/div><\/div><\/div><\/div><div class=\"flex_column av_one_full  flex_column_div av-zero-column-padding first  avia-builder-el-2  el_after_av_one_full  el_before_av_one_full  column-top-margin\" style='border-radius:0px; '><section class=\"av_textblock_section \"  itemscope=\"itemscope\" itemtype=\"https:\/\/schema.org\/BlogPosting\" itemprop=\"blogPost\" ><div class='avia_textblock  '   itemprop=\"text\" ><p style=\"text-align: center;\"><strong><span style=\"font-size: 18pt;\">Delegado Regional, Jorge D\u00edaz Guzm\u00e1n: \u201cCelebramos este aniversario con trabajo y dedicaci\u00f3n por la gente de Ays\u00e9n\u201d <\/span><\/strong><\/p>\n<div id=\"gtx-trans\" style=\"position: absolute; left: -50px; top: 4.31534px;\">\n<div class=\"gtx-trans-icon\"><\/div>\n<\/div>\n<\/div><\/section><\/div><div class=\"flex_column av_one_full  flex_column_div av-zero-column-padding first  avia-builder-el-4  el_after_av_one_full  el_before_av_hr  column-top-margin\" style='border-radius:0px; '><section class=\"av_textblock_section \"  itemscope=\"itemscope\" itemtype=\"https:\/\/schema.org\/BlogPosting\" itemprop=\"blogPost\" ><div class='avia_textblock  '   itemprop=\"text\" ><p style=\"font-weight: 400; text-align: justify;\">El mejoramiento de la vida de las familias, fortaleciendo la seguridad con m\u00e1s inversi\u00f3n, destac\u00f3 el Delegado Presidencial Regional de Ays\u00e9n, Jorge D\u00edaz Guzm\u00e1n, como sello de la gesti\u00f3n a tres a\u00f1os de Gobierno del Presidente Gabriel Boric Font en Chile.<\/p>\n<p style=\"font-weight: 400; text-align: justify;\">Indic\u00f3 que en tres a\u00f1os de gesti\u00f3n, se baj\u00f3 la inflaci\u00f3n, aument\u00f3 la inversi\u00f3n extranjera directa y se logr\u00f3 m\u00e1s dignidad para las familias trabajadoras, con la Reforma de Pensiones y subiendo el sueldo m\u00ednimo a m\u00e1s de $500.000.<\/p>\n<p style=\"font-weight: 400; text-align: justify;\">Agreg\u00f3 que \u201ccomo Gobierno estamos cumpliendo nuestros compromisos, comprendiendo que cada una de nuestras acciones tiene el rostro de los chilenos y chilenas\u201d.<\/p>\n<p style=\"font-weight: 400; text-align: justify;\">\u201cTenemos m\u00e1s energ\u00eda que el primer a\u00f1o, porque queremos seguir trabajando por el bienestar de la poblaci\u00f3n de Ays\u00e9n, tal como hemos conversado con los nuevos ministros del Interior y Secretario General de la Presidencia. En el \u00e1mbito legislativo, seguiremos trabajando con nuestros parlamentarios y en coordinaci\u00f3n con las y los alcaldes, porque vamos a distribuir la segunda cuota del Royalty Minero para iniciar nuevos proyectos en sus comunas, es decir, estamos celebrando este nuevo aniversario con trabajo y dedicaci\u00f3n por la gente de Ays\u00e9n\u201d, recalc\u00f3.<\/p>\n<p style=\"font-weight: 400; text-align: justify;\">En materia de seguridad p\u00fablica, mencion\u00f3 que Carabineros y la PDI tienen m\u00e1s recursos, se cre\u00f3 el Ministerio de Seguridad P\u00fablica y se avanza en la recuperaci\u00f3n de espacios p\u00fablicos, para tener mejores plazas con ni\u00f1os jugando en todo el pa\u00eds.<\/p>\n<p style=\"font-weight: 400; text-align: justify;\">\u201cHoy d\u00eda la Regi\u00f3n de Ays\u00e9n es mejor que hace tres a\u00f1os. Tenemos reactivaci\u00f3n econ\u00f3mica, no solo con logros nacionales como 40 Horas, Reforma Previsional, el nuevo hospital de Chile Chico, las nuevas postas rurales, sino que tambi\u00e9n estamos trabajando por la reactivaci\u00f3n econ\u00f3mica. Hoy d\u00eda, podemos ver n\u00fameros azules en turismo, pavimentaci\u00f3n de caminos secundarios, nuevos proyectos en la Ruta 7, con nuevas barcazas conect\u00e1ndonos con el resto del pa\u00eds y avanzando en la construcci\u00f3n del aeropuerto Balmaceda. Estamos trabajando intensamente por el bienestar de la gente de Ays\u00e9n. Ese es el compromiso del gobierno en la Regi\u00f3n de Ays\u00e9n\u201d, subray\u00f3.<\/p>\n<p style=\"font-weight: 400; text-align: justify;\">El Delegado Presidencial Regional concluy\u00f3 que el pr\u00f3ximo a\u00f1o se entregar\u00e1 un pa\u00eds m\u00e1s seguro y estable, con su democracia fortalecida y preparado para los desaf\u00edos del futuro.<\/p>\n<p style=\"font-weight: 400; text-align: justify;\">Los principales logros de estos tres a\u00f1os de Gobierno, pueden encontrarse en\u00a0<a href=\"http:\/\/derechosybeneficios.cl\/\" data-saferedirecturl=\"https:\/\/www.google.com\/url?q=http:\/\/derechosybeneficios.cl&amp;source=gmail&amp;ust=1741807687146000&amp;usg=AOvVaw12_7N0eLiaDF0PYZ0Kv5Kj\">derechosybeneficios.cl<\/a>\u00a0y las m\u00e1s de 1.000 medidas concretas en\u00a0<a href=\"http:\/\/chileavanzando.cl\/\" data-saferedirecturl=\"https:\/\/www.google.com\/url?q=http:\/\/chileavanzando.cl&amp;source=gmail&amp;ust=1741807687146000&amp;usg=AOvVaw1zXHciZUawSXtSWRTexcNg\">chileavanzando.cl<\/a>.<\/p>\n<\/div><\/section><\/div><div  style='height:50px' class='hr hr-invisible   avia-builder-el-6  el_after_av_one_full  el_before_av_social_share '><span class='hr-inner ' ><span class='hr-inner-style'><\/span><\/span><\/div><\/p>\n<div  class='av-social-sharing-box  avia-builder-el-7  el_after_av_hr  el_before_av_hr  '><div class='av-share-box'><h5 class='av-share-link-description av-no-toc '>Compartir esta noticia<\/h5><ul class='av-share-box-list noLightbox'><li class='av-share-link av-social-link-facebook' ><a target=\"_blank\" aria-label=\"Compartir en Facebook\" href='https:\/\/www.facebook.com\/sharer.php?u=https:\/\/radiorevelacionfm.cl\/?p=51310&#038;t=Delegado%20Regional%2C%20Jorge%20D%C3%ADaz%20Guzm%C3%A1n%3A%20%E2%80%9CCelebramos%20este%20aniversario%20con%20trabajo%20y%20dedicaci%C3%B3n%20por%20la%20gente%20de%20Ays%C3%A9n%E2%80%9D' aria-hidden='false' data-av_icon='\ue8f3' data-av_iconfont='entypo-fontello' title='' data-avia-related-tooltip='Compartir en Facebook' rel=\"noopener\"><span class='avia_hidden_link_text'>Compartir en Facebook<\/span><\/a><\/li><li class='av-share-link av-social-link-twitter' ><a target=\"_blank\" aria-label=\"Compartir en Twitter\" href='https:\/\/twitter.com\/share?text=Delegado%20Regional%2C%20Jorge%20D%C3%ADaz%20Guzm%C3%A1n%3A%20%E2%80%9CCelebramos%20este%20aniversario%20con%20trabajo%20y%20dedicaci%C3%B3n%20por%20la%20gente%20de%20Ays%C3%A9n%E2%80%9D&#038;url=https:\/\/radiorevelacionfm.cl\/?p=51310' aria-hidden='false' data-av_icon='\ue8f1' data-av_iconfont='entypo-fontello' title='' data-avia-related-tooltip='Compartir en Twitter' rel=\"noopener\"><span class='avia_hidden_link_text'>Compartir en Twitter<\/span><\/a><\/li><li class='av-share-link av-social-link-whatsapp' ><a target=\"_blank\" aria-label=\"Compartir en Whatsapp\" href='https:\/\/api.whatsapp.com\/send?text=https:\/\/radiorevelacionfm.cl\/?p=51310' aria-hidden='false' data-av_icon='\uf232' data-av_iconfont='entypo-fontello' title='' data-avia-related-tooltip='Compartir en Whatsapp' rel=\"noopener\"><span class='avia_hidden_link_text'>Compartir en Whatsapp<\/span><\/a><\/li><li class='av-share-link av-social-link-linkedin' ><a target=\"_blank\" aria-label=\"Compartir en LinkedIn\" href='https:\/\/linkedin.com\/shareArticle?mini=true&#038;title=Delegado%20Regional%2C%20Jorge%20D%C3%ADaz%20Guzm%C3%A1n%3A%20%E2%80%9CCelebramos%20este%20aniversario%20con%20trabajo%20y%20dedicaci%C3%B3n%20por%20la%20gente%20de%20Ays%C3%A9n%E2%80%9D&#038;url=https:\/\/radiorevelacionfm.cl\/?p=51310' aria-hidden='false' data-av_icon='\ue8fc' data-av_iconfont='entypo-fontello' title='' data-avia-related-tooltip='Compartir en LinkedIn' rel=\"noopener\"><span class='avia_hidden_link_text'>Compartir en LinkedIn<\/span><\/a><\/li><li class='av-share-link av-social-link-mail' ><a  aria-label=\"Compartir por correo\" href='mailto:?subject=Delegado%20Regional%2C%20Jorge%20D%C3%ADaz%20Guzm%C3%A1n%3A%20%E2%80%9CCelebramos%20este%20aniversario%20con%20trabajo%20y%20dedicaci%C3%B3n%20por%20la%20gente%20de%20Ays%C3%A9n%E2%80%9D&#038;body=https:\/\/radiorevelacionfm.cl\/?p=51310' aria-hidden='false' data-av_icon='\ue805' data-av_iconfont='entypo-fontello' title='' data-avia-related-tooltip='Compartir por correo'><span class='avia_hidden_link_text'>Compartir por correo<\/span><\/a><\/li><\/ul><\/div><\/div>\n<div  style='height:50px' class='hr hr-invisible   avia-builder-el-8  el_after_av_social_share  el_before_av_comments_list '><span class='hr-inner ' ><span class='hr-inner-style'><\/span><\/span><\/div>\n<div  class='av-buildercomment  av-blog-meta-html-info-disabled av-blog-meta-tag-disabled  '><\/div>\n","protected":false},"excerpt":{"rendered":"","protected":false},"author":1,"featured_media":51311,"comment_status":"open","ping_status":"open","sticky":false,"template":"","format":"standard","meta":{"footnotes":""},"categories":[38],"tags":[],"class_list":["post-51310","post","type-post","status-publish","format-standard","has-post-thumbnail","hentry","category-regional"],"jetpack_featured_media_url":"https:\/\/radiorevelacionfm.cl\/wp-content\/uploads\/2025\/03\/img_2550-1_optimized.jpg","_links":{"self":[{"href":"https:\/\/radiorevelacionfm.cl\/index.php?rest_route=\/wp\/v2\/posts\/51310","targetHints":{"allow":["GET"]}}],"collection":[{"href":"https:\/\/radiorevelacionfm.cl\/index.php?rest_route=\/wp\/v2\/posts"}],"about":[{"href":"https:\/\/radiorevelacionfm.cl\/index.php?rest_route=\/wp\/v2\/types\/post"}],"author":[{"embeddable":true,"href":"https:\/\/radiorevelacionfm.cl\/index.php?rest_route=\/wp\/v2\/users\/1"}],"replies":[{"embeddable":true,"href":"https:\/\/radiorevelacionfm.cl\/index.php?rest_route=%2Fwp%2Fv2%2Fcomments&post=51310"}],"version-history":[{"count":1,"href":"https:\/\/radiorevelacionfm.cl\/index.php?rest_route=\/wp\/v2\/posts\/51310\/revisions"}],"predecessor-version":[{"id":51312,"href":"https:\/\/radiorevelacionfm.cl\/index.php?rest_route=\/wp\/v2\/posts\/51310\/revisions\/51312"}],"wp:featuredmedia":[{"embeddable":true,"href":"https:\/\/radiorevelacionfm.cl\/index.php?rest_route=\/wp\/v2\/media\/51311"}],"wp:attachment":[{"href":"https:\/\/radiorevelacionfm.cl\/index.php?rest_route=%2Fwp%2Fv2%2Fmedia&parent=51310"}],"wp:term":[{"taxonomy":"category","embeddable":true,"href":"https:\/\/radiorevelacionfm.cl\/index.php?rest_route=%2Fwp%2Fv2%2Fcategories&post=51310"},{"taxonomy":"post_tag","embeddable":true,"href":"https:\/\/radiorevelacionfm.cl\/index.php?rest_route=%2Fwp%2Fv2%2Ftags&post=51310"}],"curies":[{"name":"wp","href":"https:\/\/api.w.org\/{rel}","templated":true}]}}