{"id":51307,"date":"2025-03-11T16:42:24","date_gmt":"2025-03-11T19:42:24","guid":{"rendered":"https:\/\/radiorevelacionfm.cl\/?p=51307"},"modified":"2025-03-11T16:42:24","modified_gmt":"2025-03-11T19:42:24","slug":"emprendedores-as-del-fosis-valoran-ventas-obtenidas-en-expo-patagonia","status":"publish","type":"post","link":"https:\/\/radiorevelacionfm.cl\/?p=51307","title":{"rendered":"Emprendedores\/as del FOSIS valoran ventas obtenidas en Expo Patagonia"},"content":{"rendered":"<div class=\"flex_column av_one_full  flex_column_div av-zero-column-padding first  avia-builder-el-0  el_before_av_one_full  avia-builder-el-first  \" style='border-radius:0px; '><div  class='avia-image-container  av-styling-    avia-builder-el-1  avia-builder-el-no-sibling  avia-align-center '  itemprop=\"image\" itemscope=\"itemscope\" itemtype=\"https:\/\/schema.org\/ImageObject\"  ><div class='avia-image-container-inner'><div class='avia-image-overlay-wrap'><img decoding=\"async\" class='wp-image-51308 avia-img-lazy-loading-not-51308 avia_image' src=\"https:\/\/radiorevelacionfm.cl\/wp-content\/uploads\/2025\/03\/1-expo-1_optimized-1.jpeg\" alt='' title='1-expo-(1)_optimized (1)' height=\"600\" width=\"1007\"  itemprop=\"thumbnailUrl\" srcset=\"https:\/\/radiorevelacionfm.cl\/wp-content\/uploads\/2025\/03\/1-expo-1_optimized-1.jpeg 1007w, https:\/\/radiorevelacionfm.cl\/wp-content\/uploads\/2025\/03\/1-expo-1_optimized-1-300x179.jpeg 300w, https:\/\/radiorevelacionfm.cl\/wp-content\/uploads\/2025\/03\/1-expo-1_optimized-1-768x458.jpeg 768w, https:\/\/radiorevelacionfm.cl\/wp-content\/uploads\/2025\/03\/1-expo-1_optimized-1-705x420.jpeg 705w, https:\/\/radiorevelacionfm.cl\/wp-content\/uploads\/2025\/03\/1-expo-1_optimized-1-450x268.jpeg 450w, https:\/\/radiorevelacionfm.cl\/wp-content\/uploads\/2025\/03\/1-expo-1_optimized-1-600x357.jpeg 600w\" sizes=\"(max-width: 1007px) 100vw, 1007px\" \/><\/div><\/div><\/div><\/div><div class=\"flex_column av_one_full  flex_column_div av-zero-column-padding first  avia-builder-el-2  el_after_av_one_full  el_before_av_one_full  column-top-margin\" style='border-radius:0px; '><section class=\"av_textblock_section \"  itemscope=\"itemscope\" itemtype=\"https:\/\/schema.org\/BlogPosting\" itemprop=\"blogPost\" ><div class='avia_textblock  '   itemprop=\"text\" ><p style=\"text-align: center;\"><strong><span style=\"font-size: 18pt;\">Emprendedores\/as del FOSIS valoran ventas obtenidas en Expo Patagonia<\/span><\/strong><\/p>\n<div id=\"gtx-trans\" style=\"position: absolute; left: -50px; top: 4.31534px;\">\n<div class=\"gtx-trans-icon\"><\/div>\n<\/div>\n<\/div><\/section><\/div><div class=\"flex_column av_one_full  flex_column_div av-zero-column-padding first  avia-builder-el-4  el_after_av_one_full  el_before_av_hr  column-top-margin\" style='border-radius:0px; '><section class=\"av_textblock_section \"  itemscope=\"itemscope\" itemtype=\"https:\/\/schema.org\/BlogPosting\" itemprop=\"blogPost\" ><div class='avia_textblock  '   itemprop=\"text\" ><p style=\"text-align: justify;\"><em>Las 40 personas emprendedoras que participaron de esta instancia lograron vender un total cercano a los 12 millones de pesos, durante los 3 d\u00edas que se realiz\u00f3 el evento en Coyhaique.<\/em><\/p>\n<p style=\"text-align: justify;\">En el marco de la Expo Patagonia 2025, se llev\u00f3 a cabo la Expo FOSIS, donde participaron cuarenta emprendimientos regionales, quienes durante los tres d\u00edas del evento estuvieron exhibiendo y comercializando sus productos y servicios en una gran carpa instalada en el Parque Urbano de Coyhaique.<\/p>\n<p style=\"text-align: justify;\">Las personas expositoras pertenecientes a las comunas de Ays\u00e9n, R\u00edo Ib\u00e1\u00f1ez, Chile Chico, Cisnes y Coyhaique; ofrecieron gran variedad de productos y servicios como artesan\u00eda en lana, greda, curtiembre, fieltro, orfebrer\u00eda, estampados, corte y confecci\u00f3n, bordado, aceites esenciales, alimentaci\u00f3n, accesorios, manicure, plantas, verduras y hortalizas.<\/p>\n<p style=\"text-align: justify;\">La emprendedora Claudia Veloso, creadora de Humedal Accesorios, valor\u00f3 positivamente el evento y asegur\u00f3 que \u201ces una gran instancia de venta, para conocer gente, hacer redes con las mismas emprendedoras y es una captaci\u00f3n de clientes en otra ciudad, yo soy de Puerto Ays\u00e9n, mucha gente de Coyhaique no me conoce y ha sido espectacular el tema de los seguidores en Instagram y las ventas tambi\u00e9n\u201d.<\/p>\n<p style=\"text-align: justify;\">El emprendimiento Comidas Leoncito de Wilson Aravena, que apuesta por la alimentaci\u00f3n saludable, tambi\u00e9n estuvo presente en la carpa de la Expo FOSIS. \u201cPara mi es una tremenda oportunidad la verdad, creo que ha ido de menos a m\u00e1s. Estoy s\u00faper contento de poder mostrar mis productos y de las ventas nada que decir. Muy buena la Expo en realidad, es primer vez que particip\u00f3, me voy s\u00faper contento y feliz\u201d.<\/p>\n<p style=\"text-align: justify;\">Fernanda Leiva, directora regional del FOSIS en Ays\u00e9n, recalc\u00f3 que \u00abestamos felices de ver c\u00f3mo a\u00f1o a a\u00f1o nuestras usuarias y usuarios de la Expo FOSIS avanzan y hacen crecer sus emprendimientos, desde el manejo que tienen en sus redes sociales, hasta c\u00f3mo presentan sus productos y servicios en las ferias. Este tuvimos a expositores regionales de gran nivel, quienes aprovecharon al m\u00e1ximo esta tremenda vitrina e instancia de comercializaci\u00f3n, obteniendo un total de ventas cercano a los 12 millones de pesos durante los tres d\u00edas. Seguiremos trabajando para ser un aporte en la autonom\u00eda econ\u00f3mica de personas emprendedoras, dando visibilidad a sus negocios y generando espacios para la comercializaci\u00f3n de sus productos y servicios\u00bb.<\/p>\n<p style=\"text-align: justify;\">Durante el desarrollo de la Expo FOSIS se realiz\u00f3 la entrega de certificados del programa Emprendamos Ferias Regionales, ejecutado en 2024, el cual entreg\u00f3 capacitaci\u00f3n, asesor\u00eda y financiamiento a gran parte de las personas emprendedoras que estuvieron presente en esta oportunidad y que lograron adquirir herramientas para reforzar su participaci\u00f3n en ferias.<\/p>\n<p style=\"text-align: justify;\">Para la jornada del D\u00eda Internacional de la Mujer, la directora regional del servicio reconoci\u00f3 a cada una de las emprendedoras participantes en la Expo FOSIS con un significativo presente conmemorativo, realzando el importante rol que cumple la mujer en el emprendimiento y en la sociedad.<\/p>\n<p style=\"text-align: justify;\">Cabe destacar que durante la realizaci\u00f3n del evento, y conjuntamente con Ecoterr\u00e1neo Cowork, se realiz\u00f3 el taller de marketing digital denominado \u201cCrear contenido para RRSS con IA\u201d, impartido por Ignacio Torrej\u00f3n, dirigido a personas emprendedoras que buscan potenciar sus redes sociales como espacios de promoci\u00f3n y venta de sus productos.<\/p>\n<\/div><\/section><\/div><div  style='height:50px' class='hr hr-invisible   avia-builder-el-6  el_after_av_one_full  el_before_av_social_share '><span class='hr-inner ' ><span class='hr-inner-style'><\/span><\/span><\/div><\/p>\n<div  class='av-social-sharing-box  avia-builder-el-7  el_after_av_hr  el_before_av_hr  '><div class='av-share-box'><h5 class='av-share-link-description av-no-toc '>Compartir esta noticia<\/h5><ul class='av-share-box-list noLightbox'><li class='av-share-link av-social-link-facebook' ><a target=\"_blank\" aria-label=\"Compartir en Facebook\" href='https:\/\/www.facebook.com\/sharer.php?u=https:\/\/radiorevelacionfm.cl\/?p=51307&#038;t=Emprendedores%2Fas%20del%20FOSIS%20valoran%20ventas%20obtenidas%20en%20Expo%20Patagonia' aria-hidden='false' data-av_icon='\ue8f3' data-av_iconfont='entypo-fontello' title='' data-avia-related-tooltip='Compartir en Facebook' rel=\"noopener\"><span class='avia_hidden_link_text'>Compartir en Facebook<\/span><\/a><\/li><li class='av-share-link av-social-link-twitter' ><a target=\"_blank\" aria-label=\"Compartir en Twitter\" href='https:\/\/twitter.com\/share?text=Emprendedores%2Fas%20del%20FOSIS%20valoran%20ventas%20obtenidas%20en%20Expo%20Patagonia&#038;url=https:\/\/radiorevelacionfm.cl\/?p=51307' aria-hidden='false' data-av_icon='\ue8f1' data-av_iconfont='entypo-fontello' title='' data-avia-related-tooltip='Compartir en Twitter' rel=\"noopener\"><span class='avia_hidden_link_text'>Compartir en Twitter<\/span><\/a><\/li><li class='av-share-link av-social-link-whatsapp' ><a target=\"_blank\" aria-label=\"Compartir en Whatsapp\" href='https:\/\/api.whatsapp.com\/send?text=https:\/\/radiorevelacionfm.cl\/?p=51307' aria-hidden='false' data-av_icon='\uf232' data-av_iconfont='entypo-fontello' title='' data-avia-related-tooltip='Compartir en Whatsapp' rel=\"noopener\"><span class='avia_hidden_link_text'>Compartir en Whatsapp<\/span><\/a><\/li><li class='av-share-link av-social-link-linkedin' ><a target=\"_blank\" aria-label=\"Compartir en LinkedIn\" href='https:\/\/linkedin.com\/shareArticle?mini=true&#038;title=Emprendedores%2Fas%20del%20FOSIS%20valoran%20ventas%20obtenidas%20en%20Expo%20Patagonia&#038;url=https:\/\/radiorevelacionfm.cl\/?p=51307' aria-hidden='false' data-av_icon='\ue8fc' data-av_iconfont='entypo-fontello' title='' data-avia-related-tooltip='Compartir en LinkedIn' rel=\"noopener\"><span class='avia_hidden_link_text'>Compartir en LinkedIn<\/span><\/a><\/li><li class='av-share-link av-social-link-mail' ><a  aria-label=\"Compartir por correo\" href='mailto:?subject=Emprendedores%2Fas%20del%20FOSIS%20valoran%20ventas%20obtenidas%20en%20Expo%20Patagonia&#038;body=https:\/\/radiorevelacionfm.cl\/?p=51307' aria-hidden='false' data-av_icon='\ue805' data-av_iconfont='entypo-fontello' title='' data-avia-related-tooltip='Compartir por correo'><span class='avia_hidden_link_text'>Compartir por correo<\/span><\/a><\/li><\/ul><\/div><\/div>\n<div  style='height:50px' class='hr hr-invisible   avia-builder-el-8  el_after_av_social_share  el_before_av_comments_list '><span class='hr-inner ' ><span class='hr-inner-style'><\/span><\/span><\/div>\n<div  class='av-buildercomment  av-blog-meta-html-info-disabled av-blog-meta-tag-disabled  '><\/div>\n","protected":false},"excerpt":{"rendered":"","protected":false},"author":1,"featured_media":51308,"comment_status":"open","ping_status":"open","sticky":false,"template":"","format":"standard","meta":{"footnotes":""},"categories":[38],"tags":[],"class_list":["post-51307","post","type-post","status-publish","format-standard","has-post-thumbnail","hentry","category-regional"],"jetpack_featured_media_url":"https:\/\/radiorevelacionfm.cl\/wp-content\/uploads\/2025\/03\/1-expo-1_optimized-1.jpeg","_links":{"self":[{"href":"https:\/\/radiorevelacionfm.cl\/index.php?rest_route=\/wp\/v2\/posts\/51307","targetHints":{"allow":["GET"]}}],"collection":[{"href":"https:\/\/radiorevelacionfm.cl\/index.php?rest_route=\/wp\/v2\/posts"}],"about":[{"href":"https:\/\/radiorevelacionfm.cl\/index.php?rest_route=\/wp\/v2\/types\/post"}],"author":[{"embeddable":true,"href":"https:\/\/radiorevelacionfm.cl\/index.php?rest_route=\/wp\/v2\/users\/1"}],"replies":[{"embeddable":true,"href":"https:\/\/radiorevelacionfm.cl\/index.php?rest_route=%2Fwp%2Fv2%2Fcomments&post=51307"}],"version-history":[{"count":1,"href":"https:\/\/radiorevelacionfm.cl\/index.php?rest_route=\/wp\/v2\/posts\/51307\/revisions"}],"predecessor-version":[{"id":51309,"href":"https:\/\/radiorevelacionfm.cl\/index.php?rest_route=\/wp\/v2\/posts\/51307\/revisions\/51309"}],"wp:featuredmedia":[{"embeddable":true,"href":"https:\/\/radiorevelacionfm.cl\/index.php?rest_route=\/wp\/v2\/media\/51308"}],"wp:attachment":[{"href":"https:\/\/radiorevelacionfm.cl\/index.php?rest_route=%2Fwp%2Fv2%2Fmedia&parent=51307"}],"wp:term":[{"taxonomy":"category","embeddable":true,"href":"https:\/\/radiorevelacionfm.cl\/index.php?rest_route=%2Fwp%2Fv2%2Fcategories&post=51307"},{"taxonomy":"post_tag","embeddable":true,"href":"https:\/\/radiorevelacionfm.cl\/index.php?rest_route=%2Fwp%2Fv2%2Ftags&post=51307"}],"curies":[{"name":"wp","href":"https:\/\/api.w.org\/{rel}","templated":true}]}}