{"id":51300,"date":"2025-03-11T15:32:03","date_gmt":"2025-03-11T18:32:03","guid":{"rendered":"https:\/\/radiorevelacionfm.cl\/?p=51300"},"modified":"2025-03-11T15:32:03","modified_gmt":"2025-03-11T18:32:03","slug":"termometro-laboral-demuestra-tendencia-positiva-en-el-ambito-laboral-y-productivo-en-concordancia-con-la-proyeccion-de-recuperacion-economica-regional","status":"publish","type":"post","link":"https:\/\/radiorevelacionfm.cl\/?p=51300","title":{"rendered":"Term\u00f3metro laboral demuestra tendencia positiva en el \u00e1mbito laboral y productivo, en concordancia con la proyecci\u00f3n de recuperaci\u00f3n econ\u00f3mica regional"},"content":{"rendered":"<div class=\"flex_column av_one_full  flex_column_div av-zero-column-padding first  avia-builder-el-0  el_before_av_one_full  avia-builder-el-first  \" style='border-radius:0px; '><div  class='avia-image-container  av-styling-    avia-builder-el-1  avia-builder-el-no-sibling  avia-align-center '  itemprop=\"image\" itemscope=\"itemscope\" itemtype=\"https:\/\/schema.org\/ImageObject\"  ><div class='avia-image-container-inner'><div class='avia-image-overlay-wrap'><img decoding=\"async\" class='wp-image-51301 avia-img-lazy-loading-not-51301 avia_image' src=\"https:\/\/radiorevelacionfm.cl\/wp-content\/uploads\/2025\/03\/Servicio-de-comida-2-1-1.jpg\" alt='' title='Servicio de comida (2) (1) (1)' height=\"600\" width=\"902\"  itemprop=\"thumbnailUrl\" srcset=\"https:\/\/radiorevelacionfm.cl\/wp-content\/uploads\/2025\/03\/Servicio-de-comida-2-1-1.jpg 902w, https:\/\/radiorevelacionfm.cl\/wp-content\/uploads\/2025\/03\/Servicio-de-comida-2-1-1-300x200.jpg 300w, https:\/\/radiorevelacionfm.cl\/wp-content\/uploads\/2025\/03\/Servicio-de-comida-2-1-1-768x511.jpg 768w, https:\/\/radiorevelacionfm.cl\/wp-content\/uploads\/2025\/03\/Servicio-de-comida-2-1-1-705x469.jpg 705w, https:\/\/radiorevelacionfm.cl\/wp-content\/uploads\/2025\/03\/Servicio-de-comida-2-1-1-450x299.jpg 450w, https:\/\/radiorevelacionfm.cl\/wp-content\/uploads\/2025\/03\/Servicio-de-comida-2-1-1-600x399.jpg 600w\" sizes=\"(max-width: 902px) 100vw, 902px\" \/><\/div><\/div><\/div><\/div><div class=\"flex_column av_one_full  flex_column_div av-zero-column-padding first  avia-builder-el-2  el_after_av_one_full  el_before_av_one_full  column-top-margin\" style='border-radius:0px; '><section class=\"av_textblock_section \"  itemscope=\"itemscope\" itemtype=\"https:\/\/schema.org\/BlogPosting\" itemprop=\"blogPost\" ><div class='avia_textblock  '   itemprop=\"text\" ><p style=\"text-align: center;\"><span style=\"font-size: 18pt;\"><strong>Term\u00f3metro laboral demuestra<\/strong><strong> tendencia positiva en el \u00e1mbito laboral y productivo, en concordancia con la proyecci\u00f3n de recuperaci\u00f3n econ\u00f3mica regional<\/strong><\/span><\/p>\n<div id=\"gtx-trans\" style=\"position: absolute; left: -50px; top: 4.31534px;\">\n<div class=\"gtx-trans-icon\"><\/div>\n<\/div>\n<\/div><\/section><\/div><div class=\"flex_column av_one_full  flex_column_div av-zero-column-padding first  avia-builder-el-4  el_after_av_one_full  el_before_av_hr  column-top-margin\" style='border-radius:0px; '><section class=\"av_textblock_section \"  itemscope=\"itemscope\" itemtype=\"https:\/\/schema.org\/BlogPosting\" itemprop=\"blogPost\" ><div class='avia_textblock  '   itemprop=\"text\" ><ul>\n<li style=\"text-align: justify;\"><em>En cuanto a sectores econ\u00f3micos, las actividades de alojamiento y servicio de comidas registraron un aumento anual del 35,6% en la medici\u00f3n de ocupados, y el comercio al por mayor y al por menor destac\u00f3 con un crecimiento del 7,7% en la medici\u00f3n de asalariados.<\/em><\/li>\n<\/ul>\n<p style=\"text-align: justify;\">Con la medici\u00f3n del trimestre noviembre-enero destaca la nueva edici\u00f3n del term\u00f3metro laboral, la cual ha sido publicada por el Observatorio Laboral de Ays\u00e9n, reforzando as\u00ed la informaci\u00f3n de c\u00f3mo la regi\u00f3n ha mantenido su crecimiento y sigue destacando a nivel nacional en su tasa de participaci\u00f3n, correspondiente al 71,0%, tasa de ocupaci\u00f3n con un 68,0% y tasa de desocupaci\u00f3n de un 4,2%, manteni\u00e9ndose este \u00faltimo por debajo del promedio nacional.<\/p>\n<p style=\"text-align: justify;\"><strong><u>Ays\u00e9n en cifras<\/u><\/strong><\/p>\n<p style=\"text-align: justify;\">En una comparaci\u00f3n, en el \u00e1mbito laboral y productivo, se destaca que, entre noviembre de 2023 y enero de 2024, las personas ocupadas crecieron un 0,8% en comparaci\u00f3n con el mismo per\u00edodo del a\u00f1o anterior, mientras que la cantidad de trabajadores asalariados aument\u00f3 un 3,5%.<\/p>\n<p style=\"text-align: justify;\">Tambi\u00e9n es importante indicar que, en el mes de diciembre del a\u00f1o 2024, existi\u00f3 un aumento significativo del IMACEC que alcanz\u00f3 un 6,6% y las remuneraciones por hora ordinaria subieron un 7,7% anual, superando el IPC del 4,5%, lo que refleja una mejora real en los salarios, adem\u00e1s de ir en l\u00ednea con el crecimiento del 1,0% del PIB en el tercer trimestre de 2024. Este \u00faltimo se refleja en el peso del sector de actividades de alojamiento y servicios de comida, el cual registr\u00f3 las incidencias positivas m\u00e1s altas en el trimestre noviembre 2024-enero 2025.<\/p>\n<p style=\"text-align: justify;\">Ya en la edici\u00f3n anterior, la Seremi del Trabajo y Previsi\u00f3n Social, Camila Covarrubias Retamal, describ\u00eda como alentadoras las cifras destacando el avance porcentual augurando el escenario actual, por lo que es una satisfacci\u00f3n la solidez de los n\u00fameros y el trabajo efectuado por el Gobierno y la cartera.<\/p>\n<p style=\"text-align: justify;\">\u201cQueremos destacar en este Mes de la Mujer como Ministerio del Trabajo y Previsi\u00f3n Social que, en los \u00faltimos 12 meses, desde noviembre 2023 a enero 2024 a igual periodo entre noviembre 2024 y enero 2025, hay un aumento de 0,7 puntos porcentuales de personas ocupadas, entre las cuales se encuentran mayoritariamente mujeres y asalariados formales, lo cual es una buena noticia. Reconocemos que hay desaf\u00edos en t\u00e9rminos de formalidad, no obstante, se ha seguido avanzando en la recuperaci\u00f3n del empleo formal y por tanto de trabajo decente, ya que disminuy\u00f3 0,6 puntos porcentuales la informalidad respecto al mismo trimestre m\u00f3vil del a\u00f1o pasado\u201d.<\/p>\n<p style=\"text-align: justify;\">La autoridad laboral agreg\u00f3, \u201cEs necesario destacar tambi\u00e9n en aspectos de g\u00e9nero, la evoluci\u00f3n del empleo femenino, porque en este nuevo term\u00f3metro laboral podemos ver como la poblaci\u00f3n en edad de trabajar alcanz\u00f3 43.468 mujeres que es un alza anual del 1,0%, mientras que la fuerza de trabajo lleg\u00f3 a 27.960, creciendo un 1,9%. Todo esto nos motiva como Gobierno a seguir impulsando las mejoras en el empleo para seguir avanzando en esta reactivaci\u00f3n econ\u00f3mica y continuar con la vinculaci\u00f3n con los diversos \u00e1mbitos productivos y con el Ministerio de Econom\u00eda, Fomento y Turismo, con el cual estamos de la mano trabajando en distintas \u00e1reas, por ejemplo, a trav\u00e9s del Gabinete econ\u00f3mico liderado por el Delegado Presidencial regional, Jorge D\u00edaz Guzm\u00e1n\u201d, detall\u00f3 la Seremi Camila Covarrubias.<\/p>\n<p style=\"text-align: justify;\"><strong><u>Ramas econ\u00f3micas y horas trabajadas<\/u><\/strong><\/p>\n<p style=\"text-align: justify;\">Durante las \u00faltimas semanas, la regi\u00f3n se ha caracterizado por tener s\u00f3lidos n\u00fameros ligados a turismo, incluso ser un destino favorito para los turistas en Chile y en el term\u00f3metro laboral, esto no es indiferente ya que en sectores econ\u00f3micos las actividades de alojamiento y servicio de comidas registraron un aumento anual del 35,6% en la medici\u00f3n de ocupados, y el comercio al por mayor y al por menor destac\u00f3 con un crecimiento del 7,7% en la medici\u00f3n de asalariados.<\/p>\n<p style=\"text-align: justify;\">En este sentido, el Seremi de Econom\u00eda, Fomento y Turismo, Felipe Rojas Pizarro, hizo hincapi\u00e9 en estos sectores econ\u00f3micos, en t\u00e9rminos regionales, detallando que \u201chemos observado cifras del sector turismo muy positivas, de supermercado, es decir, el comercio, bastante positiva, y adem\u00e1s de otros sectores. \u00bfEsto qu\u00e9 significa? Que en la medida que a estos sectores les est\u00e1 yendo bien, hay una mayor demanda de trabajo, por lo tanto, hay una mayor contrataci\u00f3n, y sobre todo, contrataci\u00f3n en el \u00e1mbito m\u00e1s formal y esas son las cifras que hemos visto en el \u00faltimo periodo. Particularmente, con lo que corresponde al desempe\u00f1o regional, el turismo destaca fuertemente por la mayor llegada de turistas, la mayor llegada de argentinos, en el caso del consumo, evidentemente estos factores han significado positivamente el turismo, pero tambi\u00e9n la mayor demanda de consumo de la regi\u00f3n de Ays\u00e9n\u201d.<\/p>\n<p style=\"text-align: justify;\">Desde otra vereda y con una notable ca\u00edda del 15,2% en ambas mediciones se encuentran Administraci\u00f3n P\u00fablica y Defensa, junto con las Actividades de salud humana y asistencia social.<\/p>\n<p style=\"text-align: justify;\">Con respecto a horas trabajadas en la semana, el a\u00f1o 2022 la regi\u00f3n ten\u00eda un promedio de 42,1, n\u00fameros que descendieron a un 41,1 en 2024. \u00a0Si lo llevamos a diferenciaci\u00f3n en g\u00e9nero, las mujeres variaron de 41,0 a 39,9 horas, mientras que los hombres experimentaron una disminuci\u00f3n de 43,0 a 42,2 horas en el mismo periodo 2022 y 2024, respectivamente.<\/p>\n<p style=\"text-align: justify;\">Para C\u00e9sar G\u00f3mez Berrocal, Director del Observatorio Laboral Ays\u00e9n, es importante destacar de la poblaci\u00f3n asalariada, especialmente de c\u00f3mo se increment\u00f3 en el \u00e1rea formal el sector privado, como tambi\u00e9n destacar el indicador de mujeres ocupadas de manera formal.<\/p>\n<p style=\"text-align: justify;\">\u201cSe observa por segundo periodo consecutivo un incremento de la poblaci\u00f3n asalariada del sector privado, con un incremento del 3,5% respecto al mismo trimestre del a\u00f1o anterior, lo que da cuenta de que las cifras econ\u00f3micas de los \u00faltimos meses est\u00e1n generando una recuperaci\u00f3n en el empleo formal. En este contexto destaca el incremento de mujeres asalariadas en el sector privado, quienes aumentaron de 9.534 en el periodo noviembre 2022- enero de 2023 a 10.613 en diciembre de 2024, reflejando un crecimiento del 11,3% y evidenciando una recuperaci\u00f3n de oportunidades formales y estables\u201d sostuvo el director de la entidad.<\/p>\n<p style=\"text-align: justify;\">El Observatorio Laboral de Ays\u00e9n, es parte de la Estrategia Nacional de Prospecci\u00f3n Laboral, convenio firmado entre el Centro de Formaci\u00f3n T\u00e9cnica Estatal de Ays\u00e9n y la Subsecretaria del Trabajo, representada por la Seremi de Trabajo y Previsi\u00f3n Social. Para acceder al Term\u00f3metro Laboral del mes de marzo, el link es: https:\/\/www.subtrab.gob.cl\/tl\/ y dar click a regi\u00f3n de Ays\u00e9n.<\/p>\n<\/div><\/section><\/div><div  style='height:50px' class='hr hr-invisible   avia-builder-el-6  el_after_av_one_full  el_before_av_social_share '><span class='hr-inner ' ><span class='hr-inner-style'><\/span><\/span><\/div><\/p>\n<div  class='av-social-sharing-box  avia-builder-el-7  el_after_av_hr  el_before_av_hr  '><div class='av-share-box'><h5 class='av-share-link-description av-no-toc '>Compartir esta noticia<\/h5><ul class='av-share-box-list noLightbox'><li class='av-share-link av-social-link-facebook' ><a target=\"_blank\" aria-label=\"Compartir en Facebook\" href='https:\/\/www.facebook.com\/sharer.php?u=https:\/\/radiorevelacionfm.cl\/?p=51300&#038;t=Term%C3%B3metro%20laboral%20demuestra%20tendencia%20positiva%20en%20el%20%C3%A1mbito%20laboral%20y%20productivo%2C%20en%20concordancia%20con%20la%20proyecci%C3%B3n%20de%20recuperaci%C3%B3n%20econ%C3%B3mica%20regional' aria-hidden='false' data-av_icon='\ue8f3' data-av_iconfont='entypo-fontello' title='' data-avia-related-tooltip='Compartir en Facebook' rel=\"noopener\"><span class='avia_hidden_link_text'>Compartir en Facebook<\/span><\/a><\/li><li class='av-share-link av-social-link-twitter' ><a target=\"_blank\" aria-label=\"Compartir en Twitter\" href='https:\/\/twitter.com\/share?text=Term%C3%B3metro%20laboral%20demuestra%20tendencia%20positiva%20en%20el%20%C3%A1mbito%20laboral%20y%20productivo%2C%20en%20concordancia%20con%20la%20proyecci%C3%B3n%20de%20recuperaci%C3%B3n%20econ%C3%B3mica%20regional&#038;url=https:\/\/radiorevelacionfm.cl\/?p=51300' aria-hidden='false' data-av_icon='\ue8f1' data-av_iconfont='entypo-fontello' title='' data-avia-related-tooltip='Compartir en Twitter' rel=\"noopener\"><span class='avia_hidden_link_text'>Compartir en Twitter<\/span><\/a><\/li><li class='av-share-link av-social-link-whatsapp' ><a target=\"_blank\" aria-label=\"Compartir en Whatsapp\" href='https:\/\/api.whatsapp.com\/send?text=https:\/\/radiorevelacionfm.cl\/?p=51300' aria-hidden='false' data-av_icon='\uf232' data-av_iconfont='entypo-fontello' title='' data-avia-related-tooltip='Compartir en Whatsapp' rel=\"noopener\"><span class='avia_hidden_link_text'>Compartir en Whatsapp<\/span><\/a><\/li><li class='av-share-link av-social-link-linkedin' ><a target=\"_blank\" aria-label=\"Compartir en LinkedIn\" href='https:\/\/linkedin.com\/shareArticle?mini=true&#038;title=Term%C3%B3metro%20laboral%20demuestra%20tendencia%20positiva%20en%20el%20%C3%A1mbito%20laboral%20y%20productivo%2C%20en%20concordancia%20con%20la%20proyecci%C3%B3n%20de%20recuperaci%C3%B3n%20econ%C3%B3mica%20regional&#038;url=https:\/\/radiorevelacionfm.cl\/?p=51300' aria-hidden='false' data-av_icon='\ue8fc' data-av_iconfont='entypo-fontello' title='' data-avia-related-tooltip='Compartir en LinkedIn' rel=\"noopener\"><span class='avia_hidden_link_text'>Compartir en LinkedIn<\/span><\/a><\/li><li class='av-share-link av-social-link-mail' ><a  aria-label=\"Compartir por correo\" href='mailto:?subject=Term%C3%B3metro%20laboral%20demuestra%20tendencia%20positiva%20en%20el%20%C3%A1mbito%20laboral%20y%20productivo%2C%20en%20concordancia%20con%20la%20proyecci%C3%B3n%20de%20recuperaci%C3%B3n%20econ%C3%B3mica%20regional&#038;body=https:\/\/radiorevelacionfm.cl\/?p=51300' aria-hidden='false' data-av_icon='\ue805' data-av_iconfont='entypo-fontello' title='' data-avia-related-tooltip='Compartir por correo'><span class='avia_hidden_link_text'>Compartir por correo<\/span><\/a><\/li><\/ul><\/div><\/div>\n<div  style='height:50px' class='hr hr-invisible   avia-builder-el-8  el_after_av_social_share  el_before_av_comments_list '><span class='hr-inner ' ><span class='hr-inner-style'><\/span><\/span><\/div>\n<div  class='av-buildercomment  av-blog-meta-html-info-disabled av-blog-meta-tag-disabled  '><\/div>\n","protected":false},"excerpt":{"rendered":"","protected":false},"author":1,"featured_media":51301,"comment_status":"open","ping_status":"open","sticky":false,"template":"","format":"standard","meta":{"footnotes":""},"categories":[38],"tags":[],"class_list":["post-51300","post","type-post","status-publish","format-standard","has-post-thumbnail","hentry","category-regional"],"jetpack_featured_media_url":"https:\/\/radiorevelacionfm.cl\/wp-content\/uploads\/2025\/03\/Servicio-de-comida-2-1-1.jpg","_links":{"self":[{"href":"https:\/\/radiorevelacionfm.cl\/index.php?rest_route=\/wp\/v2\/posts\/51300","targetHints":{"allow":["GET"]}}],"collection":[{"href":"https:\/\/radiorevelacionfm.cl\/index.php?rest_route=\/wp\/v2\/posts"}],"about":[{"href":"https:\/\/radiorevelacionfm.cl\/index.php?rest_route=\/wp\/v2\/types\/post"}],"author":[{"embeddable":true,"href":"https:\/\/radiorevelacionfm.cl\/index.php?rest_route=\/wp\/v2\/users\/1"}],"replies":[{"embeddable":true,"href":"https:\/\/radiorevelacionfm.cl\/index.php?rest_route=%2Fwp%2Fv2%2Fcomments&post=51300"}],"version-history":[{"count":1,"href":"https:\/\/radiorevelacionfm.cl\/index.php?rest_route=\/wp\/v2\/posts\/51300\/revisions"}],"predecessor-version":[{"id":51302,"href":"https:\/\/radiorevelacionfm.cl\/index.php?rest_route=\/wp\/v2\/posts\/51300\/revisions\/51302"}],"wp:featuredmedia":[{"embeddable":true,"href":"https:\/\/radiorevelacionfm.cl\/index.php?rest_route=\/wp\/v2\/media\/51301"}],"wp:attachment":[{"href":"https:\/\/radiorevelacionfm.cl\/index.php?rest_route=%2Fwp%2Fv2%2Fmedia&parent=51300"}],"wp:term":[{"taxonomy":"category","embeddable":true,"href":"https:\/\/radiorevelacionfm.cl\/index.php?rest_route=%2Fwp%2Fv2%2Fcategories&post=51300"},{"taxonomy":"post_tag","embeddable":true,"href":"https:\/\/radiorevelacionfm.cl\/index.php?rest_route=%2Fwp%2Fv2%2Ftags&post=51300"}],"curies":[{"name":"wp","href":"https:\/\/api.w.org\/{rel}","templated":true}]}}