{"id":51294,"date":"2025-03-11T11:51:15","date_gmt":"2025-03-11T14:51:15","guid":{"rendered":"https:\/\/radiorevelacionfm.cl\/?p=51294"},"modified":"2025-03-11T11:51:15","modified_gmt":"2025-03-11T14:51:15","slug":"edelaysen-participo-en-expo-patagonia-2025-con-innovadoras-iniciativas-y-demostraciones-en-vivo","status":"publish","type":"post","link":"https:\/\/radiorevelacionfm.cl\/?p=51294","title":{"rendered":"Edelaysen particip\u00f3 en Expo Patagonia 2025 con innovadoras iniciativas y demostraciones en vivo"},"content":{"rendered":"<div class=\"flex_column av_one_full  flex_column_div av-zero-column-padding first  avia-builder-el-0  el_before_av_one_full  avia-builder-el-first  \" style='border-radius:0px; '><div  class='avia-image-container  av-styling-    avia-builder-el-1  avia-builder-el-no-sibling  avia-align-center '  itemprop=\"image\" itemscope=\"itemscope\" itemtype=\"https:\/\/schema.org\/ImageObject\"  ><div class='avia-image-container-inner'><div class='avia-image-overlay-wrap'><img decoding=\"async\" class='wp-image-51295 avia-img-lazy-loading-not-51295 avia_image' src=\"https:\/\/radiorevelacionfm.cl\/wp-content\/uploads\/2025\/03\/expopatagonia-20252-1_optimized-1.jpeg\" alt='' title='expopatagonia-20252-(1)_optimized (1)' height=\"600\" width=\"800\"  itemprop=\"thumbnailUrl\" srcset=\"https:\/\/radiorevelacionfm.cl\/wp-content\/uploads\/2025\/03\/expopatagonia-20252-1_optimized-1.jpeg 800w, https:\/\/radiorevelacionfm.cl\/wp-content\/uploads\/2025\/03\/expopatagonia-20252-1_optimized-1-300x225.jpeg 300w, https:\/\/radiorevelacionfm.cl\/wp-content\/uploads\/2025\/03\/expopatagonia-20252-1_optimized-1-768x576.jpeg 768w, https:\/\/radiorevelacionfm.cl\/wp-content\/uploads\/2025\/03\/expopatagonia-20252-1_optimized-1-705x529.jpeg 705w, https:\/\/radiorevelacionfm.cl\/wp-content\/uploads\/2025\/03\/expopatagonia-20252-1_optimized-1-450x338.jpeg 450w, https:\/\/radiorevelacionfm.cl\/wp-content\/uploads\/2025\/03\/expopatagonia-20252-1_optimized-1-600x450.jpeg 600w\" sizes=\"(max-width: 800px) 100vw, 800px\" \/><\/div><\/div><\/div><\/div><div class=\"flex_column av_one_full  flex_column_div av-zero-column-padding first  avia-builder-el-2  el_after_av_one_full  el_before_av_one_full  column-top-margin\" style='border-radius:0px; '><section class=\"av_textblock_section \"  itemscope=\"itemscope\" itemtype=\"https:\/\/schema.org\/BlogPosting\" itemprop=\"blogPost\" ><div class='avia_textblock  '   itemprop=\"text\" ><p style=\"text-align: center;\"><strong><span style=\"font-size: 18pt;\">Edelaysen particip\u00f3 en Expo Patagonia 2025 con innovadoras iniciativas y demostraciones en vivo<\/span><\/strong><\/p>\n<div id=\"gtx-trans\" style=\"position: absolute; left: -50px; top: 4.31534px;\">\n<div class=\"gtx-trans-icon\"><\/div>\n<\/div>\n<\/div><\/section><\/div><div class=\"flex_column av_one_full  flex_column_div av-zero-column-padding first  avia-builder-el-4  el_after_av_one_full  el_before_av_hr  column-top-margin\" style='border-radius:0px; '><section class=\"av_textblock_section \"  itemscope=\"itemscope\" itemtype=\"https:\/\/schema.org\/BlogPosting\" itemprop=\"blogPost\" ><div class='avia_textblock  '   itemprop=\"text\" ><p style=\"text-align: justify;\"><em>Adem\u00e1s de contar con el auto el\u00e9ctrico, se realiz\u00f3 una breve inducci\u00f3n de seguridad con l\u00edneas energizadas y se mostr\u00f3 el trabajo de brigada de l\u00edneas vivas.<\/em><\/p>\n<p style=\"text-align: justify;\">Edelaysen particip\u00f3 en la Expo Patagonia 2025, compartiendo con los visitantes del evento las distintas actividades en torno a la innovaci\u00f3n y seguridad en el trabajo el\u00e9ctrico. Durante el fin de semana, los asistentes pudieron conocer de cerca las iniciativas que la el\u00e9ctrica desarrolla para fortalecer el suministro y uso responsable de la energ\u00eda.<\/p>\n<p style=\"text-align: justify;\">Uno de los principales atractivos del stand ubicado en el pabell\u00f3n de la C\u00e1mara Chilena de la Construcci\u00f3n, fue la exhibici\u00f3n del auto el\u00e9ctrico, donde el p\u00fablico pudo aprender sobre su funcionamiento y beneficios. Adem\u00e1s, estuvo presente por primera vez en la Expo, el laboratorio el\u00e9ctrico, donde se realiz\u00f3 una breve inducci\u00f3n a los asistentes, enfocadas en fortalecer la seguridad en el trabajo con l\u00edneas energizadas, destacando los riesgos y cuidados esenciales que deben considerarse al operar con redes el\u00e9ctricas.<\/p>\n<p style=\"text-align: justify;\">As\u00ed mismo, la brigada de l\u00edneas vivas tambi\u00e9n tuvo su primera participaci\u00f3n en esta actividad con la demostraci\u00f3n en el cami\u00f3n capacho, donde el equipo t\u00e9cnico mostr\u00f3 el trabajo en altura con redes el\u00e9ctricas, explicando el uso de herramientas especializadas y protocolos de seguridad en estas labores.<\/p>\n<p style=\"text-align: justify;\">Para Pablo Hern\u00e1ndez, asistente a la feria, la instancia fue una gran oportunidad para conocer m\u00e1s sobre el trabajo de Edelaysen en la regi\u00f3n, agregando qu\u00e9: \u201cMe pareci\u00f3 muy interesante ver como se trabaja con las l\u00edneas con energ\u00eda y tambi\u00e9n la tecnolog\u00eda y equipamiento que usan. Yo ya hab\u00eda visto el auto el\u00e9ctrico pero nunca lo hab\u00eda visto por dentro y el personal me mostr\u00f3 como funciona, su rendimiento y sus caracter\u00edsticas. La verdad que estuvo bastante interesante el stand de Edelaysen\u201d.<\/p>\n<p style=\"text-align: justify;\">Por su parte, desde la distribuidora, la ejecutiva de relacionamiento Yasna Vera destac\u00f3 la importancia de acercar estos temas a la comunidad agregando qu\u00e9 \u201cNuestra participaci\u00f3n en la Expo Patagonia 2025 nos permiti\u00f3 compartir con la gente que asisti\u00f3 y mostrar el trabajo que realizamos impulsando la innovaci\u00f3n y la seguridad a trav\u00e9s de estas demostraciones. Por lo que estamos muy felices con el resultado y agradecidos con la Municipalidad de Coyhaique que siempre nos invita a este importante evento en la capital regional\u201d.<\/p>\n<p style=\"text-align: justify;\">A trav\u00e9s de estas actividades, Edelaysen contin\u00faa generando lazos con la comunidad, acercando el trabajo que se realiza d\u00eda a d\u00eda, promoviendo la seguridad y el uso eficiente de la electricidad.<\/p>\n<\/div><\/section><\/div><div  style='height:50px' class='hr hr-invisible   avia-builder-el-6  el_after_av_one_full  el_before_av_social_share '><span class='hr-inner ' ><span class='hr-inner-style'><\/span><\/span><\/div><\/p>\n<div  class='av-social-sharing-box  avia-builder-el-7  el_after_av_hr  el_before_av_hr  '><div class='av-share-box'><h5 class='av-share-link-description av-no-toc '>Compartir esta noticia<\/h5><ul class='av-share-box-list noLightbox'><li class='av-share-link av-social-link-facebook' ><a target=\"_blank\" aria-label=\"Compartir en Facebook\" href='https:\/\/www.facebook.com\/sharer.php?u=https:\/\/radiorevelacionfm.cl\/?p=51294&#038;t=Edelaysen%20particip%C3%B3%20en%20Expo%20Patagonia%202025%20con%20innovadoras%20iniciativas%20y%20demostraciones%20en%20vivo' aria-hidden='false' data-av_icon='\ue8f3' data-av_iconfont='entypo-fontello' title='' data-avia-related-tooltip='Compartir en Facebook' rel=\"noopener\"><span class='avia_hidden_link_text'>Compartir en Facebook<\/span><\/a><\/li><li class='av-share-link av-social-link-twitter' ><a target=\"_blank\" aria-label=\"Compartir en Twitter\" href='https:\/\/twitter.com\/share?text=Edelaysen%20particip%C3%B3%20en%20Expo%20Patagonia%202025%20con%20innovadoras%20iniciativas%20y%20demostraciones%20en%20vivo&#038;url=https:\/\/radiorevelacionfm.cl\/?p=51294' aria-hidden='false' data-av_icon='\ue8f1' data-av_iconfont='entypo-fontello' title='' data-avia-related-tooltip='Compartir en Twitter' rel=\"noopener\"><span class='avia_hidden_link_text'>Compartir en Twitter<\/span><\/a><\/li><li class='av-share-link av-social-link-whatsapp' ><a target=\"_blank\" aria-label=\"Compartir en Whatsapp\" href='https:\/\/api.whatsapp.com\/send?text=https:\/\/radiorevelacionfm.cl\/?p=51294' aria-hidden='false' data-av_icon='\uf232' data-av_iconfont='entypo-fontello' title='' data-avia-related-tooltip='Compartir en Whatsapp' rel=\"noopener\"><span class='avia_hidden_link_text'>Compartir en Whatsapp<\/span><\/a><\/li><li class='av-share-link av-social-link-linkedin' ><a target=\"_blank\" aria-label=\"Compartir en LinkedIn\" href='https:\/\/linkedin.com\/shareArticle?mini=true&#038;title=Edelaysen%20particip%C3%B3%20en%20Expo%20Patagonia%202025%20con%20innovadoras%20iniciativas%20y%20demostraciones%20en%20vivo&#038;url=https:\/\/radiorevelacionfm.cl\/?p=51294' aria-hidden='false' data-av_icon='\ue8fc' data-av_iconfont='entypo-fontello' title='' data-avia-related-tooltip='Compartir en LinkedIn' rel=\"noopener\"><span class='avia_hidden_link_text'>Compartir en LinkedIn<\/span><\/a><\/li><li class='av-share-link av-social-link-mail' ><a  aria-label=\"Compartir por correo\" href='mailto:?subject=Edelaysen%20particip%C3%B3%20en%20Expo%20Patagonia%202025%20con%20innovadoras%20iniciativas%20y%20demostraciones%20en%20vivo&#038;body=https:\/\/radiorevelacionfm.cl\/?p=51294' aria-hidden='false' data-av_icon='\ue805' data-av_iconfont='entypo-fontello' title='' data-avia-related-tooltip='Compartir por correo'><span class='avia_hidden_link_text'>Compartir por correo<\/span><\/a><\/li><\/ul><\/div><\/div>\n<div  style='height:50px' class='hr hr-invisible   avia-builder-el-8  el_after_av_social_share  el_before_av_comments_list '><span class='hr-inner ' ><span class='hr-inner-style'><\/span><\/span><\/div>\n<div  class='av-buildercomment  av-blog-meta-html-info-disabled av-blog-meta-tag-disabled  '><\/div>\n","protected":false},"excerpt":{"rendered":"","protected":false},"author":1,"featured_media":51295,"comment_status":"open","ping_status":"open","sticky":false,"template":"","format":"standard","meta":{"footnotes":""},"categories":[38],"tags":[],"class_list":["post-51294","post","type-post","status-publish","format-standard","has-post-thumbnail","hentry","category-regional"],"jetpack_featured_media_url":"https:\/\/radiorevelacionfm.cl\/wp-content\/uploads\/2025\/03\/expopatagonia-20252-1_optimized-1.jpeg","_links":{"self":[{"href":"https:\/\/radiorevelacionfm.cl\/index.php?rest_route=\/wp\/v2\/posts\/51294","targetHints":{"allow":["GET"]}}],"collection":[{"href":"https:\/\/radiorevelacionfm.cl\/index.php?rest_route=\/wp\/v2\/posts"}],"about":[{"href":"https:\/\/radiorevelacionfm.cl\/index.php?rest_route=\/wp\/v2\/types\/post"}],"author":[{"embeddable":true,"href":"https:\/\/radiorevelacionfm.cl\/index.php?rest_route=\/wp\/v2\/users\/1"}],"replies":[{"embeddable":true,"href":"https:\/\/radiorevelacionfm.cl\/index.php?rest_route=%2Fwp%2Fv2%2Fcomments&post=51294"}],"version-history":[{"count":1,"href":"https:\/\/radiorevelacionfm.cl\/index.php?rest_route=\/wp\/v2\/posts\/51294\/revisions"}],"predecessor-version":[{"id":51296,"href":"https:\/\/radiorevelacionfm.cl\/index.php?rest_route=\/wp\/v2\/posts\/51294\/revisions\/51296"}],"wp:featuredmedia":[{"embeddable":true,"href":"https:\/\/radiorevelacionfm.cl\/index.php?rest_route=\/wp\/v2\/media\/51295"}],"wp:attachment":[{"href":"https:\/\/radiorevelacionfm.cl\/index.php?rest_route=%2Fwp%2Fv2%2Fmedia&parent=51294"}],"wp:term":[{"taxonomy":"category","embeddable":true,"href":"https:\/\/radiorevelacionfm.cl\/index.php?rest_route=%2Fwp%2Fv2%2Fcategories&post=51294"},{"taxonomy":"post_tag","embeddable":true,"href":"https:\/\/radiorevelacionfm.cl\/index.php?rest_route=%2Fwp%2Fv2%2Ftags&post=51294"}],"curies":[{"name":"wp","href":"https:\/\/api.w.org\/{rel}","templated":true}]}}