{"id":51292,"date":"2025-03-10T18:38:32","date_gmt":"2025-03-10T21:38:32","guid":{"rendered":"https:\/\/radiorevelacionfm.cl\/?p=51292"},"modified":"2025-03-10T18:38:32","modified_gmt":"2025-03-10T21:38:32","slug":"carabineros-de-coyhaique-detiene-a-dos-personas-por-lesiones-graves-tras-agresion-mutua-con-arma-blanca","status":"publish","type":"post","link":"https:\/\/radiorevelacionfm.cl\/?p=51292","title":{"rendered":"Carabineros de Coyhaique detiene a dos personas por lesiones graves tras agresi\u00f3n mutua con arma blanca"},"content":{"rendered":"<div class=\"flex_column av_one_full  flex_column_div av-zero-column-padding first  avia-builder-el-0  el_before_av_one_full  avia-builder-el-first  \" style='border-radius:0px; '><div  class='avia-image-container  av-styling-    avia-builder-el-1  avia-builder-el-no-sibling  avia-align-center '  itemprop=\"image\" itemscope=\"itemscope\" itemtype=\"https:\/\/schema.org\/ImageObject\"  ><div class='avia-image-container-inner'><div class='avia-image-overlay-wrap'><img decoding=\"async\" class='wp-image-12312 avia-img-lazy-loading-not-12312 avia_image' src=\"https:\/\/radiorevelacionfm.cl\/wp-content\/uploads\/2021\/12\/Carabineros-en-hospital-2-2.jpg\" alt='' title='Carabineros en hospital-2-2' height=\"600\" width=\"1058\"  itemprop=\"thumbnailUrl\" srcset=\"https:\/\/radiorevelacionfm.cl\/wp-content\/uploads\/2021\/12\/Carabineros-en-hospital-2-2.jpg 1058w, https:\/\/radiorevelacionfm.cl\/wp-content\/uploads\/2021\/12\/Carabineros-en-hospital-2-2-300x170.jpg 300w, https:\/\/radiorevelacionfm.cl\/wp-content\/uploads\/2021\/12\/Carabineros-en-hospital-2-2-1030x584.jpg 1030w, https:\/\/radiorevelacionfm.cl\/wp-content\/uploads\/2021\/12\/Carabineros-en-hospital-2-2-768x436.jpg 768w, https:\/\/radiorevelacionfm.cl\/wp-content\/uploads\/2021\/12\/Carabineros-en-hospital-2-2-705x400.jpg 705w, https:\/\/radiorevelacionfm.cl\/wp-content\/uploads\/2021\/12\/Carabineros-en-hospital-2-2-600x340.jpg 600w\" sizes=\"(max-width: 1058px) 100vw, 1058px\" \/><\/div><\/div><\/div><\/div><div class=\"flex_column av_one_full  flex_column_div av-zero-column-padding first  avia-builder-el-2  el_after_av_one_full  el_before_av_one_full  column-top-margin\" style='border-radius:0px; '><section class=\"av_textblock_section \"  itemscope=\"itemscope\" itemtype=\"https:\/\/schema.org\/BlogPosting\" itemprop=\"blogPost\" ><div class='avia_textblock  '   itemprop=\"text\" ><p style=\"text-align: center;\"><strong><span style=\"font-size: 18pt;\">Carabineros de Coyhaique detiene a dos personas por lesiones graves tras agresi\u00f3n mutua con arma blanca<\/span><\/strong><\/p>\n<div id=\"gtx-trans\" style=\"position: absolute; left: -50px; top: 4.31534px;\">\n<div class=\"gtx-trans-icon\"><\/div>\n<\/div>\n<\/div><\/section><\/div><div class=\"flex_column av_one_full  flex_column_div av-zero-column-padding first  avia-builder-el-4  el_after_av_one_full  el_before_av_hr  column-top-margin\" style='border-radius:0px; '><section class=\"av_textblock_section \"  itemscope=\"itemscope\" itemtype=\"https:\/\/schema.org\/BlogPosting\" itemprop=\"blogPost\" ><div class='avia_textblock  '   itemprop=\"text\" ><p dir=\"ltr\" style=\"text-align: justify;\">Seg\u00fan las diligencias desarrolladas por el personal policial, los sujetos se habr\u00edan agredido con arma blanca al interior del domicilio de uno de estos, siendo los antecedentes puestos a disposici\u00f3n de la Fiscal\u00eda.<\/p>\n<p dir=\"ltr\" style=\"text-align: justify;\">Dos individuos fueron detenidos por Carabineros en Coyhaique tras protagonizar una violenta agresi\u00f3n mutua con armas blancas al interior de un domicilio. El hecho, cuyas causas a\u00fan se investigan, dej\u00f3 a ambos con lesiones graves, uno de ellos en riesgo vital, seg\u00fan inform\u00f3 el Comisario de la comuna, Mayor Sebasti\u00e1n Casanueva.<\/p>\n<p dir=\"ltr\" style=\"text-align: justify;\">El incidente qued\u00f3 al descubierto luego de que las dos personas ingresaron heridas al Hospital Regional de Coyhaique. En coordinaci\u00f3n con la Fiscal\u00eda, personal policial desarroll\u00f3 diligencias orientadas a esclarecer los hechos y proceder a la detenci\u00f3n de los involucrados por el delito de lesiones graves en agresi\u00f3n.<\/p>\n<p dir=\"ltr\" style=\"text-align: justify;\">De acuerdo con el Mayor Casanueva, momentos antes y por causas que est\u00e1n siendo investigadas, los sujetos habr\u00edan sostenido una discusi\u00f3n al interior del domicilio de uno de estos, la que escal\u00f3 hasta el uso de armas blancas. \u00abAmbos se agredieron con armas blancas resultando uno de ellos, en primera instancia, con lesiones graves y con riesgo vital, siendo hospitalizado e intervenido, mientras que el segundo qued\u00f3 tambi\u00e9n con lesiones de car\u00e1cter grave.\u00a0 Tras su detenci\u00f3n, los implicados quedaron en libertad apercibidos bajo el art\u00edculo 26 del C\u00f3digo Procesal Penal, a la espera de citaci\u00f3n por parte del Ministerio P\u00fablico.<\/p>\n<p dir=\"ltr\" style=\"text-align: justify;\">Uno de los detenidos registra un historial de ocho detenciones previas por diversos delitos, seg\u00fan antecedentes policiales. Los detalles del caso fueron puestos a disposici\u00f3n de la Fiscal\u00eda para continuar con la investigaci\u00f3n.<\/p>\n<\/div><\/section><\/div><div  style='height:50px' class='hr hr-invisible   avia-builder-el-6  el_after_av_one_full  el_before_av_social_share '><span class='hr-inner ' ><span class='hr-inner-style'><\/span><\/span><\/div><\/p>\n<div  class='av-social-sharing-box  avia-builder-el-7  el_after_av_hr  el_before_av_hr  '><div class='av-share-box'><h5 class='av-share-link-description av-no-toc '>Compartir esta noticia<\/h5><ul class='av-share-box-list noLightbox'><li class='av-share-link av-social-link-facebook' ><a target=\"_blank\" aria-label=\"Compartir en Facebook\" href='https:\/\/www.facebook.com\/sharer.php?u=https:\/\/radiorevelacionfm.cl\/?p=51292&#038;t=Carabineros%20de%20Coyhaique%20detiene%20a%20dos%20personas%20por%20lesiones%20graves%20tras%20agresi%C3%B3n%20mutua%20con%20arma%20blanca' aria-hidden='false' data-av_icon='\ue8f3' data-av_iconfont='entypo-fontello' title='' data-avia-related-tooltip='Compartir en Facebook' rel=\"noopener\"><span class='avia_hidden_link_text'>Compartir en Facebook<\/span><\/a><\/li><li class='av-share-link av-social-link-twitter' ><a target=\"_blank\" aria-label=\"Compartir en Twitter\" href='https:\/\/twitter.com\/share?text=Carabineros%20de%20Coyhaique%20detiene%20a%20dos%20personas%20por%20lesiones%20graves%20tras%20agresi%C3%B3n%20mutua%20con%20arma%20blanca&#038;url=https:\/\/radiorevelacionfm.cl\/?p=51292' aria-hidden='false' data-av_icon='\ue8f1' data-av_iconfont='entypo-fontello' title='' data-avia-related-tooltip='Compartir en Twitter' rel=\"noopener\"><span class='avia_hidden_link_text'>Compartir en Twitter<\/span><\/a><\/li><li class='av-share-link av-social-link-whatsapp' ><a target=\"_blank\" aria-label=\"Compartir en Whatsapp\" href='https:\/\/api.whatsapp.com\/send?text=https:\/\/radiorevelacionfm.cl\/?p=51292' aria-hidden='false' data-av_icon='\uf232' data-av_iconfont='entypo-fontello' title='' data-avia-related-tooltip='Compartir en Whatsapp' rel=\"noopener\"><span class='avia_hidden_link_text'>Compartir en Whatsapp<\/span><\/a><\/li><li class='av-share-link av-social-link-linkedin' ><a target=\"_blank\" aria-label=\"Compartir en LinkedIn\" href='https:\/\/linkedin.com\/shareArticle?mini=true&#038;title=Carabineros%20de%20Coyhaique%20detiene%20a%20dos%20personas%20por%20lesiones%20graves%20tras%20agresi%C3%B3n%20mutua%20con%20arma%20blanca&#038;url=https:\/\/radiorevelacionfm.cl\/?p=51292' aria-hidden='false' data-av_icon='\ue8fc' data-av_iconfont='entypo-fontello' title='' data-avia-related-tooltip='Compartir en LinkedIn' rel=\"noopener\"><span class='avia_hidden_link_text'>Compartir en LinkedIn<\/span><\/a><\/li><li class='av-share-link av-social-link-mail' ><a  aria-label=\"Compartir por correo\" href='mailto:?subject=Carabineros%20de%20Coyhaique%20detiene%20a%20dos%20personas%20por%20lesiones%20graves%20tras%20agresi%C3%B3n%20mutua%20con%20arma%20blanca&#038;body=https:\/\/radiorevelacionfm.cl\/?p=51292' aria-hidden='false' data-av_icon='\ue805' data-av_iconfont='entypo-fontello' title='' data-avia-related-tooltip='Compartir por correo'><span class='avia_hidden_link_text'>Compartir por correo<\/span><\/a><\/li><\/ul><\/div><\/div>\n<div  style='height:50px' class='hr hr-invisible   avia-builder-el-8  el_after_av_social_share  el_before_av_comments_list '><span class='hr-inner ' ><span class='hr-inner-style'><\/span><\/span><\/div>\n<div  class='av-buildercomment  av-blog-meta-html-info-disabled av-blog-meta-tag-disabled  '><\/div>\n","protected":false},"excerpt":{"rendered":"","protected":false},"author":1,"featured_media":12312,"comment_status":"open","ping_status":"open","sticky":false,"template":"","format":"standard","meta":{"footnotes":""},"categories":[36],"tags":[],"class_list":["post-51292","post","type-post","status-publish","format-standard","has-post-thumbnail","hentry","category-policial"],"jetpack_featured_media_url":"https:\/\/radiorevelacionfm.cl\/wp-content\/uploads\/2021\/12\/Carabineros-en-hospital-2-2.jpg","_links":{"self":[{"href":"https:\/\/radiorevelacionfm.cl\/index.php?rest_route=\/wp\/v2\/posts\/51292","targetHints":{"allow":["GET"]}}],"collection":[{"href":"https:\/\/radiorevelacionfm.cl\/index.php?rest_route=\/wp\/v2\/posts"}],"about":[{"href":"https:\/\/radiorevelacionfm.cl\/index.php?rest_route=\/wp\/v2\/types\/post"}],"author":[{"embeddable":true,"href":"https:\/\/radiorevelacionfm.cl\/index.php?rest_route=\/wp\/v2\/users\/1"}],"replies":[{"embeddable":true,"href":"https:\/\/radiorevelacionfm.cl\/index.php?rest_route=%2Fwp%2Fv2%2Fcomments&post=51292"}],"version-history":[{"count":1,"href":"https:\/\/radiorevelacionfm.cl\/index.php?rest_route=\/wp\/v2\/posts\/51292\/revisions"}],"predecessor-version":[{"id":51293,"href":"https:\/\/radiorevelacionfm.cl\/index.php?rest_route=\/wp\/v2\/posts\/51292\/revisions\/51293"}],"wp:featuredmedia":[{"embeddable":true,"href":"https:\/\/radiorevelacionfm.cl\/index.php?rest_route=\/wp\/v2\/media\/12312"}],"wp:attachment":[{"href":"https:\/\/radiorevelacionfm.cl\/index.php?rest_route=%2Fwp%2Fv2%2Fmedia&parent=51292"}],"wp:term":[{"taxonomy":"category","embeddable":true,"href":"https:\/\/radiorevelacionfm.cl\/index.php?rest_route=%2Fwp%2Fv2%2Fcategories&post=51292"},{"taxonomy":"post_tag","embeddable":true,"href":"https:\/\/radiorevelacionfm.cl\/index.php?rest_route=%2Fwp%2Fv2%2Ftags&post=51292"}],"curies":[{"name":"wp","href":"https:\/\/api.w.org\/{rel}","templated":true}]}}