{"id":51288,"date":"2025-03-11T14:59:28","date_gmt":"2025-03-11T17:59:28","guid":{"rendered":"https:\/\/radiorevelacionfm.cl\/?p=51288"},"modified":"2025-03-11T15:01:59","modified_gmt":"2025-03-11T18:01:59","slug":"tribunal-realizo-audiencia-en-reclamacion-contra-el-sea-por-proyecto-eolico-kosten-aike","status":"publish","type":"post","link":"https:\/\/radiorevelacionfm.cl\/?p=51288","title":{"rendered":"Tribunal realiz\u00f3 audiencia en reclamaci\u00f3n contra el SEA por proyecto e\u00f3lico \u00abKosten Aike\u201d"},"content":{"rendered":"<div class=\"flex_column av_one_full  flex_column_div av-zero-column-padding first  avia-builder-el-0  el_before_av_one_full  avia-builder-el-first  \" style='border-radius:0px; '><div  class='avia-image-container  av-styling-    avia-builder-el-1  avia-builder-el-no-sibling  avia-align-center '  itemprop=\"image\" itemscope=\"itemscope\" itemtype=\"https:\/\/schema.org\/ImageObject\"  ><div class='avia-image-container-inner'><div class='avia-image-overlay-wrap'><img decoding=\"async\" class='wp-image-51290 avia-img-lazy-loading-not-51290 avia_image' src=\"https:\/\/radiorevelacionfm.cl\/wp-content\/uploads\/2025\/03\/Eolico-1-1.jpg\" alt='' title='Eolico (1) (1)' height=\"600\" width=\"901\"  itemprop=\"thumbnailUrl\" srcset=\"https:\/\/radiorevelacionfm.cl\/wp-content\/uploads\/2025\/03\/Eolico-1-1.jpg 901w, https:\/\/radiorevelacionfm.cl\/wp-content\/uploads\/2025\/03\/Eolico-1-1-300x200.jpg 300w, https:\/\/radiorevelacionfm.cl\/wp-content\/uploads\/2025\/03\/Eolico-1-1-768x511.jpg 768w, https:\/\/radiorevelacionfm.cl\/wp-content\/uploads\/2025\/03\/Eolico-1-1-705x469.jpg 705w, https:\/\/radiorevelacionfm.cl\/wp-content\/uploads\/2025\/03\/Eolico-1-1-450x300.jpg 450w, https:\/\/radiorevelacionfm.cl\/wp-content\/uploads\/2025\/03\/Eolico-1-1-600x400.jpg 600w\" sizes=\"(max-width: 901px) 100vw, 901px\" \/><\/div><\/div><\/div><\/div>\n<div class=\"flex_column av_one_full  flex_column_div av-zero-column-padding first  avia-builder-el-2  el_after_av_one_full  el_before_av_one_full  column-top-margin\" style='border-radius:0px; '><section class=\"av_textblock_section \"  itemscope=\"itemscope\" itemtype=\"https:\/\/schema.org\/BlogPosting\" itemprop=\"blogPost\" ><div class='avia_textblock  '   itemprop=\"text\" ><p style=\"text-align: center;\"><strong><span style=\"font-size: 18pt;\">Tribunal realiz\u00f3 audiencia en reclamaci\u00f3n contra el SEA por proyecto e\u00f3lico \u00abKosten Aike\u201d<\/span><\/strong><\/p>\n<h1 class=\"entry-title\"><\/h1>\n<div id=\"gtx-trans\" style=\"position: absolute; left: -50px; top: 4.31534px;\">\n<div class=\"gtx-trans-icon\"><\/div>\n<\/div>\n<\/div><\/section><\/div>\n<div class=\"flex_column av_one_full  flex_column_div av-zero-column-padding first  avia-builder-el-4  el_after_av_one_full  el_before_av_hr  column-top-margin\" style='border-radius:0px; '><section class=\"av_textblock_section \"  itemscope=\"itemscope\" itemtype=\"https:\/\/schema.org\/BlogPosting\" itemprop=\"blogPost\" ><div class='avia_textblock  '   itemprop=\"text\" ><p style=\"text-align: justify;\"><em>La reclamaci\u00f3n busca dejar sin efecto la evaluaci\u00f3n favorable del proyecto en la comuna de Coyhaique.<\/em><\/p>\n<p style=\"text-align: justify;\">Ante el\u00a0<a href=\"http:\/\/www.3ta.cl\/\">Tercer Tribunal Ambiental<\/a>\u00a0se realiz\u00f3 la audiencia de alegatos en la causa R-4-2024 (acumula R-5-2024), en la que se busca dejar sin efecto la Resoluci\u00f3n de Calificaci\u00f3n Ambiental (RCA) del proyecto e\u00f3lico \u00abKosten Aike\u00bb. El proyecto, ubicado en Coyhaique, est\u00e1 compuesto por 10 aerogeneradores con capacidad total de 36 MW e ingres\u00f3 el a\u00f1o 2022 por medio de una Declaraci\u00f3n de Impacto Ambiental (DIA). La RCA fue cuestionada por los reclamantes mediante un recurso de reclamaci\u00f3n ante el\u00a0<a href=\"http:\/\/www.sea.gob.cl\/\">Servicio de Evaluaci\u00f3n Ambiental (SEA)<\/a>, el que fue rechazado mediante la Res. Ex. N\u00ba 2023991011012.<\/p>\n<p style=\"text-align: justify;\">En la audiencia realizada el pasado 4 de marzo, la reclamante de la R-4-2024, propietaria de predios colindantes a los terrenos donde se ubican los aerogeneradores, indic\u00f3 que existi\u00f3 una deficiente caracterizaci\u00f3n del componente h\u00eddrico en el proceso de evaluaci\u00f3n ambiental. Agreg\u00f3 que los aerogeneradores se ubican sobre una red h\u00eddrica interconectada que fue obviada por el titular del proyecto. Tambi\u00e9n se refiri\u00f3 a los impactos en los sistemas de vida que generar\u00eda el proyecto y se\u00f1al\u00f3 adem\u00e1s que estos argumentos fueron expresados durante la etapa de evaluaci\u00f3n. La parte reclamante de la causa R-5-2024, Agrupaci\u00f3n Ays\u00e9n Reserva de Vida, no se present\u00f3 a la audiencia.<\/p>\n<p style=\"text-align: justify;\">Por su parte, el SEA expres\u00f3 que el proyecto, luego de obtener una primera RCA, fue objeto de una decisi\u00f3n de retrotraimiento para incorporar nuevos y mejores antecedentes vinculados a fauna, recursos h\u00eddricos, y al Monumento Natural Dos Lagunas. Como consecuencia, se descartaron adecuadamente los impactos significativos sobre fauna, y se determin\u00f3 que el proyecto no produce efectos sobre la cantidad o calidad de los recursos h\u00eddricos superficiales y subterr\u00e1neos del \u00e1rea. Asimismo, se descart\u00f3 la susceptibilidad de afectaci\u00f3n sobre el Monumento Natural Dos Lagunas. Respecto de los impactos por la emisi\u00f3n de ruidos, se\u00f1al\u00f3 que se realizaron las mediciones y modelaciones necesarias y que el ruido de fondo que se consider\u00f3 fue el m\u00e1s bajo medido, por lo que solicit\u00f3 que el Tribunal descarte este argumento.<\/p>\n<p style=\"text-align: justify;\">En la audiencia tambi\u00e9n present\u00f3 sus alegatos el tercero independiente, Kosten Aike, sosteniendo que las observaciones presentadas por la reclamante tiene diferencias con las entregadas en el proceso de evaluaci\u00f3n ambiental inicial. Agreg\u00f3 que incluso, el retrotraimiento del proceso, permiti\u00f3 revisar algunos aspectos del proyecto, como asimismo la posibilidad de obtener nuevos informes por parte de las autoridades ambientales.<\/p>\n<p style=\"text-align: justify;\">La causa qued\u00f3 en estudio, para un examen m\u00e1s detallado de los antecedentes del proceso.<\/p>\n<\/div><\/section><\/div><div  style='height:50px' class='hr hr-invisible   avia-builder-el-6  el_after_av_one_full  el_before_av_social_share '><span class='hr-inner ' ><span class='hr-inner-style'><\/span><\/span><\/div><\/p>\n<div  class='av-social-sharing-box  avia-builder-el-7  el_after_av_hr  el_before_av_hr  '><div class='av-share-box'><h5 class='av-share-link-description av-no-toc '>Compartir esta noticia<\/h5><ul class='av-share-box-list noLightbox'><li class='av-share-link av-social-link-facebook' ><a target=\"_blank\" aria-label=\"Compartir en Facebook\" href='https:\/\/www.facebook.com\/sharer.php?u=https:\/\/radiorevelacionfm.cl\/?p=51288&#038;t=Tribunal%20realiz%C3%B3%20audiencia%20en%20reclamaci%C3%B3n%20contra%20el%20SEA%20por%20proyecto%20e%C3%B3lico%20%C2%ABKosten%20Aike%E2%80%9D' aria-hidden='false' data-av_icon='\ue8f3' data-av_iconfont='entypo-fontello' title='' data-avia-related-tooltip='Compartir en Facebook' rel=\"noopener\"><span class='avia_hidden_link_text'>Compartir en Facebook<\/span><\/a><\/li><li class='av-share-link av-social-link-twitter' ><a target=\"_blank\" aria-label=\"Compartir en Twitter\" href='https:\/\/twitter.com\/share?text=Tribunal%20realiz%C3%B3%20audiencia%20en%20reclamaci%C3%B3n%20contra%20el%20SEA%20por%20proyecto%20e%C3%B3lico%20%C2%ABKosten%20Aike%E2%80%9D&#038;url=https:\/\/radiorevelacionfm.cl\/?p=51288' aria-hidden='false' data-av_icon='\ue8f1' data-av_iconfont='entypo-fontello' title='' data-avia-related-tooltip='Compartir en Twitter' rel=\"noopener\"><span class='avia_hidden_link_text'>Compartir en Twitter<\/span><\/a><\/li><li class='av-share-link av-social-link-whatsapp' ><a target=\"_blank\" aria-label=\"Compartir en Whatsapp\" href='https:\/\/api.whatsapp.com\/send?text=https:\/\/radiorevelacionfm.cl\/?p=51288' aria-hidden='false' data-av_icon='\uf232' data-av_iconfont='entypo-fontello' title='' data-avia-related-tooltip='Compartir en Whatsapp' rel=\"noopener\"><span class='avia_hidden_link_text'>Compartir en Whatsapp<\/span><\/a><\/li><li class='av-share-link av-social-link-linkedin' ><a target=\"_blank\" aria-label=\"Compartir en LinkedIn\" href='https:\/\/linkedin.com\/shareArticle?mini=true&#038;title=Tribunal%20realiz%C3%B3%20audiencia%20en%20reclamaci%C3%B3n%20contra%20el%20SEA%20por%20proyecto%20e%C3%B3lico%20%C2%ABKosten%20Aike%E2%80%9D&#038;url=https:\/\/radiorevelacionfm.cl\/?p=51288' aria-hidden='false' data-av_icon='\ue8fc' data-av_iconfont='entypo-fontello' title='' data-avia-related-tooltip='Compartir en LinkedIn' rel=\"noopener\"><span class='avia_hidden_link_text'>Compartir en LinkedIn<\/span><\/a><\/li><li class='av-share-link av-social-link-mail' ><a  aria-label=\"Compartir por correo\" href='mailto:?subject=Tribunal%20realiz%C3%B3%20audiencia%20en%20reclamaci%C3%B3n%20contra%20el%20SEA%20por%20proyecto%20e%C3%B3lico%20%C2%ABKosten%20Aike%E2%80%9D&#038;body=https:\/\/radiorevelacionfm.cl\/?p=51288' aria-hidden='false' data-av_icon='\ue805' data-av_iconfont='entypo-fontello' title='' data-avia-related-tooltip='Compartir por correo'><span class='avia_hidden_link_text'>Compartir por correo<\/span><\/a><\/li><\/ul><\/div><\/div>\n<div  style='height:50px' class='hr hr-invisible   avia-builder-el-8  el_after_av_social_share  el_before_av_comments_list '><span class='hr-inner ' ><span class='hr-inner-style'><\/span><\/span><\/div>\n<div  class='av-buildercomment  av-blog-meta-html-info-disabled av-blog-meta-tag-disabled  '><\/div>\n","protected":false},"excerpt":{"rendered":"","protected":false},"author":1,"featured_media":51290,"comment_status":"open","ping_status":"open","sticky":false,"template":"","format":"standard","meta":{"footnotes":""},"categories":[39],"tags":[],"class_list":["post-51288","post","type-post","status-publish","format-standard","has-post-thumbnail","hentry","category-medio-ambiente"],"jetpack_featured_media_url":"https:\/\/radiorevelacionfm.cl\/wp-content\/uploads\/2025\/03\/Eolico-1-1.jpg","_links":{"self":[{"href":"https:\/\/radiorevelacionfm.cl\/index.php?rest_route=\/wp\/v2\/posts\/51288","targetHints":{"allow":["GET"]}}],"collection":[{"href":"https:\/\/radiorevelacionfm.cl\/index.php?rest_route=\/wp\/v2\/posts"}],"about":[{"href":"https:\/\/radiorevelacionfm.cl\/index.php?rest_route=\/wp\/v2\/types\/post"}],"author":[{"embeddable":true,"href":"https:\/\/radiorevelacionfm.cl\/index.php?rest_route=\/wp\/v2\/users\/1"}],"replies":[{"embeddable":true,"href":"https:\/\/radiorevelacionfm.cl\/index.php?rest_route=%2Fwp%2Fv2%2Fcomments&post=51288"}],"version-history":[{"count":3,"href":"https:\/\/radiorevelacionfm.cl\/index.php?rest_route=\/wp\/v2\/posts\/51288\/revisions"}],"predecessor-version":[{"id":51306,"href":"https:\/\/radiorevelacionfm.cl\/index.php?rest_route=\/wp\/v2\/posts\/51288\/revisions\/51306"}],"wp:featuredmedia":[{"embeddable":true,"href":"https:\/\/radiorevelacionfm.cl\/index.php?rest_route=\/wp\/v2\/media\/51290"}],"wp:attachment":[{"href":"https:\/\/radiorevelacionfm.cl\/index.php?rest_route=%2Fwp%2Fv2%2Fmedia&parent=51288"}],"wp:term":[{"taxonomy":"category","embeddable":true,"href":"https:\/\/radiorevelacionfm.cl\/index.php?rest_route=%2Fwp%2Fv2%2Fcategories&post=51288"},{"taxonomy":"post_tag","embeddable":true,"href":"https:\/\/radiorevelacionfm.cl\/index.php?rest_route=%2Fwp%2Fv2%2Ftags&post=51288"}],"curies":[{"name":"wp","href":"https:\/\/api.w.org\/{rel}","templated":true}]}}