{"id":51282,"date":"2025-03-11T10:52:28","date_gmt":"2025-03-11T13:52:28","guid":{"rendered":"https:\/\/radiorevelacionfm.cl\/?p=51282"},"modified":"2025-03-11T10:52:28","modified_gmt":"2025-03-11T13:52:28","slug":"abren-postulaciones-a-fondo-concursable-para-equipamiento-y-sostenibilidad-de-la-pequena-mineria","status":"publish","type":"post","link":"https:\/\/radiorevelacionfm.cl\/?p=51282","title":{"rendered":"Abren postulaciones a fondo concursable para equipamiento y sostenibilidad de la peque\u00f1a miner\u00eda"},"content":{"rendered":"<div class=\"flex_column av_one_full  flex_column_div av-zero-column-padding first  avia-builder-el-0  el_before_av_one_full  avia-builder-el-first  \" style='border-radius:0px; '><div  class='avia-image-container  av-styling-    avia-builder-el-1  avia-builder-el-no-sibling  avia-align-center '  itemprop=\"image\" itemscope=\"itemscope\" itemtype=\"https:\/\/schema.org\/ImageObject\"  ><div class='avia-image-container-inner'><div class='avia-image-overlay-wrap'><img decoding=\"async\" class='wp-image-51283 avia-img-lazy-loading-not-51283 avia_image' src=\"https:\/\/radiorevelacionfm.cl\/wp-content\/uploads\/2025\/03\/pamma-2025-1_optimized.jpg\" alt='' title='pamma-2025-(1)_optimized' height=\"600\" width=\"1067\"  itemprop=\"thumbnailUrl\" srcset=\"https:\/\/radiorevelacionfm.cl\/wp-content\/uploads\/2025\/03\/pamma-2025-1_optimized.jpg 1067w, https:\/\/radiorevelacionfm.cl\/wp-content\/uploads\/2025\/03\/pamma-2025-1_optimized-300x169.jpg 300w, https:\/\/radiorevelacionfm.cl\/wp-content\/uploads\/2025\/03\/pamma-2025-1_optimized-1030x579.jpg 1030w, https:\/\/radiorevelacionfm.cl\/wp-content\/uploads\/2025\/03\/pamma-2025-1_optimized-768x432.jpg 768w, https:\/\/radiorevelacionfm.cl\/wp-content\/uploads\/2025\/03\/pamma-2025-1_optimized-705x396.jpg 705w, https:\/\/radiorevelacionfm.cl\/wp-content\/uploads\/2025\/03\/pamma-2025-1_optimized-450x253.jpg 450w, https:\/\/radiorevelacionfm.cl\/wp-content\/uploads\/2025\/03\/pamma-2025-1_optimized-600x337.jpg 600w\" sizes=\"(max-width: 1067px) 100vw, 1067px\" \/><\/div><\/div><\/div><\/div><div class=\"flex_column av_one_full  flex_column_div av-zero-column-padding first  avia-builder-el-2  el_after_av_one_full  el_before_av_one_full  column-top-margin\" style='border-radius:0px; '><section class=\"av_textblock_section \"  itemscope=\"itemscope\" itemtype=\"https:\/\/schema.org\/BlogPosting\" itemprop=\"blogPost\" ><div class='avia_textblock  '   itemprop=\"text\" ><p style=\"text-align: center;\"><strong><span style=\"font-size: 18pt;\">Abren postulaciones a fondo concursable para equipamiento y sostenibilidad de la peque\u00f1a miner\u00eda<\/span><\/strong><\/p>\n<div id=\"gtx-trans\" style=\"position: absolute; left: -50px; top: 4.31534px;\">\n<div class=\"gtx-trans-icon\"><\/div>\n<\/div>\n<\/div><\/section><\/div><div class=\"flex_column av_one_full  flex_column_div av-zero-column-padding first  avia-builder-el-4  el_after_av_one_full  el_before_av_hr  column-top-margin\" style='border-radius:0px; '><section class=\"av_textblock_section \"  itemscope=\"itemscope\" itemtype=\"https:\/\/schema.org\/BlogPosting\" itemprop=\"blogPost\" ><div class='avia_textblock  '   itemprop=\"text\" ><p style=\"text-align: justify;\"><em>Hasta el 28 de marzo las y los peque\u00f1os productores mineros de todo el pa\u00eds podr\u00e1n postular al PAMMA Desarrolla que otorga hasta $12 millones de pesos para la adquisici\u00f3n de equipamiento minero en faenas de miner\u00eda met\u00e1lica y no met\u00e1lica.<\/em><\/p>\n<p style=\"text-align: justify;\">El Ministerio de Miner\u00eda reafirma su compromiso con la modernizaci\u00f3n y el fortalecimiento de la peque\u00f1a miner\u00eda a trav\u00e9s de diversas iniciativas, entre las que destaca la implementaci\u00f3n de PAMMA Desarrolla. Esta convocatoria es parte del trabajo de focalizaci\u00f3n realizado desde el ministerio en instrumentos de pol\u00edtica p\u00fablica dirigidos al fomento de la miner\u00eda de baja escala. El objetivo es contribuir a elevar la productividad del sector mediante la optimizaci\u00f3n de procesos y tecnolog\u00edas, al mismo tiempo que se promueve el cumplimiento de est\u00e1ndares en seguridad, salud laboral y protecci\u00f3n del medio ambiente.<\/p>\n<p style=\"text-align: justify;\">Este a\u00f1o 2025, la transformaci\u00f3n de los fondos PAMMA \u2013 tanto de car\u00e1cter individual como asociativo \u2013 responde a los objetivos trazados por la nueva Pol\u00edtica de Fomento a la Peque\u00f1a Miner\u00eda con el objetivo de contribuir al fortalecimiento de las faenas de miner\u00eda met\u00e1lica, no met\u00e1lica y de actividades mineras no met\u00e1licas de rocas y salinas pertenecientes a la peque\u00f1a miner\u00eda de todo el pa\u00eds, el Ministerio de Miner\u00eda abri\u00f3 las postulaciones al fondo concursable PAMMA Desarrolla que, mediante la entrega recursos econ\u00f3micos, facilita la adquisici\u00f3n de equipamiento minero que permita mejorar la productividad, seguridad y sostenibilidad del sector.<\/p>\n<p style=\"text-align: justify;\">PAMMA Desarrolla es parte del trabajo de focalizaci\u00f3n realizado desde la cartera a los instrumentos de pol\u00edtica p\u00fablica dirigidos al fomento de la miner\u00eda de baja escala, con el prop\u00f3sito de contribuir tanto a elevar la productividad del sector, optimizando procesos y tecnolog\u00edas; como a promover el cumplimiento de est\u00e1ndares en seguridad y salud laboral.<\/p>\n<p style=\"text-align: justify;\">El concurso financia iniciativas individuales, de personas naturales o jur\u00eddicas con inicio de actividades en primera categor\u00eda, por un monto m\u00e1ximo de hasta 12 millones de pesos en miner\u00eda met\u00e1lica y no met\u00e1lica; y de hasta 8 millones de pesos para actividades mineras no met\u00e1licas de rocas y salinas, recursos con los que quienes postulen podr\u00e1n optar a la compra de equipos mineros como acu\u00f1adores, generadores, cargadores, chancadores, bombas y\/o motobombas (el\u00e9ctricas o neum\u00e1ticas), herramientas de trabajo o kit de rescate, entre otros accesorios.<\/p>\n<p style=\"text-align: justify;\">En la regi\u00f3n de Ays\u00e9n, \u201ccontamos con un equipo de profesionales a disposici\u00f3n para resolver todas las consultas que surjan durante el proceso de postulaci\u00f3n y el ingreso de datos a los formularios virtuales a este instrumento. Nuestro objetivo es garantizar un acompa\u00f1amiento t\u00e9cnico a quienes forman parte de la peque\u00f1a miner\u00eda de nuestra regi\u00f3n\u00bb, puntualiz\u00f3 Juan V\u00e1squez, Seremi de Miner\u00eda de Ays\u00e9n.<\/p>\n<p style=\"text-align: justify;\">Las personas interesadas en participar pueden hacerlo hasta el 28 de marzo, accediendo a las bases t\u00e9cnicas y administrativas disponibles en el sitio web www.mineria.cl, donde se detallan los requisitos y pasos del concurso. Al igual que el a\u00f1o pasado, las postulaciones deber\u00e1n realizarse con Clave \u00danica para ingresar a la plataforma web fondos.gob.cl.<\/p>\n<\/div><\/section><\/div><div  style='height:50px' class='hr hr-invisible   avia-builder-el-6  el_after_av_one_full  el_before_av_social_share '><span class='hr-inner ' ><span class='hr-inner-style'><\/span><\/span><\/div><\/p>\n<div  class='av-social-sharing-box  avia-builder-el-7  el_after_av_hr  el_before_av_hr  '><div class='av-share-box'><h5 class='av-share-link-description av-no-toc '>Compartir esta noticia<\/h5><ul class='av-share-box-list noLightbox'><li class='av-share-link av-social-link-facebook' ><a target=\"_blank\" aria-label=\"Compartir en Facebook\" href='https:\/\/www.facebook.com\/sharer.php?u=https:\/\/radiorevelacionfm.cl\/?p=51282&#038;t=Abren%20postulaciones%20a%20fondo%20concursable%20para%20equipamiento%20y%20sostenibilidad%20de%20la%20peque%C3%B1a%20miner%C3%ADa' aria-hidden='false' data-av_icon='\ue8f3' data-av_iconfont='entypo-fontello' title='' data-avia-related-tooltip='Compartir en Facebook' rel=\"noopener\"><span class='avia_hidden_link_text'>Compartir en Facebook<\/span><\/a><\/li><li class='av-share-link av-social-link-twitter' ><a target=\"_blank\" aria-label=\"Compartir en Twitter\" href='https:\/\/twitter.com\/share?text=Abren%20postulaciones%20a%20fondo%20concursable%20para%20equipamiento%20y%20sostenibilidad%20de%20la%20peque%C3%B1a%20miner%C3%ADa&#038;url=https:\/\/radiorevelacionfm.cl\/?p=51282' aria-hidden='false' data-av_icon='\ue8f1' data-av_iconfont='entypo-fontello' title='' data-avia-related-tooltip='Compartir en Twitter' rel=\"noopener\"><span class='avia_hidden_link_text'>Compartir en Twitter<\/span><\/a><\/li><li class='av-share-link av-social-link-whatsapp' ><a target=\"_blank\" aria-label=\"Compartir en Whatsapp\" href='https:\/\/api.whatsapp.com\/send?text=https:\/\/radiorevelacionfm.cl\/?p=51282' aria-hidden='false' data-av_icon='\uf232' data-av_iconfont='entypo-fontello' title='' data-avia-related-tooltip='Compartir en Whatsapp' rel=\"noopener\"><span class='avia_hidden_link_text'>Compartir en Whatsapp<\/span><\/a><\/li><li class='av-share-link av-social-link-linkedin' ><a target=\"_blank\" aria-label=\"Compartir en LinkedIn\" href='https:\/\/linkedin.com\/shareArticle?mini=true&#038;title=Abren%20postulaciones%20a%20fondo%20concursable%20para%20equipamiento%20y%20sostenibilidad%20de%20la%20peque%C3%B1a%20miner%C3%ADa&#038;url=https:\/\/radiorevelacionfm.cl\/?p=51282' aria-hidden='false' data-av_icon='\ue8fc' data-av_iconfont='entypo-fontello' title='' data-avia-related-tooltip='Compartir en LinkedIn' rel=\"noopener\"><span class='avia_hidden_link_text'>Compartir en LinkedIn<\/span><\/a><\/li><li class='av-share-link av-social-link-mail' ><a  aria-label=\"Compartir por correo\" href='mailto:?subject=Abren%20postulaciones%20a%20fondo%20concursable%20para%20equipamiento%20y%20sostenibilidad%20de%20la%20peque%C3%B1a%20miner%C3%ADa&#038;body=https:\/\/radiorevelacionfm.cl\/?p=51282' aria-hidden='false' data-av_icon='\ue805' data-av_iconfont='entypo-fontello' title='' data-avia-related-tooltip='Compartir por correo'><span class='avia_hidden_link_text'>Compartir por correo<\/span><\/a><\/li><\/ul><\/div><\/div>\n<div  style='height:50px' class='hr hr-invisible   avia-builder-el-8  el_after_av_social_share  el_before_av_comments_list '><span class='hr-inner ' ><span class='hr-inner-style'><\/span><\/span><\/div>\n<div  class='av-buildercomment  av-blog-meta-html-info-disabled av-blog-meta-tag-disabled  '><\/div>\n","protected":false},"excerpt":{"rendered":"","protected":false},"author":1,"featured_media":51283,"comment_status":"open","ping_status":"open","sticky":false,"template":"","format":"standard","meta":{"footnotes":""},"categories":[38],"tags":[],"class_list":["post-51282","post","type-post","status-publish","format-standard","has-post-thumbnail","hentry","category-regional"],"jetpack_featured_media_url":"https:\/\/radiorevelacionfm.cl\/wp-content\/uploads\/2025\/03\/pamma-2025-1_optimized.jpg","_links":{"self":[{"href":"https:\/\/radiorevelacionfm.cl\/index.php?rest_route=\/wp\/v2\/posts\/51282","targetHints":{"allow":["GET"]}}],"collection":[{"href":"https:\/\/radiorevelacionfm.cl\/index.php?rest_route=\/wp\/v2\/posts"}],"about":[{"href":"https:\/\/radiorevelacionfm.cl\/index.php?rest_route=\/wp\/v2\/types\/post"}],"author":[{"embeddable":true,"href":"https:\/\/radiorevelacionfm.cl\/index.php?rest_route=\/wp\/v2\/users\/1"}],"replies":[{"embeddable":true,"href":"https:\/\/radiorevelacionfm.cl\/index.php?rest_route=%2Fwp%2Fv2%2Fcomments&post=51282"}],"version-history":[{"count":1,"href":"https:\/\/radiorevelacionfm.cl\/index.php?rest_route=\/wp\/v2\/posts\/51282\/revisions"}],"predecessor-version":[{"id":51284,"href":"https:\/\/radiorevelacionfm.cl\/index.php?rest_route=\/wp\/v2\/posts\/51282\/revisions\/51284"}],"wp:featuredmedia":[{"embeddable":true,"href":"https:\/\/radiorevelacionfm.cl\/index.php?rest_route=\/wp\/v2\/media\/51283"}],"wp:attachment":[{"href":"https:\/\/radiorevelacionfm.cl\/index.php?rest_route=%2Fwp%2Fv2%2Fmedia&parent=51282"}],"wp:term":[{"taxonomy":"category","embeddable":true,"href":"https:\/\/radiorevelacionfm.cl\/index.php?rest_route=%2Fwp%2Fv2%2Fcategories&post=51282"},{"taxonomy":"post_tag","embeddable":true,"href":"https:\/\/radiorevelacionfm.cl\/index.php?rest_route=%2Fwp%2Fv2%2Ftags&post=51282"}],"curies":[{"name":"wp","href":"https:\/\/api.w.org\/{rel}","templated":true}]}}