{"id":5128,"date":"2021-06-10T17:16:38","date_gmt":"2021-06-10T20:16:38","guid":{"rendered":"https:\/\/radiorevelacionfm.cl\/?p=5128"},"modified":"2021-06-10T17:16:38","modified_gmt":"2021-06-10T20:16:38","slug":"subsidio-de-calefaccion-amplia-cobertura-2021-sumando-a-mas-de-2-270-familias","status":"publish","type":"post","link":"https:\/\/radiorevelacionfm.cl\/?p=5128","title":{"rendered":"Subsidio de Calefacci\u00f3n ampl\u00eda cobertura 2021 sumando a m\u00e1s de 2.270 familias"},"content":{"rendered":"<div class=\"flex_column av_one_full  flex_column_div av-zero-column-padding first  avia-builder-el-0  el_before_av_one_full  avia-builder-el-first  \" style='border-radius:0px; '><div  class='avia-image-container  av-styling-    avia-builder-el-1  avia-builder-el-no-sibling  avia-align-center '  itemprop=\"image\" itemscope=\"itemscope\" itemtype=\"https:\/\/schema.org\/ImageObject\"  ><div class='avia-image-container-inner'><div class='avia-image-overlay-wrap'><img decoding=\"async\" class='wp-image-0 avia-img-lazy-loading-not-0 avia_image' src=\"https:\/\/radiorevelacionfm.cl\/wp-content\/uploads\/2021\/06\/Anuncio-Subsidio1-1-1.jpg\" alt='' title=''   itemprop=\"thumbnailUrl\"  \/><\/div><\/div><\/div><\/div><div class=\"flex_column av_one_full  flex_column_div av-zero-column-padding first  avia-builder-el-2  el_after_av_one_full  el_before_av_one_full  column-top-margin\" style='border-radius:0px; '><section class=\"av_textblock_section \"  itemscope=\"itemscope\" itemtype=\"https:\/\/schema.org\/BlogPosting\" itemprop=\"blogPost\" ><div class='avia_textblock  '   itemprop=\"text\" ><p style=\"text-align: center;\"><span style=\"font-size: 18pt;\"><strong>Subsidio de Calefacci\u00f3n ampl\u00eda cobertura 2021 sumando a m\u00e1s de 2.270 familias <\/strong><\/span><\/p>\n<div id=\"gtx-trans\" style=\"position: absolute; left: -50px; top: 4.31534px;\">\n<div class=\"gtx-trans-icon\"><\/div>\n<\/div>\n<\/div><\/section><\/div><div class=\"flex_column av_one_full  flex_column_div av-zero-column-padding first  avia-builder-el-4  el_after_av_one_full  el_before_av_hr  column-top-margin\" style='border-radius:0px; '><section class=\"av_textblock_section \"  itemscope=\"itemscope\" itemtype=\"https:\/\/schema.org\/BlogPosting\" itemprop=\"blogPost\" ><div class='avia_textblock  '   itemprop=\"text\" ><p style=\"text-align: justify;\">El anuncio fue realizado en el contexto de la visita de la Ministra de Desarrollo Social y Familia, Karla Rubilar, a la regi\u00f3n de Ays\u00e9n, donde vino a cumplir una apretada agenda de actividades, enmarcada en la difusi\u00f3n del Ingreso Familiar de Emergencia Universal.<\/p>\n<p style=\"text-align: justify;\">\u201cHemos logrado la toma de raz\u00f3n en Contralor\u00eda de un decreto que permite la ampliaci\u00f3n del Subsidio de Calefacci\u00f3n 2021. Hab\u00edamos dejado afuera, lamentablemente por la cantidad de recursos involucrados en el presupuesto de este a\u00f1o, a 2.277 familias que no hab\u00edan alcanzado a recibir este a\u00f1o el beneficio, siendo que lo hab\u00edan obtenido a\u00f1os anteriores. Este tema lo levant\u00f3 el Senador Sandoval y el Diputado Calisto, plantearon este tema a nuestras autoridades locales y fuimos a conversar con el Presidente y pedimos la modificaci\u00f3n presupuestaria con el Ministro de Hacienda y nos acaba de llegar el decreto de toma de raz\u00f3n a trav\u00e9s de la Direcci\u00f3n de Presupuesto\u201d, coment\u00f3 la Ministra Rubilar.<\/p>\n<p style=\"text-align: justify;\">La jefa de la cartera social lleg\u00f3 hasta el condominio de viviendas tuteladas de Coyhaique, donde particip\u00f3 de la inauguraci\u00f3n de un huerto urbano junto a adultos mayores y donde estuvo presente el Senador, David Sandoval; el Diputado, Miguel \u00c1ngel Calisto; el Seremi de Desarrollo Social y Familia, Marcelo J\u00e9lvez; La Seremi del Trabajo y Previsi\u00f3n Social, Andrea Ponce; la Directora Regional del FOSIS, Dominique Br\u00e4utigam; el Gobernador de Coyhaique, V\u00edctor Oyarz\u00fan y la Coordinadora Regional del Senama, Romina Hern\u00e1ndez.<\/p>\n<p style=\"text-align: justify;\">\u201cEsta es una buena noticia para las familias de la regi\u00f3n, ya que con esta ampliaci\u00f3n lograremos llegar a 28.550 personas con un aporte de $100.000 para cada una, igualando la cobertura de 2020\u201d, acot\u00f3 el Director Nacional del FOSIS, Felipe Bettancourt.<\/p>\n<p style=\"text-align: justify;\">Las familias que tienen su CuentaRUT activa recibir\u00e1n este bono a partir del 8 de julio y esa misma fecha se iniciar\u00e1 el pago presencial en sucursales de BancoEstado y BancoEstado Express en la Regi\u00f3n de Ays\u00e9n, contando con todos los protocolos sanitarios para poder efectuar el cobro.<\/p>\n<p style=\"text-align: justify;\">\u201cVamos a poder cubrir completamente el tramo del 50% seg\u00fan Registro Social de Hogares (RSH) y, adem\u00e1s, 1.170 son las familias que van a alcanzar a ingresar que se encuentran en el tramo del 60%. Este a\u00f1o se gener\u00f3 una situaci\u00f3n especial donde la cantidad de familias que est\u00e1n en el tramo del 40% seg\u00fan RSH se dispar\u00f3 y aument\u00f3 considerablemente, entonces gran parte del presupuesto se concentr\u00f3 en las familias que estaban hasta el tramo del 40% RSH. Es importante destacar que este beneficio no es postulable, esto significa que se corre la lista de las familias m\u00e1s vulnerables de la Regi\u00f3n de Ays\u00e9n, que se encentraban en los tramos m\u00e1s bajos al 1 de marzo del 2021\u201d, se\u00f1al\u00f3 la Directora Regional del FOSIS, Dominique Br\u00e4utigam.<\/p>\n<p style=\"text-align: justify;\">El cobro del aporte s\u00f3lo puede ser realizado por el o la representante familiar. Para autorizar el cambio de quien cobra el beneficio se dispondr\u00e1n formularios en el sitio web del FOSIS (<a href=\"http:\/\/www.fosis.gob.cl\">www.fosis.gob.cl<\/a>), que permitir\u00e1n facilitar esta y otras acciones referentes al bono a trav\u00e9s de la Clave\u00danica.<\/p>\n<\/div><\/section><\/div><div  style='height:50px' class='hr hr-invisible   avia-builder-el-6  el_after_av_one_full  el_before_av_social_share '><span class='hr-inner ' ><span class='hr-inner-style'><\/span><\/span><\/div><\/p>\n<div  class='av-social-sharing-box  avia-builder-el-7  el_after_av_hr  el_before_av_hr  '><div class='av-share-box'><h5 class='av-share-link-description av-no-toc '>Compartir esta noticia<\/h5><ul class='av-share-box-list noLightbox'><li class='av-share-link av-social-link-facebook' ><a target=\"_blank\" aria-label=\"Compartir en Facebook\" href='https:\/\/www.facebook.com\/sharer.php?u=https:\/\/radiorevelacionfm.cl\/?p=5128&#038;t=Subsidio%20de%20Calefacci%C3%B3n%20ampl%C3%ADa%20cobertura%202021%20sumando%20a%20m%C3%A1s%20de%202.270%20familias' aria-hidden='false' data-av_icon='\ue8f3' data-av_iconfont='entypo-fontello' title='' data-avia-related-tooltip='Compartir en Facebook' rel=\"noopener\"><span class='avia_hidden_link_text'>Compartir en Facebook<\/span><\/a><\/li><li class='av-share-link av-social-link-twitter' ><a target=\"_blank\" aria-label=\"Compartir en Twitter\" href='https:\/\/twitter.com\/share?text=Subsidio%20de%20Calefacci%C3%B3n%20ampl%C3%ADa%20cobertura%202021%20sumando%20a%20m%C3%A1s%20de%202.270%20familias&#038;url=https:\/\/radiorevelacionfm.cl\/?p=5128' aria-hidden='false' data-av_icon='\ue8f1' data-av_iconfont='entypo-fontello' title='' data-avia-related-tooltip='Compartir en Twitter' rel=\"noopener\"><span class='avia_hidden_link_text'>Compartir en Twitter<\/span><\/a><\/li><li class='av-share-link av-social-link-whatsapp' ><a target=\"_blank\" aria-label=\"Compartir en Whatsapp\" href='https:\/\/api.whatsapp.com\/send?text=https:\/\/radiorevelacionfm.cl\/?p=5128' aria-hidden='false' data-av_icon='\uf232' data-av_iconfont='entypo-fontello' title='' data-avia-related-tooltip='Compartir en Whatsapp' rel=\"noopener\"><span class='avia_hidden_link_text'>Compartir en Whatsapp<\/span><\/a><\/li><li class='av-share-link av-social-link-linkedin' ><a target=\"_blank\" aria-label=\"Compartir en LinkedIn\" href='https:\/\/linkedin.com\/shareArticle?mini=true&#038;title=Subsidio%20de%20Calefacci%C3%B3n%20ampl%C3%ADa%20cobertura%202021%20sumando%20a%20m%C3%A1s%20de%202.270%20familias&#038;url=https:\/\/radiorevelacionfm.cl\/?p=5128' aria-hidden='false' data-av_icon='\ue8fc' data-av_iconfont='entypo-fontello' title='' data-avia-related-tooltip='Compartir en LinkedIn' rel=\"noopener\"><span class='avia_hidden_link_text'>Compartir en LinkedIn<\/span><\/a><\/li><li class='av-share-link av-social-link-mail' ><a  aria-label=\"Compartir por correo\" href='mailto:?subject=Subsidio%20de%20Calefacci%C3%B3n%20ampl%C3%ADa%20cobertura%202021%20sumando%20a%20m%C3%A1s%20de%202.270%20familias&#038;body=https:\/\/radiorevelacionfm.cl\/?p=5128' aria-hidden='false' data-av_icon='\ue805' data-av_iconfont='entypo-fontello' title='' data-avia-related-tooltip='Compartir por correo'><span class='avia_hidden_link_text'>Compartir por correo<\/span><\/a><\/li><\/ul><\/div><\/div>\n<div  style='height:50px' class='hr hr-invisible   avia-builder-el-8  el_after_av_social_share  el_before_av_comments_list '><span class='hr-inner ' ><span class='hr-inner-style'><\/span><\/span><\/div>\n<div  class='av-buildercomment  av-blog-meta-html-info-disabled av-blog-meta-tag-disabled  '><\/div>\n","protected":false},"excerpt":{"rendered":"","protected":false},"author":1,"featured_media":0,"comment_status":"open","ping_status":"open","sticky":false,"template":"","format":"standard","meta":{"footnotes":""},"categories":[38],"tags":[],"class_list":["post-5128","post","type-post","status-publish","format-standard","hentry","category-regional"],"jetpack_featured_media_url":"","_links":{"self":[{"href":"https:\/\/radiorevelacionfm.cl\/index.php?rest_route=\/wp\/v2\/posts\/5128","targetHints":{"allow":["GET"]}}],"collection":[{"href":"https:\/\/radiorevelacionfm.cl\/index.php?rest_route=\/wp\/v2\/posts"}],"about":[{"href":"https:\/\/radiorevelacionfm.cl\/index.php?rest_route=\/wp\/v2\/types\/post"}],"author":[{"embeddable":true,"href":"https:\/\/radiorevelacionfm.cl\/index.php?rest_route=\/wp\/v2\/users\/1"}],"replies":[{"embeddable":true,"href":"https:\/\/radiorevelacionfm.cl\/index.php?rest_route=%2Fwp%2Fv2%2Fcomments&post=5128"}],"version-history":[{"count":1,"href":"https:\/\/radiorevelacionfm.cl\/index.php?rest_route=\/wp\/v2\/posts\/5128\/revisions"}],"predecessor-version":[{"id":5130,"href":"https:\/\/radiorevelacionfm.cl\/index.php?rest_route=\/wp\/v2\/posts\/5128\/revisions\/5130"}],"wp:attachment":[{"href":"https:\/\/radiorevelacionfm.cl\/index.php?rest_route=%2Fwp%2Fv2%2Fmedia&parent=5128"}],"wp:term":[{"taxonomy":"category","embeddable":true,"href":"https:\/\/radiorevelacionfm.cl\/index.php?rest_route=%2Fwp%2Fv2%2Fcategories&post=5128"},{"taxonomy":"post_tag","embeddable":true,"href":"https:\/\/radiorevelacionfm.cl\/index.php?rest_route=%2Fwp%2Fv2%2Ftags&post=5128"}],"curies":[{"name":"wp","href":"https:\/\/api.w.org\/{rel}","templated":true}]}}