{"id":51279,"date":"2025-03-10T19:05:50","date_gmt":"2025-03-10T22:05:50","guid":{"rendered":"https:\/\/radiorevelacionfm.cl\/?p=51279"},"modified":"2025-03-10T19:09:02","modified_gmt":"2025-03-10T22:09:02","slug":"un-reconocimiento-a-las-artistas-locales-gran-adherencia-en-conmemoracion-de-la-8m-en-puerto-aysen","status":"publish","type":"post","link":"https:\/\/radiorevelacionfm.cl\/?p=51279","title":{"rendered":"Un reconocimiento a las artistas locales: gran adherencia en conmemoraci\u00f3n del 8M en Puerto Ays\u00e9n"},"content":{"rendered":"<div class=\"flex_column av_one_full  flex_column_div av-zero-column-padding first  avia-builder-el-0  el_before_av_one_full  avia-builder-el-first  \" style='border-radius:0px; '><div  class='avia-image-container  av-styling-    avia-builder-el-1  avia-builder-el-no-sibling  avia-align-center '  itemprop=\"image\" itemscope=\"itemscope\" itemtype=\"https:\/\/schema.org\/ImageObject\"  ><div class='avia-image-container-inner'><div class='avia-image-overlay-wrap'><img decoding=\"async\" class='wp-image-51280 avia-img-lazy-loading-not-51280 avia_image' src=\"https:\/\/radiorevelacionfm.cl\/wp-content\/uploads\/2025\/03\/img_1261-1_optimized.jpg\" alt='' title='img_1261-(1)_optimized' height=\"600\" width=\"900\"  itemprop=\"thumbnailUrl\" srcset=\"https:\/\/radiorevelacionfm.cl\/wp-content\/uploads\/2025\/03\/img_1261-1_optimized.jpg 900w, https:\/\/radiorevelacionfm.cl\/wp-content\/uploads\/2025\/03\/img_1261-1_optimized-300x200.jpg 300w, https:\/\/radiorevelacionfm.cl\/wp-content\/uploads\/2025\/03\/img_1261-1_optimized-768x512.jpg 768w, https:\/\/radiorevelacionfm.cl\/wp-content\/uploads\/2025\/03\/img_1261-1_optimized-705x470.jpg 705w, https:\/\/radiorevelacionfm.cl\/wp-content\/uploads\/2025\/03\/img_1261-1_optimized-450x300.jpg 450w, https:\/\/radiorevelacionfm.cl\/wp-content\/uploads\/2025\/03\/img_1261-1_optimized-600x400.jpg 600w\" sizes=\"(max-width: 900px) 100vw, 900px\" \/><\/div><\/div><\/div><\/div>\n<div class=\"flex_column av_one_full  flex_column_div av-zero-column-padding first  avia-builder-el-2  el_after_av_one_full  el_before_av_one_full  column-top-margin\" style='border-radius:0px; '><section class=\"av_textblock_section \"  itemscope=\"itemscope\" itemtype=\"https:\/\/schema.org\/BlogPosting\" itemprop=\"blogPost\" ><div class='avia_textblock  '   itemprop=\"text\" ><p style=\"text-align: center;\"><strong><span style=\"font-size: 18pt;\">Un reconocimiento a las artistas locales: gran adherencia en conmemoraci\u00f3n del 8M en Puerto Ays\u00e9n<\/span><\/strong><\/p>\n<div id=\"gtx-trans\" style=\"position: absolute; left: -50px; top: 4.31534px;\">\n<div class=\"gtx-trans-icon\"><\/div>\n<\/div>\n<\/div><\/section><\/div><div class=\"flex_column av_one_full  flex_column_div av-zero-column-padding first  avia-builder-el-4  el_after_av_one_full  el_before_av_hr  column-top-margin\" style='border-radius:0px; '><section class=\"av_textblock_section \"  itemscope=\"itemscope\" itemtype=\"https:\/\/schema.org\/BlogPosting\" itemprop=\"blogPost\" ><div class='avia_textblock  '   itemprop=\"text\" ><p style=\"text-align: justify;\"><em>El canto y el baile de las ayseninas se apoder\u00f3 de la Casa de la Cultura, en una honrosa muestra de arte para poner en valor a las mujeres y sus obras, en una fecha tan importante como lo es el D\u00eda Internacional de la Mujer.<\/em><\/p>\n<p style=\"text-align: justify;\">Como cada 8 de marzo, el Programa de Prevenci\u00f3n de Violencias de G\u00e9nero, junto al Centro de la Mujer de Ays\u00e9n, la Unidad de Cultura y el Instituto Nacional de Derechos Humanos regional, planificaron el \u201cC\u00edrculo Violeta\u201d una jornada de homenaje a las mujeres, este a\u00f1o con un enfoque hacia las artistas ayseninas.<\/p>\n<p style=\"text-align: justify;\">La Administradora Municipal de Ays\u00e9n, Felisa Ojeda, particip\u00f3 de esta instancia, por lo que habl\u00f3 sobre el significado de esta conmemoraci\u00f3n, \u201cla municipalidad de Ays\u00e9n, a trav\u00e9s del Centro de la Mujer de Naa Alver\u00e9, busca hacer un encuentro en donde este C\u00edrculo Violeta nos congregue para reflexionar, para compartir, para disfrutar de ser mujer y eso yo creo que tiene un tremendo valor que no podemos olvidar nunca. Dar gracias, primero por ser mujer, por tener estos espacios de encuentro tan necesario, por seguir cultivando el respeto con todos, por seguir ganando espacios de empoderamiento, de fortaleza, pero desde el gozo y la alegr\u00eda\u201d.<\/p>\n<p style=\"text-align: justify;\">La Casa de la Cultura se prepar\u00f3 para recibir a decenas de personas para compartir y dialogar sobre la tem\u00e1tica y, al mismo tiempo, poder disfrutar de la danza de la agrupaci\u00f3n \u201cNothem Tribal\u201d, la muestra teatral de la compa\u00f1\u00eda \u201cFinis Terra\u201d, de las pinturas de vecina Cristina Pustela, las presentaciones musicales del \u201cEnsamble de Mujeres Ayseninas\u201d y \u201cLas Chuc\u00e1\u201d. Finalmente el encuentro lo culmin\u00f3 la Psic\u00f3loga, Diplomada en G\u00e9nero y comediante invitada, Rosario S\u00e1nchez, que realiz\u00f3 una charla humor\u00edstica y de reflexi\u00f3n.<\/p>\n<p style=\"text-align: justify;\">Una de las integrantes de \u201cLas Chuc\u00e1\u201d y directora de \u201cEnsable de Mujeres Ayseninas\u201d, expres\u00f3 su sentir luego de sus presentaciones, \u201cestamos muy contentas, agradecidas del espacio y de la invitaci\u00f3n de poder interpretar estas canciones, de manera que conmemoramos a grandes mujeres en la m\u00fasica, el cual fue nuestro objetivo. Agradecer a todas las instituciones que brindan este espacio especialmente al trabajo de las que estamos aqu\u00ed, en esta tierra tan lejana, haciendo m\u00fasica, arte, teatro y danza\u201d.<\/p>\n<p style=\"text-align: justify;\">Entre las personas que salieron y entraron al lugar durante todo del evento, se registraron m\u00e1s de cien participantes, los cuales fueron atendidos de manera gratuita y pudieron acompa\u00f1ar la conversaci\u00f3n con un c\u00f3ctel, mientras se ejecutaba una mateada.<\/p>\n<p style=\"text-align: justify;\">Luego de las presentaciones de las artistas locales, fue el momento de la invitada especial de la tarde, ya que desde Santiago viaj\u00f3 Rosario S\u00e1nchez, una reconocida <em>influencer<\/em> que realiz\u00f3 un show humor\u00edstico enfocado en las mujeres, el cual tuvo momentos de reflexi\u00f3n y se llev\u00f3 las carcajadas del p\u00fablico, incluso en los momentos en que se fue la luz en la Casa de la Cultura y sigui\u00f3 el show con las luces de los celulares de los presentes.<\/p>\n<p style=\"text-align: justify;\">Giselle Quintana fue espectadora durante toda la jornada y manifest\u00f3 su opini\u00f3n de este encuentro, \u201cs\u00faper bonito y motivador para la gente, un momento de cultura, de conmemoraci\u00f3n tambi\u00e9n por el D\u00eda de la Mujer, as\u00ed que fue muy agradable este encuentro. Me encantaron las palabras que se dijeron, c\u00f3mo fueron organizadas y fomentadas por mujeres, la trascendencia de las cantantes, gran actuaci\u00f3n de las actrices y tambi\u00e9n la humorista que estuvo s\u00faper entretenida\u201d.<\/p>\n<p style=\"text-align: justify;\"><em>\u00a0<\/em><\/p>\n<\/div><\/section><\/div><\/p>\n<div  style='height:50px' class='hr hr-invisible   avia-builder-el-6  el_after_av_one_full  el_before_av_social_share '><span class='hr-inner ' ><span class='hr-inner-style'><\/span><\/span><\/div>\n<div  class='av-social-sharing-box  avia-builder-el-7  el_after_av_hr  el_before_av_hr  '><div class='av-share-box'><h5 class='av-share-link-description av-no-toc '>Compartir esta noticia<\/h5><ul class='av-share-box-list noLightbox'><li class='av-share-link av-social-link-facebook' ><a target=\"_blank\" aria-label=\"Compartir en Facebook\" href='https:\/\/www.facebook.com\/sharer.php?u=https:\/\/radiorevelacionfm.cl\/?p=51279&#038;t=Un%20reconocimiento%20a%20las%20artistas%20locales%3A%20gran%20adherencia%20en%20conmemoraci%C3%B3n%20del%208M%20en%20Puerto%20Ays%C3%A9n' aria-hidden='false' data-av_icon='\ue8f3' data-av_iconfont='entypo-fontello' title='' data-avia-related-tooltip='Compartir en Facebook' rel=\"noopener\"><span class='avia_hidden_link_text'>Compartir en Facebook<\/span><\/a><\/li><li class='av-share-link av-social-link-twitter' ><a target=\"_blank\" aria-label=\"Compartir en Twitter\" href='https:\/\/twitter.com\/share?text=Un%20reconocimiento%20a%20las%20artistas%20locales%3A%20gran%20adherencia%20en%20conmemoraci%C3%B3n%20del%208M%20en%20Puerto%20Ays%C3%A9n&#038;url=https:\/\/radiorevelacionfm.cl\/?p=51279' aria-hidden='false' data-av_icon='\ue8f1' data-av_iconfont='entypo-fontello' title='' data-avia-related-tooltip='Compartir en Twitter' rel=\"noopener\"><span class='avia_hidden_link_text'>Compartir en Twitter<\/span><\/a><\/li><li class='av-share-link av-social-link-whatsapp' ><a target=\"_blank\" aria-label=\"Compartir en Whatsapp\" href='https:\/\/api.whatsapp.com\/send?text=https:\/\/radiorevelacionfm.cl\/?p=51279' aria-hidden='false' data-av_icon='\uf232' data-av_iconfont='entypo-fontello' title='' data-avia-related-tooltip='Compartir en Whatsapp' rel=\"noopener\"><span class='avia_hidden_link_text'>Compartir en Whatsapp<\/span><\/a><\/li><li class='av-share-link av-social-link-linkedin' ><a target=\"_blank\" aria-label=\"Compartir en LinkedIn\" href='https:\/\/linkedin.com\/shareArticle?mini=true&#038;title=Un%20reconocimiento%20a%20las%20artistas%20locales%3A%20gran%20adherencia%20en%20conmemoraci%C3%B3n%20del%208M%20en%20Puerto%20Ays%C3%A9n&#038;url=https:\/\/radiorevelacionfm.cl\/?p=51279' aria-hidden='false' data-av_icon='\ue8fc' data-av_iconfont='entypo-fontello' title='' data-avia-related-tooltip='Compartir en LinkedIn' rel=\"noopener\"><span class='avia_hidden_link_text'>Compartir en LinkedIn<\/span><\/a><\/li><li class='av-share-link av-social-link-mail' ><a  aria-label=\"Compartir por correo\" href='mailto:?subject=Un%20reconocimiento%20a%20las%20artistas%20locales%3A%20gran%20adherencia%20en%20conmemoraci%C3%B3n%20del%208M%20en%20Puerto%20Ays%C3%A9n&#038;body=https:\/\/radiorevelacionfm.cl\/?p=51279' aria-hidden='false' data-av_icon='\ue805' data-av_iconfont='entypo-fontello' title='' data-avia-related-tooltip='Compartir por correo'><span class='avia_hidden_link_text'>Compartir por correo<\/span><\/a><\/li><\/ul><\/div><\/div>\n<div  style='height:50px' class='hr hr-invisible   avia-builder-el-8  el_after_av_social_share  el_before_av_comments_list '><span class='hr-inner ' ><span class='hr-inner-style'><\/span><\/span><\/div>\n<div  class='av-buildercomment  av-blog-meta-html-info-disabled av-blog-meta-tag-disabled  '><\/div>\n","protected":false},"excerpt":{"rendered":"","protected":false},"author":1,"featured_media":51280,"comment_status":"open","ping_status":"open","sticky":false,"template":"","format":"standard","meta":{"footnotes":""},"categories":[38],"tags":[],"class_list":["post-51279","post","type-post","status-publish","format-standard","has-post-thumbnail","hentry","category-regional"],"jetpack_featured_media_url":"https:\/\/radiorevelacionfm.cl\/wp-content\/uploads\/2025\/03\/img_1261-1_optimized.jpg","_links":{"self":[{"href":"https:\/\/radiorevelacionfm.cl\/index.php?rest_route=\/wp\/v2\/posts\/51279","targetHints":{"allow":["GET"]}}],"collection":[{"href":"https:\/\/radiorevelacionfm.cl\/index.php?rest_route=\/wp\/v2\/posts"}],"about":[{"href":"https:\/\/radiorevelacionfm.cl\/index.php?rest_route=\/wp\/v2\/types\/post"}],"author":[{"embeddable":true,"href":"https:\/\/radiorevelacionfm.cl\/index.php?rest_route=\/wp\/v2\/users\/1"}],"replies":[{"embeddable":true,"href":"https:\/\/radiorevelacionfm.cl\/index.php?rest_route=%2Fwp%2Fv2%2Fcomments&post=51279"}],"version-history":[{"count":2,"href":"https:\/\/radiorevelacionfm.cl\/index.php?rest_route=\/wp\/v2\/posts\/51279\/revisions"}],"predecessor-version":[{"id":51297,"href":"https:\/\/radiorevelacionfm.cl\/index.php?rest_route=\/wp\/v2\/posts\/51279\/revisions\/51297"}],"wp:featuredmedia":[{"embeddable":true,"href":"https:\/\/radiorevelacionfm.cl\/index.php?rest_route=\/wp\/v2\/media\/51280"}],"wp:attachment":[{"href":"https:\/\/radiorevelacionfm.cl\/index.php?rest_route=%2Fwp%2Fv2%2Fmedia&parent=51279"}],"wp:term":[{"taxonomy":"category","embeddable":true,"href":"https:\/\/radiorevelacionfm.cl\/index.php?rest_route=%2Fwp%2Fv2%2Fcategories&post=51279"},{"taxonomy":"post_tag","embeddable":true,"href":"https:\/\/radiorevelacionfm.cl\/index.php?rest_route=%2Fwp%2Fv2%2Ftags&post=51279"}],"curies":[{"name":"wp","href":"https:\/\/api.w.org\/{rel}","templated":true}]}}