{"id":51261,"date":"2025-03-10T17:39:50","date_gmt":"2025-03-10T20:39:50","guid":{"rendered":"https:\/\/radiorevelacionfm.cl\/?p=51261"},"modified":"2025-03-10T17:39:50","modified_gmt":"2025-03-10T20:39:50","slug":"transportistas-piden-a-vialidad-tomar-resguardos-para-la-mantencion-de-caminos-con-miras-al-invierno","status":"publish","type":"post","link":"https:\/\/radiorevelacionfm.cl\/?p=51261","title":{"rendered":"Transportistas piden a Vialidad tomar resguardos para la mantenci\u00f3n de caminos con miras al invierno"},"content":{"rendered":"<div class=\"flex_column av_one_full  flex_column_div av-zero-column-padding first  avia-builder-el-0  el_before_av_one_full  avia-builder-el-first  \" style='border-radius:0px; '><div  class='avia-image-container  av-styling-    avia-builder-el-1  avia-builder-el-no-sibling  avia-align-center '  itemprop=\"image\" itemscope=\"itemscope\" itemtype=\"https:\/\/schema.org\/ImageObject\"  ><div class='avia-image-container-inner'><div class='avia-image-overlay-wrap'><img decoding=\"async\" class='wp-image-51262 avia-img-lazy-loading-not-51262 avia_image' src=\"https:\/\/radiorevelacionfm.cl\/wp-content\/uploads\/2025\/03\/foto-reuniOn-vialidad-2-1_optimized.jpeg\" alt='' title='foto-reuni\u00d3n-vialidad-(2)-(1)_optimized' height=\"600\" width=\"1067\"  itemprop=\"thumbnailUrl\" srcset=\"https:\/\/radiorevelacionfm.cl\/wp-content\/uploads\/2025\/03\/foto-reuniOn-vialidad-2-1_optimized.jpeg 1067w, https:\/\/radiorevelacionfm.cl\/wp-content\/uploads\/2025\/03\/foto-reuniOn-vialidad-2-1_optimized-300x169.jpeg 300w, https:\/\/radiorevelacionfm.cl\/wp-content\/uploads\/2025\/03\/foto-reuniOn-vialidad-2-1_optimized-1030x579.jpeg 1030w, https:\/\/radiorevelacionfm.cl\/wp-content\/uploads\/2025\/03\/foto-reuniOn-vialidad-2-1_optimized-768x432.jpeg 768w, https:\/\/radiorevelacionfm.cl\/wp-content\/uploads\/2025\/03\/foto-reuniOn-vialidad-2-1_optimized-705x396.jpeg 705w, https:\/\/radiorevelacionfm.cl\/wp-content\/uploads\/2025\/03\/foto-reuniOn-vialidad-2-1_optimized-450x253.jpeg 450w, https:\/\/radiorevelacionfm.cl\/wp-content\/uploads\/2025\/03\/foto-reuniOn-vialidad-2-1_optimized-600x337.jpeg 600w\" sizes=\"(max-width: 1067px) 100vw, 1067px\" \/><\/div><\/div><\/div><\/div><div class=\"flex_column av_one_full  flex_column_div av-zero-column-padding first  avia-builder-el-2  el_after_av_one_full  el_before_av_one_full  column-top-margin\" style='border-radius:0px; '><section class=\"av_textblock_section \"  itemscope=\"itemscope\" itemtype=\"https:\/\/schema.org\/BlogPosting\" itemprop=\"blogPost\" ><div class='avia_textblock  '   itemprop=\"text\" ><p style=\"text-align: center;\"><strong><span style=\"font-size: 18pt;\">Transportistas piden a Vialidad tomar resguardos para la mantenci\u00f3n de caminos con miras al invierno<\/span><\/strong><\/p>\n<div id=\"gtx-trans\" style=\"position: absolute; left: -50px; top: 4.31534px;\">\n<div class=\"gtx-trans-icon\"><\/div>\n<\/div>\n<\/div><\/section><\/div><div class=\"flex_column av_one_full  flex_column_div av-zero-column-padding first  avia-builder-el-4  el_after_av_one_full  el_before_av_hr  column-top-margin\" style='border-radius:0px; '><section class=\"av_textblock_section \"  itemscope=\"itemscope\" itemtype=\"https:\/\/schema.org\/BlogPosting\" itemprop=\"blogPost\" ><div class='avia_textblock  '   itemprop=\"text\" ><p style=\"font-weight: 400; text-align: justify;\">Cuando s\u00f3lo faltan algunos d\u00edas para que comience el oto\u00f1o y bajen las temperaturas, el diputado Miguel \u00c1ngel Calisto y un grupo de transportistas se reunieron con el Director Regional de Vialidad, con la intenci\u00f3n de solicitar medidas preventivas ante los problemas que genera el mal clima en las carreteras.<\/p>\n<p style=\"font-weight: 400; text-align: justify;\">En la reuni\u00f3n con Renzo Sanders, Director de Vialidad, participaron adem\u00e1s Omar Mu\u00f1oz de la Divisi\u00f3n de planificaci\u00f3n y Desarrollo Regional del GORE, Nelson Ram\u00edrez, Presidente de la Asociaci\u00f3n Gremial de Due\u00f1os de Camiones de Coyhaique y representantes de las empresas de buses que realizan viajes en la ruta 7.<\/p>\n<p style=\"font-weight: 400; text-align: justify;\">Seg\u00fan el diputado Miguel \u00c1ngel Calisto, \u201ces fundamental que Vialidad tome todos los resguardos y no se cometan los errores o las omisiones que ocurrieron durante esta \u00e9poca. En primer lugar, solicitamos que existan maquinarias en los lugares estrat\u00e9gicos y permanentes de la Ruta 7 de tal manera que no tengamos que esperar, si estamos por ejemplo en la Cuesta del Diablo esperar que venga una maquinaria desde Coyhaique o desde Cerro Castillo sino que m\u00e1s bien las maquinarias est\u00e9n presentes en el lugar y puedan despejar cada vez que hayan situaciones de necesidad\u201d.<\/p>\n<p style=\"font-weight: 400; text-align: justify;\">Calisto agreg\u00f3 que \u201ctambi\u00e9n es importante contar con bolsas de arena y sal en lugares estrat\u00e9gicos a prop\u00f3sito de las bajas temperaturas y la escarcha durante la \u00e9poca de invierno. Abordamos la necesidad, por ejemplo, del uso de mecanismos estrat\u00e9gicos y de buena calidad en la mantenci\u00f3n de ruta, de tal manera que tengamos un reperfilado permanente y de buena calidad, no como ocurre normalmente que cuando pasa la m\u00e1quina, muchas veces los caminos al otro d\u00eda ya est\u00e1n reventados\u201d.<\/p>\n<p style=\"font-weight: 400; text-align: justify;\">Finalmente, el diputado Miguel \u00c1ngel Calisto se\u00f1al\u00f3 que \u00a0\u201ctambi\u00e9n se abordaron temas relacionados con la pavimentaci\u00f3n. Se anunci\u00f3 ya la adjudicaci\u00f3n de 17 kil\u00f3metros en la zona sur, camino a Cochrane que es una buena noticia y tambi\u00e9n el director de Vialidad ha informado el anuncio de otros 30 kil\u00f3metros en distintos sectores, los que debieran licitarse durante el segundo semestre\u201d.<\/p>\n<\/div><\/section><\/div><div  style='height:50px' class='hr hr-invisible   avia-builder-el-6  el_after_av_one_full  el_before_av_social_share '><span class='hr-inner ' ><span class='hr-inner-style'><\/span><\/span><\/div><\/p>\n<div  class='av-social-sharing-box  avia-builder-el-7  el_after_av_hr  el_before_av_hr  '><div class='av-share-box'><h5 class='av-share-link-description av-no-toc '>Compartir esta noticia<\/h5><ul class='av-share-box-list noLightbox'><li class='av-share-link av-social-link-facebook' ><a target=\"_blank\" aria-label=\"Compartir en Facebook\" href='https:\/\/www.facebook.com\/sharer.php?u=https:\/\/radiorevelacionfm.cl\/?p=51261&#038;t=Transportistas%20piden%20a%20Vialidad%20tomar%20resguardos%20para%20la%20mantenci%C3%B3n%20de%20caminos%20con%20miras%20al%20invierno' aria-hidden='false' data-av_icon='\ue8f3' data-av_iconfont='entypo-fontello' title='' data-avia-related-tooltip='Compartir en Facebook' rel=\"noopener\"><span class='avia_hidden_link_text'>Compartir en Facebook<\/span><\/a><\/li><li class='av-share-link av-social-link-twitter' ><a target=\"_blank\" aria-label=\"Compartir en Twitter\" href='https:\/\/twitter.com\/share?text=Transportistas%20piden%20a%20Vialidad%20tomar%20resguardos%20para%20la%20mantenci%C3%B3n%20de%20caminos%20con%20miras%20al%20invierno&#038;url=https:\/\/radiorevelacionfm.cl\/?p=51261' aria-hidden='false' data-av_icon='\ue8f1' data-av_iconfont='entypo-fontello' title='' data-avia-related-tooltip='Compartir en Twitter' rel=\"noopener\"><span class='avia_hidden_link_text'>Compartir en Twitter<\/span><\/a><\/li><li class='av-share-link av-social-link-whatsapp' ><a target=\"_blank\" aria-label=\"Compartir en Whatsapp\" href='https:\/\/api.whatsapp.com\/send?text=https:\/\/radiorevelacionfm.cl\/?p=51261' aria-hidden='false' data-av_icon='\uf232' data-av_iconfont='entypo-fontello' title='' data-avia-related-tooltip='Compartir en Whatsapp' rel=\"noopener\"><span class='avia_hidden_link_text'>Compartir en Whatsapp<\/span><\/a><\/li><li class='av-share-link av-social-link-linkedin' ><a target=\"_blank\" aria-label=\"Compartir en LinkedIn\" href='https:\/\/linkedin.com\/shareArticle?mini=true&#038;title=Transportistas%20piden%20a%20Vialidad%20tomar%20resguardos%20para%20la%20mantenci%C3%B3n%20de%20caminos%20con%20miras%20al%20invierno&#038;url=https:\/\/radiorevelacionfm.cl\/?p=51261' aria-hidden='false' data-av_icon='\ue8fc' data-av_iconfont='entypo-fontello' title='' data-avia-related-tooltip='Compartir en LinkedIn' rel=\"noopener\"><span class='avia_hidden_link_text'>Compartir en LinkedIn<\/span><\/a><\/li><li class='av-share-link av-social-link-mail' ><a  aria-label=\"Compartir por correo\" href='mailto:?subject=Transportistas%20piden%20a%20Vialidad%20tomar%20resguardos%20para%20la%20mantenci%C3%B3n%20de%20caminos%20con%20miras%20al%20invierno&#038;body=https:\/\/radiorevelacionfm.cl\/?p=51261' aria-hidden='false' data-av_icon='\ue805' data-av_iconfont='entypo-fontello' title='' data-avia-related-tooltip='Compartir por correo'><span class='avia_hidden_link_text'>Compartir por correo<\/span><\/a><\/li><\/ul><\/div><\/div>\n<div  style='height:50px' class='hr hr-invisible   avia-builder-el-8  el_after_av_social_share  el_before_av_comments_list '><span class='hr-inner ' ><span class='hr-inner-style'><\/span><\/span><\/div>\n<div  class='av-buildercomment  av-blog-meta-html-info-disabled av-blog-meta-tag-disabled  '><\/div>\n","protected":false},"excerpt":{"rendered":"","protected":false},"author":1,"featured_media":51262,"comment_status":"open","ping_status":"open","sticky":false,"template":"","format":"standard","meta":{"footnotes":""},"categories":[38],"tags":[],"class_list":["post-51261","post","type-post","status-publish","format-standard","has-post-thumbnail","hentry","category-regional"],"jetpack_featured_media_url":"https:\/\/radiorevelacionfm.cl\/wp-content\/uploads\/2025\/03\/foto-reuniOn-vialidad-2-1_optimized.jpeg","_links":{"self":[{"href":"https:\/\/radiorevelacionfm.cl\/index.php?rest_route=\/wp\/v2\/posts\/51261","targetHints":{"allow":["GET"]}}],"collection":[{"href":"https:\/\/radiorevelacionfm.cl\/index.php?rest_route=\/wp\/v2\/posts"}],"about":[{"href":"https:\/\/radiorevelacionfm.cl\/index.php?rest_route=\/wp\/v2\/types\/post"}],"author":[{"embeddable":true,"href":"https:\/\/radiorevelacionfm.cl\/index.php?rest_route=\/wp\/v2\/users\/1"}],"replies":[{"embeddable":true,"href":"https:\/\/radiorevelacionfm.cl\/index.php?rest_route=%2Fwp%2Fv2%2Fcomments&post=51261"}],"version-history":[{"count":1,"href":"https:\/\/radiorevelacionfm.cl\/index.php?rest_route=\/wp\/v2\/posts\/51261\/revisions"}],"predecessor-version":[{"id":51263,"href":"https:\/\/radiorevelacionfm.cl\/index.php?rest_route=\/wp\/v2\/posts\/51261\/revisions\/51263"}],"wp:featuredmedia":[{"embeddable":true,"href":"https:\/\/radiorevelacionfm.cl\/index.php?rest_route=\/wp\/v2\/media\/51262"}],"wp:attachment":[{"href":"https:\/\/radiorevelacionfm.cl\/index.php?rest_route=%2Fwp%2Fv2%2Fmedia&parent=51261"}],"wp:term":[{"taxonomy":"category","embeddable":true,"href":"https:\/\/radiorevelacionfm.cl\/index.php?rest_route=%2Fwp%2Fv2%2Fcategories&post=51261"},{"taxonomy":"post_tag","embeddable":true,"href":"https:\/\/radiorevelacionfm.cl\/index.php?rest_route=%2Fwp%2Fv2%2Ftags&post=51261"}],"curies":[{"name":"wp","href":"https:\/\/api.w.org\/{rel}","templated":true}]}}