{"id":51257,"date":"2025-03-10T15:17:57","date_gmt":"2025-03-10T18:17:57","guid":{"rendered":"https:\/\/radiorevelacionfm.cl\/?p=51257"},"modified":"2025-03-10T15:17:57","modified_gmt":"2025-03-10T18:17:57","slug":"8m-en-la-region-de-aysen-se-conmemora-por-primera-vez-en-chile-chico","status":"publish","type":"post","link":"https:\/\/radiorevelacionfm.cl\/?p=51257","title":{"rendered":"8M en la regi\u00f3n de Ays\u00e9n se conmemora por primera vez en Chile Chico"},"content":{"rendered":"<div class=\"flex_column av_one_full  flex_column_div av-zero-column-padding first  avia-builder-el-0  el_before_av_one_full  avia-builder-el-first  \" style='border-radius:0px; '><div  class='avia-image-container  av-styling-    avia-builder-el-1  avia-builder-el-no-sibling  avia-align-center '  itemprop=\"image\" itemscope=\"itemscope\" itemtype=\"https:\/\/schema.org\/ImageObject\"  ><div class='avia-image-container-inner'><div class='avia-image-overlay-wrap'><img decoding=\"async\" class='wp-image-51259 avia-img-lazy-loading-not-51259 avia_image' src=\"https:\/\/radiorevelacionfm.cl\/wp-content\/uploads\/2025\/03\/482050533_1061740085993564_7189951381519694127_n-1-1.jpg\" alt='' title='482050533_1061740085993564_7189951381519694127_n (1) (1)' height=\"600\" width=\"800\"  itemprop=\"thumbnailUrl\" srcset=\"https:\/\/radiorevelacionfm.cl\/wp-content\/uploads\/2025\/03\/482050533_1061740085993564_7189951381519694127_n-1-1.jpg 800w, https:\/\/radiorevelacionfm.cl\/wp-content\/uploads\/2025\/03\/482050533_1061740085993564_7189951381519694127_n-1-1-300x225.jpg 300w, https:\/\/radiorevelacionfm.cl\/wp-content\/uploads\/2025\/03\/482050533_1061740085993564_7189951381519694127_n-1-1-768x576.jpg 768w, https:\/\/radiorevelacionfm.cl\/wp-content\/uploads\/2025\/03\/482050533_1061740085993564_7189951381519694127_n-1-1-705x529.jpg 705w, https:\/\/radiorevelacionfm.cl\/wp-content\/uploads\/2025\/03\/482050533_1061740085993564_7189951381519694127_n-1-1-450x338.jpg 450w, https:\/\/radiorevelacionfm.cl\/wp-content\/uploads\/2025\/03\/482050533_1061740085993564_7189951381519694127_n-1-1-600x450.jpg 600w\" sizes=\"(max-width: 800px) 100vw, 800px\" \/><\/div><\/div><\/div><\/div><div class=\"flex_column av_one_full  flex_column_div av-zero-column-padding first  avia-builder-el-2  el_after_av_one_full  el_before_av_one_full  column-top-margin\" style='border-radius:0px; '><section class=\"av_textblock_section \"  itemscope=\"itemscope\" itemtype=\"https:\/\/schema.org\/BlogPosting\" itemprop=\"blogPost\" ><div class='avia_textblock  '   itemprop=\"text\" ><p style=\"text-align: center;\"><span style=\"font-size: 18pt;\"><strong>8M en la regi\u00f3n de Ays\u00e9n se conmemora por primera vez en Chile Chico<\/strong><\/span><\/p>\n<div id=\"gtx-trans\" style=\"position: absolute; left: -50px; top: 4.31534px;\">\n<div class=\"gtx-trans-icon\"><\/div>\n<\/div>\n<\/div><\/section><\/div><div class=\"flex_column av_one_full  flex_column_div av-zero-column-padding first  avia-builder-el-4  el_after_av_one_full  el_before_av_hr  column-top-margin\" style='border-radius:0px; '><section class=\"av_textblock_section \"  itemscope=\"itemscope\" itemtype=\"https:\/\/schema.org\/BlogPosting\" itemprop=\"blogPost\" ><div class='avia_textblock  '   itemprop=\"text\" ><p style=\"text-align: justify;\"><em>Con la presencia de trabajadoras, autoridades regionales y locales.<\/em><\/p>\n<p style=\"text-align: justify;\">La Secretar\u00eda Regional Ministerial de la Mujer y la Equidad de G\u00e9nero junto a la Delegaci\u00f3n Presidencial Regional Ays\u00e9n convocaron a la comunidad de Chile Chico a conmemorar el D\u00eda Internacional de la Mujer. Al respecto, la SEREMI de la Mujer y la Equidad de G\u00e9nero, Isidora Gacit\u00faa Goles, se\u00f1al\u00f3: \u201cHoy estuvimos en Chile Chico conmemorando por primera vez el hito del 8 de marzo, el D\u00eda Internacional de la Mujer Trabajadora, fuera de la capital regional. Esto es tremendamente significativo porque sabemos que en la regi\u00f3n las mujeres son inmensamente diversas, por lo que es fundamental avanzar en pol\u00edticas p\u00fablicas que tengan pertinencia territorial, relevando a las mujeres rurales y trabajando para mejorar la calidad de vida hasta en los rincones m\u00e1s alejados de nuestro territorio\u201d.<\/p>\n<p style=\"text-align: justify;\">Asimismo, en la ceremonia que incluy\u00f3 la participaci\u00f3n de trabajadoras, emprendedoras y dirigentas de la comuna, destac\u00f3 leyes emblem\u00e1ticas que ha impulsado su cartera, como la Ley de Registro Nacional de Deudores y Pago Efectivo de Pensi\u00f3n de Alimentos, Ley de Sobrevivencia a V\u00edctimas de Femicidio y Ley Integral, las que han venido a fortalecer la autonom\u00eda econ\u00f3mica y f\u00edsica de las mujeres del pa\u00eds y tambi\u00e9n de la regi\u00f3n de Ays\u00e9n.<\/p>\n<p style=\"text-align: justify;\">En relaci\u00f3n con la autonom\u00eda pol\u00edtica y social, el delegado Presidencial Regional, Jorge D\u00edaz Guzm\u00e1n refiere que \u201cNuestro presidente Gabriel Boric hoy hizo un anuncio que da cuenta de la fuerza que tienen las demandas de las mujeres y ha dicho que va a presentar una reforma constitucional para que la igualdad en la participaci\u00f3n en la pol\u00edtica, en los lugares donde se deciden las cosas importantes para Chile, tambi\u00e9n est\u00e9n las mujeres en igualdad de condiciones\u201d.<\/p>\n<p style=\"text-align: justify;\">Respecto a la conmemoraci\u00f3n de esta fecha, la dirigenta social Jessica B\u00e1ez Rivera, coment\u00f3 que \u201cEsta fecha es muy importante, es importante destacar tambi\u00e9n la lucha que dieron estas mujeres por las cuales estamos conmemorando este d\u00eda internacional de la mujer. Esta lucha hist\u00f3rica que dieron, en donde perdieron su vida por pelear por los derechos de las mujeres. Por eso es importante conmemorar esta fecha y conmemorarla con respeto y seguir en la lucha, para que las mujeres obtengamos derechos e igualdad\u201d.<\/p>\n<p style=\"text-align: justify;\">La jornada de este 8 de marzo tambi\u00e9n estuvo realzada por el anuncio que hizo el presidente Gabriel Boric Font respecto a dos proyectos: El primero sobre la Constituci\u00f3n Pol\u00edtica de la Rep\u00fablica, en donde se incorpora el principio de igualdad entre hombres y mujeres en el sistema electoral (art\u00edculo 18). \u00a0Y el segundo sobre la Ley Org\u00e1nica Constitucional sobre votaciones populares y escrutinios, Ley Org\u00e1nica Constitucional sobre gobierno y administraci\u00f3n regional y la Ley Org\u00e1nica Constitucional de Municipalidades, en donde se establece que todas las listas a candidaturas pluripersonales, esto es, al Senado, C\u00e1mara de Diputados, consejos regionales y concejos municipales, deban ser encabezadas por mujeres y alternadas entre hombres y mujeres sucesivamente. Establece tambi\u00e9n que en el caso de las listas de candidaturas impares se propone que en el \u00faltimo puesto de la lista se pueda optar por una candidatura de mujer o de hombre, debiendo siempre respetarse la regla de la alternancia y que ninguno de los sexos en la lista deber\u00e1 superar el 60%. Para el caso de listas con 3 candidaturas, excepcionalmente s\u00f3lo se aplicar\u00e1 la regla de que una candidata mujer deba encabezar la lista.<\/p>\n<p style=\"text-align: justify;\">Finalmente, el proyecto tambi\u00e9n sanciona en caso de que no se cumpla con estas reglas con el rechazo de la totalidad de las candidaturas del partido o pacto electoral en el distrito, circunscripci\u00f3n, circunscripci\u00f3n provincial o comuna, seg\u00fan corresponda, lo que igualmente puede ser corregido por los partidos en un plazo determinado.<\/p>\n<\/div><\/section><\/div><div  style='height:50px' class='hr hr-invisible   avia-builder-el-6  el_after_av_one_full  el_before_av_social_share '><span class='hr-inner ' ><span class='hr-inner-style'><\/span><\/span><\/div><\/p>\n<div  class='av-social-sharing-box  avia-builder-el-7  el_after_av_hr  el_before_av_hr  '><div class='av-share-box'><h5 class='av-share-link-description av-no-toc '>Compartir esta noticia<\/h5><ul class='av-share-box-list noLightbox'><li class='av-share-link av-social-link-facebook' ><a target=\"_blank\" aria-label=\"Compartir en Facebook\" href='https:\/\/www.facebook.com\/sharer.php?u=https:\/\/radiorevelacionfm.cl\/?p=51257&#038;t=8M%20en%20la%20regi%C3%B3n%20de%20Ays%C3%A9n%20se%20conmemora%20por%20primera%20vez%20en%20Chile%20Chico' aria-hidden='false' data-av_icon='\ue8f3' data-av_iconfont='entypo-fontello' title='' data-avia-related-tooltip='Compartir en Facebook' rel=\"noopener\"><span class='avia_hidden_link_text'>Compartir en Facebook<\/span><\/a><\/li><li class='av-share-link av-social-link-twitter' ><a target=\"_blank\" aria-label=\"Compartir en Twitter\" href='https:\/\/twitter.com\/share?text=8M%20en%20la%20regi%C3%B3n%20de%20Ays%C3%A9n%20se%20conmemora%20por%20primera%20vez%20en%20Chile%20Chico&#038;url=https:\/\/radiorevelacionfm.cl\/?p=51257' aria-hidden='false' data-av_icon='\ue8f1' data-av_iconfont='entypo-fontello' title='' data-avia-related-tooltip='Compartir en Twitter' rel=\"noopener\"><span class='avia_hidden_link_text'>Compartir en Twitter<\/span><\/a><\/li><li class='av-share-link av-social-link-whatsapp' ><a target=\"_blank\" aria-label=\"Compartir en Whatsapp\" href='https:\/\/api.whatsapp.com\/send?text=https:\/\/radiorevelacionfm.cl\/?p=51257' aria-hidden='false' data-av_icon='\uf232' data-av_iconfont='entypo-fontello' title='' data-avia-related-tooltip='Compartir en Whatsapp' rel=\"noopener\"><span class='avia_hidden_link_text'>Compartir en Whatsapp<\/span><\/a><\/li><li class='av-share-link av-social-link-linkedin' ><a target=\"_blank\" aria-label=\"Compartir en LinkedIn\" href='https:\/\/linkedin.com\/shareArticle?mini=true&#038;title=8M%20en%20la%20regi%C3%B3n%20de%20Ays%C3%A9n%20se%20conmemora%20por%20primera%20vez%20en%20Chile%20Chico&#038;url=https:\/\/radiorevelacionfm.cl\/?p=51257' aria-hidden='false' data-av_icon='\ue8fc' data-av_iconfont='entypo-fontello' title='' data-avia-related-tooltip='Compartir en LinkedIn' rel=\"noopener\"><span class='avia_hidden_link_text'>Compartir en LinkedIn<\/span><\/a><\/li><li class='av-share-link av-social-link-mail' ><a  aria-label=\"Compartir por correo\" href='mailto:?subject=8M%20en%20la%20regi%C3%B3n%20de%20Ays%C3%A9n%20se%20conmemora%20por%20primera%20vez%20en%20Chile%20Chico&#038;body=https:\/\/radiorevelacionfm.cl\/?p=51257' aria-hidden='false' data-av_icon='\ue805' data-av_iconfont='entypo-fontello' title='' data-avia-related-tooltip='Compartir por correo'><span class='avia_hidden_link_text'>Compartir por correo<\/span><\/a><\/li><\/ul><\/div><\/div>\n<div  style='height:50px' class='hr hr-invisible   avia-builder-el-8  el_after_av_social_share  el_before_av_comments_list '><span class='hr-inner ' ><span class='hr-inner-style'><\/span><\/span><\/div>\n<div  class='av-buildercomment  av-blog-meta-html-info-disabled av-blog-meta-tag-disabled  '><\/div>\n","protected":false},"excerpt":{"rendered":"","protected":false},"author":1,"featured_media":51259,"comment_status":"open","ping_status":"open","sticky":false,"template":"","format":"standard","meta":{"footnotes":""},"categories":[38],"tags":[],"class_list":["post-51257","post","type-post","status-publish","format-standard","has-post-thumbnail","hentry","category-regional"],"jetpack_featured_media_url":"https:\/\/radiorevelacionfm.cl\/wp-content\/uploads\/2025\/03\/482050533_1061740085993564_7189951381519694127_n-1-1.jpg","_links":{"self":[{"href":"https:\/\/radiorevelacionfm.cl\/index.php?rest_route=\/wp\/v2\/posts\/51257","targetHints":{"allow":["GET"]}}],"collection":[{"href":"https:\/\/radiorevelacionfm.cl\/index.php?rest_route=\/wp\/v2\/posts"}],"about":[{"href":"https:\/\/radiorevelacionfm.cl\/index.php?rest_route=\/wp\/v2\/types\/post"}],"author":[{"embeddable":true,"href":"https:\/\/radiorevelacionfm.cl\/index.php?rest_route=\/wp\/v2\/users\/1"}],"replies":[{"embeddable":true,"href":"https:\/\/radiorevelacionfm.cl\/index.php?rest_route=%2Fwp%2Fv2%2Fcomments&post=51257"}],"version-history":[{"count":1,"href":"https:\/\/radiorevelacionfm.cl\/index.php?rest_route=\/wp\/v2\/posts\/51257\/revisions"}],"predecessor-version":[{"id":51260,"href":"https:\/\/radiorevelacionfm.cl\/index.php?rest_route=\/wp\/v2\/posts\/51257\/revisions\/51260"}],"wp:featuredmedia":[{"embeddable":true,"href":"https:\/\/radiorevelacionfm.cl\/index.php?rest_route=\/wp\/v2\/media\/51259"}],"wp:attachment":[{"href":"https:\/\/radiorevelacionfm.cl\/index.php?rest_route=%2Fwp%2Fv2%2Fmedia&parent=51257"}],"wp:term":[{"taxonomy":"category","embeddable":true,"href":"https:\/\/radiorevelacionfm.cl\/index.php?rest_route=%2Fwp%2Fv2%2Fcategories&post=51257"},{"taxonomy":"post_tag","embeddable":true,"href":"https:\/\/radiorevelacionfm.cl\/index.php?rest_route=%2Fwp%2Fv2%2Ftags&post=51257"}],"curies":[{"name":"wp","href":"https:\/\/api.w.org\/{rel}","templated":true}]}}