{"id":51254,"date":"2025-03-10T16:54:36","date_gmt":"2025-03-10T19:54:36","guid":{"rendered":"https:\/\/radiorevelacionfm.cl\/?p=51254"},"modified":"2025-03-10T16:54:36","modified_gmt":"2025-03-10T19:54:36","slug":"mes-del-clima-conforman-primera-red-regional-de-mujeres-sustentables-y-lanzan-guia-de-accion-ambiental-y-climatica","status":"publish","type":"post","link":"https:\/\/radiorevelacionfm.cl\/?p=51254","title":{"rendered":"Mes del Clima: Conforman primera red regional de mujeres sustentables y lanzan Gu\u00eda de Acci\u00f3n Ambiental y Clim\u00e1tica"},"content":{"rendered":"<div class=\"flex_column av_one_full  flex_column_div av-zero-column-padding first  avia-builder-el-0  el_before_av_one_full  avia-builder-el-first  \" style='border-radius:0px; '><div  class='avia-image-container  av-styling-    avia-builder-el-1  avia-builder-el-no-sibling  avia-align-center '  itemprop=\"image\" itemscope=\"itemscope\" itemtype=\"https:\/\/schema.org\/ImageObject\"  ><div class='avia-image-container-inner'><div class='avia-image-overlay-wrap'><img decoding=\"async\" class='wp-image-51255 avia-img-lazy-loading-not-51255 avia_image' src=\"https:\/\/radiorevelacionfm.cl\/wp-content\/uploads\/2025\/03\/red-micelio-1_optimized.jpg\" alt='' title='red-micelio-(1)_optimized' height=\"600\" width=\"1067\"  itemprop=\"thumbnailUrl\" srcset=\"https:\/\/radiorevelacionfm.cl\/wp-content\/uploads\/2025\/03\/red-micelio-1_optimized.jpg 1067w, https:\/\/radiorevelacionfm.cl\/wp-content\/uploads\/2025\/03\/red-micelio-1_optimized-300x169.jpg 300w, https:\/\/radiorevelacionfm.cl\/wp-content\/uploads\/2025\/03\/red-micelio-1_optimized-1030x579.jpg 1030w, https:\/\/radiorevelacionfm.cl\/wp-content\/uploads\/2025\/03\/red-micelio-1_optimized-768x432.jpg 768w, https:\/\/radiorevelacionfm.cl\/wp-content\/uploads\/2025\/03\/red-micelio-1_optimized-705x396.jpg 705w, https:\/\/radiorevelacionfm.cl\/wp-content\/uploads\/2025\/03\/red-micelio-1_optimized-450x253.jpg 450w, https:\/\/radiorevelacionfm.cl\/wp-content\/uploads\/2025\/03\/red-micelio-1_optimized-600x337.jpg 600w\" sizes=\"(max-width: 1067px) 100vw, 1067px\" \/><\/div><\/div><\/div><\/div><div class=\"flex_column av_one_full  flex_column_div av-zero-column-padding first  avia-builder-el-2  el_after_av_one_full  el_before_av_one_full  column-top-margin\" style='border-radius:0px; '><section class=\"av_textblock_section \"  itemscope=\"itemscope\" itemtype=\"https:\/\/schema.org\/BlogPosting\" itemprop=\"blogPost\" ><div class='avia_textblock  '   itemprop=\"text\" ><p style=\"text-align: center;\"><span style=\"font-size: 18pt;\"><strong>Mes del Clima: <\/strong><strong>Conforman primera red regional de mujeres sustentables y lanzan Gu\u00eda de Acci\u00f3n Ambiental y Clim\u00e1tica<\/strong><\/span><\/p>\n<div id=\"gtx-trans\" style=\"position: absolute; left: -50px; top: 4.31534px;\">\n<div class=\"gtx-trans-icon\"><\/div>\n<\/div>\n<\/div><\/section><\/div><div class=\"flex_column av_one_full  flex_column_div av-zero-column-padding first  avia-builder-el-4  el_after_av_one_full  el_before_av_hr  column-top-margin\" style='border-radius:0px; '><section class=\"av_textblock_section \"  itemscope=\"itemscope\" itemtype=\"https:\/\/schema.org\/BlogPosting\" itemprop=\"blogPost\" ><div class='avia_textblock  '   itemprop=\"text\" ><p style=\"text-align: justify;\"><em>La gu\u00eda recopila los testimonios y experiencias de acciones ambientales de 15 mujeres que forman parte la Red Micelio<\/em><\/p>\n<p style=\"text-align: justify;\">Como parte de las actividades del mes del clima, y tambi\u00e9n en conmemoraci\u00f3n del D\u00eda Internacional de la Mujer, desde las dependencias de la Seremi de la Mujer y Equidad de G\u00e9nero, el Seremi del Medio Ambiente, Yoal D\u00edaz, dio a conocer oficialmente la Red Micelio y junto a ellas el lanzamiento de la Gu\u00eda de Acci\u00f3n Ambiental y Clim\u00e1tica.<\/p>\n<p style=\"text-align: justify;\">Hist\u00f3ricamente para el #8M, la SEREMI el Medio Ambiente ha hecho el reconocimiento de Mujeres Sustentables, destacando a\u00f1o a a\u00f1o la trayectoria de diversas mujeres que, desde distintos lugares de la Patagonia, realizan y lideran acciones ambientales. Durante el a\u00f1o 2024, la SEREMI del Medio Ambiente comenz\u00f3 un fuerte trabajo de articulaci\u00f3n para conectar a estas mujeres reconocidas por su trabajo y compromiso ambiental y clim\u00e1tico en la regi\u00f3n de Ays\u00e9n, y as\u00ed conformar la primera red regional de Mujeres Sustentables, que lleva por nombre \u201cRed Micelio\u201d.<\/p>\n<p style=\"text-align: justify;\">\u201cHoy hacemos el lanzamiento oficial de la Red Micelio, esta red que viene a agrupar al reconocimiento que se ha hecho a distintas mujeres sustentable y para eso dimos un paso que quer\u00edamos llevar de manera concreta y avanzar en que esta gu\u00eda, a trav\u00e9s de sus testimonios, permita inspirar a m\u00e1s mujeres para que la acci\u00f3n clim\u00e1tica, la acci\u00f3n territorial y la acci\u00f3n medioambiental sean parte de un trabajo que vaya avanzando de forma sostenible, sustentable e irradiando en toda la regi\u00f3n de Ays\u00e9n\u201d, declar\u00f3 el Seremi del Medio Ambiente.<\/p>\n<p style=\"text-align: justify;\">La Red Micelio es un espacio solidario de hermandad, respeto, di\u00e1logo y participaci\u00f3n, que busca fortalecer los saberes y conocimientos que aporta cada persona que pertenece a ella, promoviendo una acci\u00f3n local para los desaf\u00edos ambientales y clim\u00e1ticos en la regi\u00f3n. \u00a0Es as\u00ed que la Red Micelio est\u00e1 conformada por mujeres de toda la regi\u00f3n y la Gu\u00eda recoge la experiencia de 15 de ellas en Coyhaique, Ra\u00fal Mar\u00edn Balmaceda, Puerto Guadal, Puerto Ays\u00e9n, Villa O\u2019Higgins, Valle Mirta y que impulsan acciones ambientales tan diversas como la investigaci\u00f3n, educaci\u00f3n ambiental, activismo, divulgaci\u00f3n, econom\u00eda circular, emprendimiento y turismo sustentable, entre otras.<\/p>\n<p style=\"text-align: justify;\">Durante la ceremonia, que cont\u00f3 con participaci\u00f3n presencial y en l\u00ednea, se dio a conocer la gu\u00eda y adem\u00e1s se realiz\u00f3 un trabajo grupal, donde las participantes realizaron un mapeo de acci\u00f3n clim\u00e1tica y ambiental para reflexionar sobre los desaf\u00edos de la regi\u00f3n de Ays\u00e9n.<\/p>\n<p style=\"text-align: justify;\">\u201cYo creo que es importante tratar de incentivar con peque\u00f1as acciones que podemos hacer cada una, incentivar a otras mujeres y no solamente mujeres, que tengan alguna idea y que quieran llevarla a cabo, que signifique un cuidado al medio ambiente. Que hoy en d\u00eda, o sea, no deja de ser, seguro que estamos aburridos de tanto escuchar la sustentabilidad y todo lo dem\u00e1s, pero es sumamente importante que tomemos acciones\u201d, asegur\u00f3 la empresaria local e integrante de la Red Micelio, In\u00e9s Chabalgoiti. Por su parte, la funcionaria, investigadora y fot\u00f3grafa, tambi\u00e9n parte de la red, Alejandra Lafont destac\u00f3 \u201ces un momento importante, porque significa que hemos ido madurando en el tiempo y no solo tiene que ver con que las mujeres expresemos nuestra opini\u00f3n con mayor fuerza. Ya nos vemos m\u00e1s representadas en distintos \u00e1mbitos, sino tambi\u00e9n que estamos desarrollando una conciencia ambiental que es muy necesaria para los tiempos que estamos viviendo y los que vendr\u00e1n, en los cuales nuestro cuidado tiene que ser cada vez mayor por el cambio global que est\u00e1 ocurriendo\u201d.<\/p>\n<p style=\"text-align: justify;\">La Gu\u00eda es un producto de la Red Micelio, en el que se reconoce el trabajo y acciones como importantes referentes, motores motivacionales y luces para una regi\u00f3n de Ays\u00e9n mejor preparada y m\u00e1s responsable ante la crisis clim\u00e1tica, ambiental y de biodiversidad.<\/p>\n<p style=\"text-align: justify;\">Esta gu\u00eda ha sido gestionada por integrantes de la Red Micelio Ays\u00e9n, financiada por la SEREMI del Medio Ambiente de Ays\u00e9n y se han impreso 50 copias para entrega gratuita, adem\u00e1s de su formato digital disponible en https:\/\/bit.ly\/RedMicelio.<\/p>\n<\/div><\/section><\/div><div  style='height:50px' class='hr hr-invisible   avia-builder-el-6  el_after_av_one_full  el_before_av_social_share '><span class='hr-inner ' ><span class='hr-inner-style'><\/span><\/span><\/div><\/p>\n<div  class='av-social-sharing-box  avia-builder-el-7  el_after_av_hr  el_before_av_hr  '><div class='av-share-box'><h5 class='av-share-link-description av-no-toc '>Compartir esta noticia<\/h5><ul class='av-share-box-list noLightbox'><li class='av-share-link av-social-link-facebook' ><a target=\"_blank\" aria-label=\"Compartir en Facebook\" href='https:\/\/www.facebook.com\/sharer.php?u=https:\/\/radiorevelacionfm.cl\/?p=51254&#038;t=Mes%20del%20Clima%3A%20Conforman%20primera%20red%20regional%20de%20mujeres%20sustentables%20y%20lanzan%20Gu%C3%ADa%20de%20Acci%C3%B3n%20Ambiental%20y%20Clim%C3%A1tica' aria-hidden='false' data-av_icon='\ue8f3' data-av_iconfont='entypo-fontello' title='' data-avia-related-tooltip='Compartir en Facebook' rel=\"noopener\"><span class='avia_hidden_link_text'>Compartir en Facebook<\/span><\/a><\/li><li class='av-share-link av-social-link-twitter' ><a target=\"_blank\" aria-label=\"Compartir en Twitter\" href='https:\/\/twitter.com\/share?text=Mes%20del%20Clima%3A%20Conforman%20primera%20red%20regional%20de%20mujeres%20sustentables%20y%20lanzan%20Gu%C3%ADa%20de%20Acci%C3%B3n%20Ambiental%20y%20Clim%C3%A1tica&#038;url=https:\/\/radiorevelacionfm.cl\/?p=51254' aria-hidden='false' data-av_icon='\ue8f1' data-av_iconfont='entypo-fontello' title='' data-avia-related-tooltip='Compartir en Twitter' rel=\"noopener\"><span class='avia_hidden_link_text'>Compartir en Twitter<\/span><\/a><\/li><li class='av-share-link av-social-link-whatsapp' ><a target=\"_blank\" aria-label=\"Compartir en Whatsapp\" href='https:\/\/api.whatsapp.com\/send?text=https:\/\/radiorevelacionfm.cl\/?p=51254' aria-hidden='false' data-av_icon='\uf232' data-av_iconfont='entypo-fontello' title='' data-avia-related-tooltip='Compartir en Whatsapp' rel=\"noopener\"><span class='avia_hidden_link_text'>Compartir en Whatsapp<\/span><\/a><\/li><li class='av-share-link av-social-link-linkedin' ><a target=\"_blank\" aria-label=\"Compartir en LinkedIn\" href='https:\/\/linkedin.com\/shareArticle?mini=true&#038;title=Mes%20del%20Clima%3A%20Conforman%20primera%20red%20regional%20de%20mujeres%20sustentables%20y%20lanzan%20Gu%C3%ADa%20de%20Acci%C3%B3n%20Ambiental%20y%20Clim%C3%A1tica&#038;url=https:\/\/radiorevelacionfm.cl\/?p=51254' aria-hidden='false' data-av_icon='\ue8fc' data-av_iconfont='entypo-fontello' title='' data-avia-related-tooltip='Compartir en LinkedIn' rel=\"noopener\"><span class='avia_hidden_link_text'>Compartir en LinkedIn<\/span><\/a><\/li><li class='av-share-link av-social-link-mail' ><a  aria-label=\"Compartir por correo\" href='mailto:?subject=Mes%20del%20Clima%3A%20Conforman%20primera%20red%20regional%20de%20mujeres%20sustentables%20y%20lanzan%20Gu%C3%ADa%20de%20Acci%C3%B3n%20Ambiental%20y%20Clim%C3%A1tica&#038;body=https:\/\/radiorevelacionfm.cl\/?p=51254' aria-hidden='false' data-av_icon='\ue805' data-av_iconfont='entypo-fontello' title='' data-avia-related-tooltip='Compartir por correo'><span class='avia_hidden_link_text'>Compartir por correo<\/span><\/a><\/li><\/ul><\/div><\/div>\n<div  style='height:50px' class='hr hr-invisible   avia-builder-el-8  el_after_av_social_share  el_before_av_comments_list '><span class='hr-inner ' ><span class='hr-inner-style'><\/span><\/span><\/div>\n<div  class='av-buildercomment  av-blog-meta-html-info-disabled av-blog-meta-tag-disabled  '><\/div>\n","protected":false},"excerpt":{"rendered":"","protected":false},"author":1,"featured_media":51255,"comment_status":"open","ping_status":"open","sticky":false,"template":"","format":"standard","meta":{"footnotes":""},"categories":[39],"tags":[],"class_list":["post-51254","post","type-post","status-publish","format-standard","has-post-thumbnail","hentry","category-medio-ambiente"],"jetpack_featured_media_url":"https:\/\/radiorevelacionfm.cl\/wp-content\/uploads\/2025\/03\/red-micelio-1_optimized.jpg","_links":{"self":[{"href":"https:\/\/radiorevelacionfm.cl\/index.php?rest_route=\/wp\/v2\/posts\/51254","targetHints":{"allow":["GET"]}}],"collection":[{"href":"https:\/\/radiorevelacionfm.cl\/index.php?rest_route=\/wp\/v2\/posts"}],"about":[{"href":"https:\/\/radiorevelacionfm.cl\/index.php?rest_route=\/wp\/v2\/types\/post"}],"author":[{"embeddable":true,"href":"https:\/\/radiorevelacionfm.cl\/index.php?rest_route=\/wp\/v2\/users\/1"}],"replies":[{"embeddable":true,"href":"https:\/\/radiorevelacionfm.cl\/index.php?rest_route=%2Fwp%2Fv2%2Fcomments&post=51254"}],"version-history":[{"count":1,"href":"https:\/\/radiorevelacionfm.cl\/index.php?rest_route=\/wp\/v2\/posts\/51254\/revisions"}],"predecessor-version":[{"id":51256,"href":"https:\/\/radiorevelacionfm.cl\/index.php?rest_route=\/wp\/v2\/posts\/51254\/revisions\/51256"}],"wp:featuredmedia":[{"embeddable":true,"href":"https:\/\/radiorevelacionfm.cl\/index.php?rest_route=\/wp\/v2\/media\/51255"}],"wp:attachment":[{"href":"https:\/\/radiorevelacionfm.cl\/index.php?rest_route=%2Fwp%2Fv2%2Fmedia&parent=51254"}],"wp:term":[{"taxonomy":"category","embeddable":true,"href":"https:\/\/radiorevelacionfm.cl\/index.php?rest_route=%2Fwp%2Fv2%2Fcategories&post=51254"},{"taxonomy":"post_tag","embeddable":true,"href":"https:\/\/radiorevelacionfm.cl\/index.php?rest_route=%2Fwp%2Fv2%2Ftags&post=51254"}],"curies":[{"name":"wp","href":"https:\/\/api.w.org\/{rel}","templated":true}]}}