{"id":51250,"date":"2025-03-10T21:57:51","date_gmt":"2025-03-11T00:57:51","guid":{"rendered":"https:\/\/radiorevelacionfm.cl\/?p=51250"},"modified":"2025-03-10T21:57:51","modified_gmt":"2025-03-11T00:57:51","slug":"justicia-rechaza-recurso-de-proteccion-interpuesto-por-organizaciones-ambientalistas-contra-director-del-sea-por-central-los-maquis","status":"publish","type":"post","link":"https:\/\/radiorevelacionfm.cl\/?p=51250","title":{"rendered":"Justicia rechaza recurso de protecci\u00f3n interpuesto por organizaciones ambientalistas contra director del SEA por Central Los Maquis"},"content":{"rendered":"<div class=\"flex_column av_one_full  flex_column_div av-zero-column-padding first  avia-builder-el-0  el_before_av_one_full  avia-builder-el-first  \" style='border-radius:0px; '><div  class='avia-image-container  av-styling-    avia-builder-el-1  avia-builder-el-no-sibling  avia-align-center '  itemprop=\"image\" itemscope=\"itemscope\" itemtype=\"https:\/\/schema.org\/ImageObject\"  ><div class='avia-image-container-inner'><div class='avia-image-overlay-wrap'><img decoding=\"async\" class='wp-image-9516 avia-img-lazy-loading-not-9516 avia_image' src=\"https:\/\/radiorevelacionfm.cl\/wp-content\/uploads\/2021\/10\/central-los-maquis-0-1_optimized.jpg\" alt='' title='central-los-maquis-(0)-(1)_optimized' height=\"600\" width=\"751\"  itemprop=\"thumbnailUrl\" srcset=\"https:\/\/radiorevelacionfm.cl\/wp-content\/uploads\/2021\/10\/central-los-maquis-0-1_optimized.jpg 751w, https:\/\/radiorevelacionfm.cl\/wp-content\/uploads\/2021\/10\/central-los-maquis-0-1_optimized-300x240.jpg 300w, https:\/\/radiorevelacionfm.cl\/wp-content\/uploads\/2021\/10\/central-los-maquis-0-1_optimized-705x563.jpg 705w, https:\/\/radiorevelacionfm.cl\/wp-content\/uploads\/2021\/10\/central-los-maquis-0-1_optimized-600x479.jpg 600w\" sizes=\"(max-width: 751px) 100vw, 751px\" \/><\/div><\/div><\/div><\/div>\n<div class=\"flex_column av_one_full  flex_column_div av-zero-column-padding first  avia-builder-el-2  el_after_av_one_full  el_before_av_one_full  column-top-margin\" style='border-radius:0px; '><section class=\"av_textblock_section \"  itemscope=\"itemscope\" itemtype=\"https:\/\/schema.org\/BlogPosting\" itemprop=\"blogPost\" ><div class='avia_textblock  '   itemprop=\"text\" ><p style=\"text-align: center;\"><strong><span style=\"font-size: 18pt;\">Justicia rechaza recurso de protecci\u00f3n interpuesto por organizaciones ambientalistas contra director del SEA por Central Los Maquis<\/span><\/strong><\/p>\n<div id=\"gtx-trans\" style=\"position: absolute; left: -50px; top: 4.31534px;\">\n<div class=\"gtx-trans-icon\"><\/div>\n<\/div>\n<\/div><\/section><\/div><div class=\"flex_column av_one_full  flex_column_div av-zero-column-padding first  avia-builder-el-4  el_after_av_one_full  el_before_av_hr  column-top-margin\" style='border-radius:0px; '><section class=\"av_textblock_section \"  itemscope=\"itemscope\" itemtype=\"https:\/\/schema.org\/BlogPosting\" itemprop=\"blogPost\" ><div class='avia_textblock  '   itemprop=\"text\" ><div>\n<p class=\"v1MsoNormal\" style=\"text-align: justify;\">La Corte de Apelaciones de Coyhaique rechaz\u00f3 el recurso de protecci\u00f3n presentado en contra director regional del Servicio de Evaluaci\u00f3n Ambiental de la Regi\u00f3n de Ays\u00e9n, por la resoluci\u00f3n que neg\u00f3 la solicitud de t\u00e9rmino anticipado de la evaluaci\u00f3n del proyecto \u00abRehabilitaci\u00f3n y Ampliaci\u00f3n de Minicentral Hidroel\u00e9ctrica de Pasada Los Maquis de 1 MW, dentro de la Zona de Inter\u00e9s Tur\u00edstico Chelenko, en la localidad de Puerto Guadal\u00bb.<\/p>\n<p class=\"v1MsoNormal\" style=\"text-align: justify;\">En fallo un\u00e1nime (causa\u00a0rol 2-2025), la Primera Sala del tribunal de alzada \u2013integrada por el ministro Jos\u00e9 Ignacio Mora, el fiscal judicial Juan Patricio Silva y el abogado (i) Enrique Vel\u00e1squez\u2013 desestim\u00f3 la procedencia del recurso por falta de oportunidad y por no tener la entidad para generar afectaci\u00f3n a las garant\u00edas fundamentales invocadas en el recurso.<\/p>\n<p class=\"v1MsoNormal\" style=\"text-align: justify;\">\u00abQue de lo dicho, a criterio de estos sentenciadores, la carta\/resoluci\u00f3n que motiva la presente acci\u00f3n, no tiene la naturaleza ni entidad suficiente, como para generar afectaci\u00f3n de las garant\u00edas fundamentales invocadas, por cuanto, el procedimiento de evaluaci\u00f3n ambiental se encuentra actualmente cursando las etapas que la ley expresamente establece, no encontr\u00e1ndose afinado y por ende, manteniendo los actores, intactos los mecanismos recursivos que el ordenamiento pone a su favor, ante \u00a0la eventualidad que el pronunciamiento final de la autoridad llamada a ello, resulte perjudicial o desfavorable a los intereses de aquellos. Que refuerza lo se\u00f1alado la circunstancia, no contradicha por la apoderada de los recurrentes, referida a que por expresa petici\u00f3n de ellos, se ha abierto un procedimiento de participaci\u00f3n ciudadana, por el t\u00e9rmino de 20 d\u00edas, lo que demuestra no solo que las herramientas existen, sino que adem\u00e1s se est\u00e1 haciendo debido y oportuno uso de ellas por parte de los actores de la presente acci\u00f3n\u00bb, sostiene el fallo.<\/p>\n<p class=\"v1MsoNormal\" style=\"text-align: justify;\">La resoluci\u00f3n agrega que: \u00abAs\u00ed entonces, y siendo una cuesti\u00f3n indiscutible, que lo reprochado no constituye, en caso alguno, un acto terminal, desde que el procedimiento de evaluaci\u00f3n ambiental no ha concluido, se evidencia que no existen medidas hoy, que esta Corte pueda adoptar en favor de los recurrentes\u00bb.<\/p>\n<p class=\"v1MsoNormal\" style=\"text-align: justify;\">Para el tribunal de alzada, en la especie: \u00ab(&#8230;) sin perjuicio que no fue un punto abordado por la recurrida en su informe, pero s\u00ed esbozado durante la vista del recurso, \u00a0es dable mencionar la duda plausible que se genera en cuanto a la oportunidad en que se ha deducido la acci\u00f3n de protecci\u00f3n que nos ocupa, toda vez que si se considera que el plazo que ten\u00eda la autoridad para declarar el t\u00e9rmino anticipado del procedimiento de evaluaci\u00f3n ambiental promovido por Edelaysen, venci\u00f3 el 11 de noviembre de 2024, y el recurso fue presentado el d\u00eda 2 de enero del a\u00f1o en curso, conforme al plazo estipulado para este tipo de acciones en el Auto Acordado de la Excma. Corte Suprema, \u00e9ste se encontrar\u00eda ciertamente excedido\u00bb.<\/p>\n<p class=\"v1MsoNormal\" style=\"text-align: justify;\">Por tanto, se resuelve que: \u00bb\u00a0<b>SE RECHAZA<\/b>, sin costas, la Acci\u00f3n de Protecci\u00f3n deducida por la abogada Sof\u00eda Barrera Fuentes, en representaci\u00f3n de la Corporaci\u00f3n Privada para el Desarrollo de Ays\u00e9n, representada legalmente por Erwin Jonathan Sandoval Gallardo; de la Agrupaci\u00f3n Social y Cultural Ais\u00e9n Reserva de Vida, representada legalmente por Peter Hartmann Samhaber, todos domiciliados en Riquelme N\u00b0438, Coyhaique, Regi\u00f3n de Ays\u00e9n, y de Patricio Orlando Segura Ortiz, en contra del director regional del Servicio de Evaluaci\u00f3n Ambiental de la Regi\u00f3n de Ays\u00e9n\u00bb.<\/p>\n<p class=\"v1MsoNormal\" style=\"text-align: justify;\">\n<\/div>\n<div style=\"text-align: justify;\"><\/div>\n<\/div><\/section><\/div><\/p>\n<div  style='height:50px' class='hr hr-invisible   avia-builder-el-6  el_after_av_one_full  el_before_av_social_share '><span class='hr-inner ' ><span class='hr-inner-style'><\/span><\/span><\/div>\n<div  class='av-social-sharing-box  avia-builder-el-7  el_after_av_hr  el_before_av_hr  '><div class='av-share-box'><h5 class='av-share-link-description av-no-toc '>Compartir esta noticia<\/h5><ul class='av-share-box-list noLightbox'><li class='av-share-link av-social-link-facebook' ><a target=\"_blank\" aria-label=\"Compartir en Facebook\" href='https:\/\/www.facebook.com\/sharer.php?u=https:\/\/radiorevelacionfm.cl\/?p=51250&#038;t=Justicia%20rechaza%20recurso%20de%20protecci%C3%B3n%20interpuesto%20por%20organizaciones%20ambientalistas%20contra%20director%20del%20SEA%20por%20Central%20Los%20Maquis' aria-hidden='false' data-av_icon='\ue8f3' data-av_iconfont='entypo-fontello' title='' data-avia-related-tooltip='Compartir en Facebook' rel=\"noopener\"><span class='avia_hidden_link_text'>Compartir en Facebook<\/span><\/a><\/li><li class='av-share-link av-social-link-twitter' ><a target=\"_blank\" aria-label=\"Compartir en Twitter\" href='https:\/\/twitter.com\/share?text=Justicia%20rechaza%20recurso%20de%20protecci%C3%B3n%20interpuesto%20por%20organizaciones%20ambientalistas%20contra%20director%20del%20SEA%20por%20Central%20Los%20Maquis&#038;url=https:\/\/radiorevelacionfm.cl\/?p=51250' aria-hidden='false' data-av_icon='\ue8f1' data-av_iconfont='entypo-fontello' title='' data-avia-related-tooltip='Compartir en Twitter' rel=\"noopener\"><span class='avia_hidden_link_text'>Compartir en Twitter<\/span><\/a><\/li><li class='av-share-link av-social-link-whatsapp' ><a target=\"_blank\" aria-label=\"Compartir en Whatsapp\" href='https:\/\/api.whatsapp.com\/send?text=https:\/\/radiorevelacionfm.cl\/?p=51250' aria-hidden='false' data-av_icon='\uf232' data-av_iconfont='entypo-fontello' title='' data-avia-related-tooltip='Compartir en Whatsapp' rel=\"noopener\"><span class='avia_hidden_link_text'>Compartir en Whatsapp<\/span><\/a><\/li><li class='av-share-link av-social-link-linkedin' ><a target=\"_blank\" aria-label=\"Compartir en LinkedIn\" href='https:\/\/linkedin.com\/shareArticle?mini=true&#038;title=Justicia%20rechaza%20recurso%20de%20protecci%C3%B3n%20interpuesto%20por%20organizaciones%20ambientalistas%20contra%20director%20del%20SEA%20por%20Central%20Los%20Maquis&#038;url=https:\/\/radiorevelacionfm.cl\/?p=51250' aria-hidden='false' data-av_icon='\ue8fc' data-av_iconfont='entypo-fontello' title='' data-avia-related-tooltip='Compartir en LinkedIn' rel=\"noopener\"><span class='avia_hidden_link_text'>Compartir en LinkedIn<\/span><\/a><\/li><li class='av-share-link av-social-link-mail' ><a  aria-label=\"Compartir por correo\" href='mailto:?subject=Justicia%20rechaza%20recurso%20de%20protecci%C3%B3n%20interpuesto%20por%20organizaciones%20ambientalistas%20contra%20director%20del%20SEA%20por%20Central%20Los%20Maquis&#038;body=https:\/\/radiorevelacionfm.cl\/?p=51250' aria-hidden='false' data-av_icon='\ue805' data-av_iconfont='entypo-fontello' title='' data-avia-related-tooltip='Compartir por correo'><span class='avia_hidden_link_text'>Compartir por correo<\/span><\/a><\/li><\/ul><\/div><\/div>\n<div  style='height:50px' class='hr hr-invisible   avia-builder-el-8  el_after_av_social_share  el_before_av_comments_list '><span class='hr-inner ' ><span class='hr-inner-style'><\/span><\/span><\/div>\n<div  class='av-buildercomment  av-blog-meta-html-info-disabled av-blog-meta-tag-disabled  '><\/div>\n","protected":false},"excerpt":{"rendered":"","protected":false},"author":1,"featured_media":9516,"comment_status":"open","ping_status":"open","sticky":false,"template":"","format":"standard","meta":{"footnotes":""},"categories":[55],"tags":[],"class_list":["post-51250","post","type-post","status-publish","format-standard","has-post-thumbnail","hentry","category-justicia"],"jetpack_featured_media_url":"https:\/\/radiorevelacionfm.cl\/wp-content\/uploads\/2021\/10\/central-los-maquis-0-1_optimized.jpg","_links":{"self":[{"href":"https:\/\/radiorevelacionfm.cl\/index.php?rest_route=\/wp\/v2\/posts\/51250","targetHints":{"allow":["GET"]}}],"collection":[{"href":"https:\/\/radiorevelacionfm.cl\/index.php?rest_route=\/wp\/v2\/posts"}],"about":[{"href":"https:\/\/radiorevelacionfm.cl\/index.php?rest_route=\/wp\/v2\/types\/post"}],"author":[{"embeddable":true,"href":"https:\/\/radiorevelacionfm.cl\/index.php?rest_route=\/wp\/v2\/users\/1"}],"replies":[{"embeddable":true,"href":"https:\/\/radiorevelacionfm.cl\/index.php?rest_route=%2Fwp%2Fv2%2Fcomments&post=51250"}],"version-history":[{"count":3,"href":"https:\/\/radiorevelacionfm.cl\/index.php?rest_route=\/wp\/v2\/posts\/51250\/revisions"}],"predecessor-version":[{"id":51299,"href":"https:\/\/radiorevelacionfm.cl\/index.php?rest_route=\/wp\/v2\/posts\/51250\/revisions\/51299"}],"wp:featuredmedia":[{"embeddable":true,"href":"https:\/\/radiorevelacionfm.cl\/index.php?rest_route=\/wp\/v2\/media\/9516"}],"wp:attachment":[{"href":"https:\/\/radiorevelacionfm.cl\/index.php?rest_route=%2Fwp%2Fv2%2Fmedia&parent=51250"}],"wp:term":[{"taxonomy":"category","embeddable":true,"href":"https:\/\/radiorevelacionfm.cl\/index.php?rest_route=%2Fwp%2Fv2%2Fcategories&post=51250"},{"taxonomy":"post_tag","embeddable":true,"href":"https:\/\/radiorevelacionfm.cl\/index.php?rest_route=%2Fwp%2Fv2%2Ftags&post=51250"}],"curies":[{"name":"wp","href":"https:\/\/api.w.org\/{rel}","templated":true}]}}