{"id":5125,"date":"2021-06-10T16:55:17","date_gmt":"2021-06-10T19:55:17","guid":{"rendered":"https:\/\/radiorevelacionfm.cl\/?p=5125"},"modified":"2021-06-10T16:55:17","modified_gmt":"2021-06-10T19:55:17","slug":"atencion-estudiantes-hasta-el-29-de-junio-estan-abiertas-las-postulaciones-a-los-english-e-camps-2021","status":"publish","type":"post","link":"https:\/\/radiorevelacionfm.cl\/?p=5125","title":{"rendered":"Atenci\u00f3n estudiantes: Hasta el 29 de junio est\u00e1n abiertas las postulaciones a los English E-Camps 2021"},"content":{"rendered":"<div class=\"flex_column av_one_full  flex_column_div av-zero-column-padding first  avia-builder-el-0  el_before_av_one_full  avia-builder-el-first  \" style='border-radius:0px; '><div  class='avia-image-container  av-styling-    avia-builder-el-1  avia-builder-el-no-sibling  avia-align-center '  itemprop=\"image\" itemscope=\"itemscope\" itemtype=\"https:\/\/schema.org\/ImageObject\"  ><div class='avia-image-container-inner'><div class='avia-image-overlay-wrap'><img decoding=\"async\" class='wp-image-5126 avia-img-lazy-loading-not-5126 avia_image' src=\"https:\/\/radiorevelacionfm.cl\/wp-content\/uploads\/2021\/06\/campwinter-1-1.png\" alt='' title='campwinter (1) (1)' height=\"590\" width=\"1077\"  itemprop=\"thumbnailUrl\" srcset=\"https:\/\/radiorevelacionfm.cl\/wp-content\/uploads\/2021\/06\/campwinter-1-1.png 1077w, https:\/\/radiorevelacionfm.cl\/wp-content\/uploads\/2021\/06\/campwinter-1-1-300x164.png 300w, https:\/\/radiorevelacionfm.cl\/wp-content\/uploads\/2021\/06\/campwinter-1-1-1030x564.png 1030w, https:\/\/radiorevelacionfm.cl\/wp-content\/uploads\/2021\/06\/campwinter-1-1-768x421.png 768w, https:\/\/radiorevelacionfm.cl\/wp-content\/uploads\/2021\/06\/campwinter-1-1-705x386.png 705w, https:\/\/radiorevelacionfm.cl\/wp-content\/uploads\/2021\/06\/campwinter-1-1-600x329.png 600w\" sizes=\"(max-width: 1077px) 100vw, 1077px\" \/><\/div><\/div><\/div><\/div><div class=\"flex_column av_one_full  flex_column_div av-zero-column-padding first  avia-builder-el-2  el_after_av_one_full  el_before_av_one_full  column-top-margin\" style='border-radius:0px; '><section class=\"av_textblock_section \"  itemscope=\"itemscope\" itemtype=\"https:\/\/schema.org\/BlogPosting\" itemprop=\"blogPost\" ><div class='avia_textblock  '   itemprop=\"text\" ><p style=\"text-align: center;\"><strong><span style=\"font-size: 18pt;\">Atenci\u00f3n estudiantes: Hasta el 29 de junio est\u00e1n abiertas las postulaciones a los English E-Camps 2021<\/span><\/strong><\/p>\n<div id=\"gtx-trans\" style=\"position: absolute; left: -50px; top: 4.31534px;\">\n<div class=\"gtx-trans-icon\"><\/div>\n<\/div>\n<\/div><\/section><\/div><div class=\"flex_column av_one_full  flex_column_div av-zero-column-padding first  avia-builder-el-4  el_after_av_one_full  el_before_av_hr  column-top-margin\" style='border-radius:0px; '><section class=\"av_textblock_section \"  itemscope=\"itemscope\" itemtype=\"https:\/\/schema.org\/BlogPosting\" itemprop=\"blogPost\" ><div class='avia_textblock  '   itemprop=\"text\" ><p class=\"v1MsoNormal\" style=\"text-align: justify;\">La Secretar\u00eda Regional Ministerial de Educaci\u00f3n de Ays\u00e9n informa que est\u00e1n abiertas las inscripciones para participar en los English Winter Camps 2021, que por segundo a\u00f1o se realizan en \u00a0formato online y que permite a los participantes aprender ingl\u00e9s y conocer \u00a0estudiantes de otras regiones<\/p>\n<p class=\"v1MsoNormal\" style=\"text-align: justify;\">El Seremi de Educaci\u00f3n de Ays\u00e9n Sergio Becerra detall\u00f3 que en esta edici\u00f3n 2021 \u00a0los\u00a0English Winter E-Camps 2021,\u00a0 tambi\u00e9n contar\u00e1n con E-Camps para estudiantes de 5\u00b0\/6\u00b0, 7\u00b0\/8\u00b0 b\u00e1sico adem\u00e1s de los tradicionales campamentos para estudiantes \u00a0de educaci\u00f3n media.<\/p>\n<p class=\"v1MsoNormal\" style=\"text-align: justify;\">En el caso de la Regi\u00f3n de Ays\u00e9n los camps se realizar\u00e1n en las siguientes fechas:<\/p>\n<p class=\"v1MsoNormal\" style=\"text-align: justify;\">Semana 1 (12 al 16 de Julio) para \u00a05\u00b0 y 6 \u00b0 B\u00e1sico\/ I a IV medio.<\/p>\n<p class=\"v1MsoNormal\" style=\"text-align: justify;\">Semana 2 (19 al 23 de Julio) para \u00a07\u00b0 y 8\u00b0 B\u00e1sico.<\/p>\n<p class=\"v1MsoNormal\" style=\"text-align: justify;\">\u00abEn los E-Camps los estudiantes tienen la oportunidad de hacer \u00a0nuevos amigos y amigas, aprender y mejorar su nivel de ingl\u00e9s en un\u00a0contexto 100% online\u00a0de inmersi\u00f3n al idioma, a trav\u00e9s de sesiones online en vivo, actividades independientes, colaborativas. En estos encuentros en l\u00ednea \u00a0los estudiantes pueden compartir sus logros en redes sociales!\u00a0Todo esto a trav\u00e9s de la aplicaci\u00f3n multidispositivo que tenemos preparada para cada participante.<\/p>\n<p class=\"v1MsoNormal\" style=\"text-align: justify;\"><b>Requisitos de postulaci\u00f3n?<\/b><\/p>\n<ol style=\"text-align: justify;\" type=\"1\">\n<li class=\"v1MsoNormal\">Ser estudiante de educaci\u00f3n b\u00e1sica o media en 2021 entre los niveles de 5\u00b0 b\u00e1sico y IV\u00b0 medio.<\/li>\n<li class=\"v1MsoNormal\">Estudiar en un establecimiento de dependencia municipal, servicio local de educaci\u00f3n, subvencionado o de administraci\u00f3n delegada.<\/li>\n<li class=\"v1MsoNormal\">Tener la disponibilidad para participar en las fechas de tu nivel y regi\u00f3n.<\/li>\n<li class=\"v1MsoNormal\">De ser seleccionado(a), tener la disponibilidad para participar de las sesiones en vivo seg\u00fan tu nivel y semana de E-Camps. Haz click en tu nivel y semana para revisar el programa semanal:<\/li>\n<\/ol>\n<ol style=\"text-align: justify;\" type=\"1\">\n<li class=\"v1MsoNormal\">Contar con acceso a internet estable, ya que la totalidad de las actividades se realiza en formato online.<\/li>\n<li class=\"v1MsoNormal\">De ser seleccionado(a), deber\u00e1s facilitar a tu monitor(a) la siguiente documentaci\u00f3n en formato digital, durante el primer d\u00eda del E-Camp:<\/li>\n<\/ol>\n<ul style=\"text-align: justify;\" type=\"disc\">\n<li class=\"v1MsoNormal\">Copia simple por ambos lados de tu carnet de identidad.<\/li>\n<li class=\"v1MsoNormal\"><a href=\"https:\/\/ingles.mineduc.cl\/wp-content\/uploads\/sites\/37\/2021\/05\/2.-Autorizacio%CC%81n-de-Padres-y-Apoderados-FEB.doc\" target=\"_blank\" rel=\"noopener noreferrer\">Autorizacio\u0301n de Padres y Apoderados.<\/a><\/li>\n<li class=\"v1MsoNormal\"><a href=\"https:\/\/ingles.mineduc.cl\/wp-content\/uploads\/sites\/37\/2021\/05\/3.-Autorizacio%CC%81n-uso-de-Imagen.doc\" target=\"_blank\" rel=\"noopener noreferrer\">Autorizacio\u0301n uso de Imagen<\/a>.<\/li>\n<\/ul>\n<p class=\"v1MsoNormal\" style=\"text-align: justify;\"><b>\u00bfC\u00f3mo postular?<\/b><\/p>\n<p class=\"v1MsoNormal\" style=\"text-align: justify;\">Completa el Formulario de Postulaci\u00f3n para Estudiantes, asegur\u00e1ndote de actualizar los datos de contacto ya que son fundamentales para toda comunicaci\u00f3n contigo, por lo que rev\u00edsalos bien antes de enviar tu postulaci\u00f3n.<\/p>\n<p class=\"v1MsoNormal\" style=\"text-align: justify;\"><b><a href=\"http:\/\/piap.cl\/camps\/\" target=\"_blank\" rel=\"noopener noreferrer\">FORMULARIO DE POSTULACI\u00d3N\u00a0<\/a><a href=\"http:\/\/piap.cl\/camps\/\" target=\"_blank\" rel=\"noopener noreferrer\">WINTER E-CAMPS 2021<\/a><\/b><\/p>\n<p class=\"v1MsoNormal\" style=\"text-align: justify;\">De ser seleccionado(a), te solicitaremos confirmar tu participaci\u00f3n mediante un link que te enviaremos semanas previas al E-Camp. Adem\u00e1s, deber\u00e1s reunir los documentos a ser presentados el primer d\u00eda.<\/p>\n<p class=\"v1MsoNormal\" style=\"text-align: justify;\">La selecci\u00f3n de estudiantes ser\u00e1 de forma aleatoria entre aquellos que hayan completado el formulario de forma correcta, y que cumplan con los requisitos mencionados anteriormente.<\/p>\n<p class=\"v1MsoNormal\" style=\"text-align: justify;\">Para otras consultas, puedes escribir a\u00a0<a href=\"mailto:camps@mineduc.cl\" rel=\"noreferrer\">camps@mineduc.cl<\/a>.<\/p>\n<p class=\"v1MsoNormal\" style=\"text-align: justify;\">Las postulaciones est\u00e1n abiertas hasta el 29 de Junio de 2021.<\/p>\n<\/div><\/section><\/div><div  style='height:50px' class='hr hr-invisible   avia-builder-el-6  el_after_av_one_full  el_before_av_social_share '><span class='hr-inner ' ><span class='hr-inner-style'><\/span><\/span><\/div><\/p>\n<div  class='av-social-sharing-box  avia-builder-el-7  el_after_av_hr  el_before_av_hr  '><div class='av-share-box'><h5 class='av-share-link-description av-no-toc '>Compartir esta noticia<\/h5><ul class='av-share-box-list noLightbox'><li class='av-share-link av-social-link-facebook' ><a target=\"_blank\" aria-label=\"Compartir en Facebook\" href='https:\/\/www.facebook.com\/sharer.php?u=https:\/\/radiorevelacionfm.cl\/?p=5125&#038;t=Atenci%C3%B3n%20estudiantes%3A%20Hasta%20el%2029%20de%20junio%20est%C3%A1n%20abiertas%20las%20postulaciones%20a%20los%20English%20E-Camps%202021' aria-hidden='false' data-av_icon='\ue8f3' data-av_iconfont='entypo-fontello' title='' data-avia-related-tooltip='Compartir en Facebook' rel=\"noopener\"><span class='avia_hidden_link_text'>Compartir en Facebook<\/span><\/a><\/li><li class='av-share-link av-social-link-twitter' ><a target=\"_blank\" aria-label=\"Compartir en Twitter\" href='https:\/\/twitter.com\/share?text=Atenci%C3%B3n%20estudiantes%3A%20Hasta%20el%2029%20de%20junio%20est%C3%A1n%20abiertas%20las%20postulaciones%20a%20los%20English%20E-Camps%202021&#038;url=https:\/\/radiorevelacionfm.cl\/?p=5125' aria-hidden='false' data-av_icon='\ue8f1' data-av_iconfont='entypo-fontello' title='' data-avia-related-tooltip='Compartir en Twitter' rel=\"noopener\"><span class='avia_hidden_link_text'>Compartir en Twitter<\/span><\/a><\/li><li class='av-share-link av-social-link-whatsapp' ><a target=\"_blank\" aria-label=\"Compartir en Whatsapp\" href='https:\/\/api.whatsapp.com\/send?text=https:\/\/radiorevelacionfm.cl\/?p=5125' aria-hidden='false' data-av_icon='\uf232' data-av_iconfont='entypo-fontello' title='' data-avia-related-tooltip='Compartir en Whatsapp' rel=\"noopener\"><span class='avia_hidden_link_text'>Compartir en Whatsapp<\/span><\/a><\/li><li class='av-share-link av-social-link-linkedin' ><a target=\"_blank\" aria-label=\"Compartir en LinkedIn\" href='https:\/\/linkedin.com\/shareArticle?mini=true&#038;title=Atenci%C3%B3n%20estudiantes%3A%20Hasta%20el%2029%20de%20junio%20est%C3%A1n%20abiertas%20las%20postulaciones%20a%20los%20English%20E-Camps%202021&#038;url=https:\/\/radiorevelacionfm.cl\/?p=5125' aria-hidden='false' data-av_icon='\ue8fc' data-av_iconfont='entypo-fontello' title='' data-avia-related-tooltip='Compartir en LinkedIn' rel=\"noopener\"><span class='avia_hidden_link_text'>Compartir en LinkedIn<\/span><\/a><\/li><li class='av-share-link av-social-link-mail' ><a  aria-label=\"Compartir por correo\" href='mailto:?subject=Atenci%C3%B3n%20estudiantes%3A%20Hasta%20el%2029%20de%20junio%20est%C3%A1n%20abiertas%20las%20postulaciones%20a%20los%20English%20E-Camps%202021&#038;body=https:\/\/radiorevelacionfm.cl\/?p=5125' aria-hidden='false' data-av_icon='\ue805' data-av_iconfont='entypo-fontello' title='' data-avia-related-tooltip='Compartir por correo'><span class='avia_hidden_link_text'>Compartir por correo<\/span><\/a><\/li><\/ul><\/div><\/div>\n<div  style='height:50px' class='hr hr-invisible   avia-builder-el-8  el_after_av_social_share  el_before_av_comments_list '><span class='hr-inner ' ><span class='hr-inner-style'><\/span><\/span><\/div>\n<div  class='av-buildercomment  av-blog-meta-html-info-disabled av-blog-meta-tag-disabled  '><\/div>\n","protected":false},"excerpt":{"rendered":"","protected":false},"author":1,"featured_media":5126,"comment_status":"open","ping_status":"open","sticky":false,"template":"","format":"standard","meta":{"footnotes":""},"categories":[49],"tags":[],"class_list":["post-5125","post","type-post","status-publish","format-standard","has-post-thumbnail","hentry","category-educacion"],"jetpack_featured_media_url":"https:\/\/radiorevelacionfm.cl\/wp-content\/uploads\/2021\/06\/campwinter-1-1.png","_links":{"self":[{"href":"https:\/\/radiorevelacionfm.cl\/index.php?rest_route=\/wp\/v2\/posts\/5125","targetHints":{"allow":["GET"]}}],"collection":[{"href":"https:\/\/radiorevelacionfm.cl\/index.php?rest_route=\/wp\/v2\/posts"}],"about":[{"href":"https:\/\/radiorevelacionfm.cl\/index.php?rest_route=\/wp\/v2\/types\/post"}],"author":[{"embeddable":true,"href":"https:\/\/radiorevelacionfm.cl\/index.php?rest_route=\/wp\/v2\/users\/1"}],"replies":[{"embeddable":true,"href":"https:\/\/radiorevelacionfm.cl\/index.php?rest_route=%2Fwp%2Fv2%2Fcomments&post=5125"}],"version-history":[{"count":1,"href":"https:\/\/radiorevelacionfm.cl\/index.php?rest_route=\/wp\/v2\/posts\/5125\/revisions"}],"predecessor-version":[{"id":5127,"href":"https:\/\/radiorevelacionfm.cl\/index.php?rest_route=\/wp\/v2\/posts\/5125\/revisions\/5127"}],"wp:featuredmedia":[{"embeddable":true,"href":"https:\/\/radiorevelacionfm.cl\/index.php?rest_route=\/wp\/v2\/media\/5126"}],"wp:attachment":[{"href":"https:\/\/radiorevelacionfm.cl\/index.php?rest_route=%2Fwp%2Fv2%2Fmedia&parent=5125"}],"wp:term":[{"taxonomy":"category","embeddable":true,"href":"https:\/\/radiorevelacionfm.cl\/index.php?rest_route=%2Fwp%2Fv2%2Fcategories&post=5125"},{"taxonomy":"post_tag","embeddable":true,"href":"https:\/\/radiorevelacionfm.cl\/index.php?rest_route=%2Fwp%2Fv2%2Ftags&post=5125"}],"curies":[{"name":"wp","href":"https:\/\/api.w.org\/{rel}","templated":true}]}}