{"id":51247,"date":"2025-03-10T14:54:30","date_gmt":"2025-03-10T17:54:30","guid":{"rendered":"https:\/\/radiorevelacionfm.cl\/?p=51247"},"modified":"2025-03-10T14:54:30","modified_gmt":"2025-03-10T17:54:30","slug":"aniversario-n71-de-puerto-rio-tranquilo-finalizo-con-exitosa-version-del-festival-de-la-voz-del-marmol","status":"publish","type":"post","link":"https:\/\/radiorevelacionfm.cl\/?p=51247","title":{"rendered":"Aniversario N\u00b071 de Puerto R\u00edo Tranquilo finaliz\u00f3 con exitosa versi\u00f3n del Festival de la Voz del M\u00e1rmol"},"content":{"rendered":"<div class=\"flex_column av_one_full  flex_column_div av-zero-column-padding first  avia-builder-el-0  el_before_av_one_full  avia-builder-el-first  \" style='border-radius:0px; '><div  class='avia-image-container  av-styling-    avia-builder-el-1  avia-builder-el-no-sibling  avia-align-center '  itemprop=\"image\" itemscope=\"itemscope\" itemtype=\"https:\/\/schema.org\/ImageObject\"  ><div class='avia-image-container-inner'><div class='avia-image-overlay-wrap'><img decoding=\"async\" class='wp-image-51248 avia-img-lazy-loading-not-51248 avia_image' src=\"https:\/\/radiorevelacionfm.cl\/wp-content\/uploads\/2025\/03\/03-11-1_optimized.jpg\" alt='' title='03-(11)-(1)_optimized' height=\"600\" width=\"900\"  itemprop=\"thumbnailUrl\" srcset=\"https:\/\/radiorevelacionfm.cl\/wp-content\/uploads\/2025\/03\/03-11-1_optimized.jpg 900w, https:\/\/radiorevelacionfm.cl\/wp-content\/uploads\/2025\/03\/03-11-1_optimized-300x200.jpg 300w, https:\/\/radiorevelacionfm.cl\/wp-content\/uploads\/2025\/03\/03-11-1_optimized-768x512.jpg 768w, https:\/\/radiorevelacionfm.cl\/wp-content\/uploads\/2025\/03\/03-11-1_optimized-705x470.jpg 705w, https:\/\/radiorevelacionfm.cl\/wp-content\/uploads\/2025\/03\/03-11-1_optimized-450x300.jpg 450w, https:\/\/radiorevelacionfm.cl\/wp-content\/uploads\/2025\/03\/03-11-1_optimized-600x400.jpg 600w\" sizes=\"(max-width: 900px) 100vw, 900px\" \/><\/div><\/div><\/div><\/div><div class=\"flex_column av_one_full  flex_column_div av-zero-column-padding first  avia-builder-el-2  el_after_av_one_full  el_before_av_one_full  column-top-margin\" style='border-radius:0px; '><section class=\"av_textblock_section \"  itemscope=\"itemscope\" itemtype=\"https:\/\/schema.org\/BlogPosting\" itemprop=\"blogPost\" ><div class='avia_textblock  '   itemprop=\"text\" ><p style=\"text-align: center;\"><strong><span style=\"font-size: 18pt;\">Aniversario N\u00b071 de Puerto R\u00edo Tranquilo finaliz\u00f3 con exitosa versi\u00f3n del Festival de la Voz del M\u00e1rmol<\/span><\/strong><\/p>\n<div id=\"gtx-trans\" style=\"position: absolute; left: -50px; top: 4.31534px;\">\n<div class=\"gtx-trans-icon\"><\/div>\n<\/div>\n<\/div><\/section><\/div><div class=\"flex_column av_one_full  flex_column_div av-zero-column-padding first  avia-builder-el-4  el_after_av_one_full  el_before_av_hr  column-top-margin\" style='border-radius:0px; '><section class=\"av_textblock_section \"  itemscope=\"itemscope\" itemtype=\"https:\/\/schema.org\/BlogPosting\" itemprop=\"blogPost\" ><div class='avia_textblock  '   itemprop=\"text\" ><p style=\"text-align: justify;\"><em>Cantante local se qued\u00f3 con el primer lugar del concurso, mientras que el gran espect\u00e1culo de la noche fue protagonizado por los Talismanes del Ritmo y del Amor.<\/em><\/p>\n<p style=\"text-align: justify;\">Con gran \u00e9xito y una notable participaci\u00f3n de la comunidad local, se llev\u00f3 a cabo este s\u00e1bado 8 de marzo la 5\u00b0 versi\u00f3n del Festival de la Voz del M\u00e1rmol, evento que marc\u00f3 el cierre de las celebraciones por el Aniversario N\u00b071 de Puerto R\u00edo Tranquilo.<\/p>\n<p style=\"text-align: justify;\">Esta jornada, cont\u00f3 con un gran show de la destacada banda nacional de m\u00fasica ranchera, Los Talismanes del Ritmo y del Amor, que cautivaron a los asistentes gracias a una impecable puesta en escena.<\/p>\n<p style=\"text-align: justify;\">Respecto a los resultados de la competencia, la cantante tranquilina, Samantha Varga Barr\u00eda fue la indiscutida ganadora de esta m\u00e1gica velada, al quedarse con el primer lugar del concurso y el premio al Artista M\u00e1s Popular, interpretando \u201cLa Tequilera\u201d de Jenni Rivera.<\/p>\n<p style=\"text-align: justify;\">En segundo puesto qued\u00f3 la participante Macarena Angulo V\u00e1zquez, en representaci\u00f3n de Cochrane, cantando \u201cMi buen Amor\u201d de Mon Laferte. La tercera posici\u00f3n fue para la concursante local Daniela Berrocal Barr\u00eda, bajo la letra del chamam\u00e9 \u201cPatagonia\u201d de Javier Ch\u00e1vez y Calafate.<\/p>\n<p style=\"text-align: justify;\">El desarrollo de este festival tambi\u00e9n tuvo un importante espacio de reconocimiento a personas mayores de la localidad, quienes fueron destacados por su aporte y compromiso al bienestar de su comunidad. De mano del alcalde Marcelo J\u00e9lvez C\u00e1rdenas y el Honorable Concejo Municipal, recibieron un especial galard\u00f3n don Tito Eugenio Berrocal Jaramillo, don C\u00e9sar Ra\u00fal Poblete Poblete y la se\u00f1ora \u00c1ngela Torres Lagos.<\/p>\n<p style=\"text-align: justify;\">Adem\u00e1s, durante la noche la comisi\u00f3n organizadora de la semana Aniversario de Puerto R\u00edo Tranquilo entreg\u00f3 el c\u00f3mputo final de las competencias, resultando ganador la Alianza \u201cR\u00edo Chirifo\u201d de color azul por sobre la Alianza \u201cR\u00edo Tranquilo\u201d de color rojo. De esta forma la corona de la nueva reina fue para Montserrat Narv\u00e1ez, junto a su paje Ignacio S\u00e1ez.<\/p>\n<p style=\"text-align: justify;\">La fiesta continu\u00f3 hasta alrededor de la 4 am, con la energ\u00eda y m\u00fasica de las bandas regionales \u201cInc\u00f3gnitos del Sabor\u201d y \u201cPura Sangre\u201d. Esta edici\u00f3n del Festival de la Voz del M\u00e1rmol fue organizada por la Municipalidad de R\u00edo Ib\u00e1\u00f1ez en conjunto con la Junta de Vecinos N\u00b06 de Puerto R\u00edo Tranquilo, a trav\u00e9s del financiamiento del Programa de Fortalecimiento Productivo del Gobierno Regional de Ays\u00e9n.<\/p>\n<\/div><\/section><\/div><div  style='height:50px' class='hr hr-invisible   avia-builder-el-6  el_after_av_one_full  el_before_av_social_share '><span class='hr-inner ' ><span class='hr-inner-style'><\/span><\/span><\/div><\/p>\n<div  class='av-social-sharing-box  avia-builder-el-7  el_after_av_hr  el_before_av_hr  '><div class='av-share-box'><h5 class='av-share-link-description av-no-toc '>Compartir esta noticia<\/h5><ul class='av-share-box-list noLightbox'><li class='av-share-link av-social-link-facebook' ><a target=\"_blank\" aria-label=\"Compartir en Facebook\" href='https:\/\/www.facebook.com\/sharer.php?u=https:\/\/radiorevelacionfm.cl\/?p=51247&#038;t=Aniversario%20N%C2%B071%20de%20Puerto%20R%C3%ADo%20Tranquilo%20finaliz%C3%B3%20con%20exitosa%20versi%C3%B3n%20del%20Festival%20de%20la%20Voz%20del%20M%C3%A1rmol' aria-hidden='false' data-av_icon='\ue8f3' data-av_iconfont='entypo-fontello' title='' data-avia-related-tooltip='Compartir en Facebook' rel=\"noopener\"><span class='avia_hidden_link_text'>Compartir en Facebook<\/span><\/a><\/li><li class='av-share-link av-social-link-twitter' ><a target=\"_blank\" aria-label=\"Compartir en Twitter\" href='https:\/\/twitter.com\/share?text=Aniversario%20N%C2%B071%20de%20Puerto%20R%C3%ADo%20Tranquilo%20finaliz%C3%B3%20con%20exitosa%20versi%C3%B3n%20del%20Festival%20de%20la%20Voz%20del%20M%C3%A1rmol&#038;url=https:\/\/radiorevelacionfm.cl\/?p=51247' aria-hidden='false' data-av_icon='\ue8f1' data-av_iconfont='entypo-fontello' title='' data-avia-related-tooltip='Compartir en Twitter' rel=\"noopener\"><span class='avia_hidden_link_text'>Compartir en Twitter<\/span><\/a><\/li><li class='av-share-link av-social-link-whatsapp' ><a target=\"_blank\" aria-label=\"Compartir en Whatsapp\" href='https:\/\/api.whatsapp.com\/send?text=https:\/\/radiorevelacionfm.cl\/?p=51247' aria-hidden='false' data-av_icon='\uf232' data-av_iconfont='entypo-fontello' title='' data-avia-related-tooltip='Compartir en Whatsapp' rel=\"noopener\"><span class='avia_hidden_link_text'>Compartir en Whatsapp<\/span><\/a><\/li><li class='av-share-link av-social-link-linkedin' ><a target=\"_blank\" aria-label=\"Compartir en LinkedIn\" href='https:\/\/linkedin.com\/shareArticle?mini=true&#038;title=Aniversario%20N%C2%B071%20de%20Puerto%20R%C3%ADo%20Tranquilo%20finaliz%C3%B3%20con%20exitosa%20versi%C3%B3n%20del%20Festival%20de%20la%20Voz%20del%20M%C3%A1rmol&#038;url=https:\/\/radiorevelacionfm.cl\/?p=51247' aria-hidden='false' data-av_icon='\ue8fc' data-av_iconfont='entypo-fontello' title='' data-avia-related-tooltip='Compartir en LinkedIn' rel=\"noopener\"><span class='avia_hidden_link_text'>Compartir en LinkedIn<\/span><\/a><\/li><li class='av-share-link av-social-link-mail' ><a  aria-label=\"Compartir por correo\" href='mailto:?subject=Aniversario%20N%C2%B071%20de%20Puerto%20R%C3%ADo%20Tranquilo%20finaliz%C3%B3%20con%20exitosa%20versi%C3%B3n%20del%20Festival%20de%20la%20Voz%20del%20M%C3%A1rmol&#038;body=https:\/\/radiorevelacionfm.cl\/?p=51247' aria-hidden='false' data-av_icon='\ue805' data-av_iconfont='entypo-fontello' title='' data-avia-related-tooltip='Compartir por correo'><span class='avia_hidden_link_text'>Compartir por correo<\/span><\/a><\/li><\/ul><\/div><\/div>\n<div  style='height:50px' class='hr hr-invisible   avia-builder-el-8  el_after_av_social_share  el_before_av_comments_list '><span class='hr-inner ' ><span class='hr-inner-style'><\/span><\/span><\/div>\n<div  class='av-buildercomment  av-blog-meta-html-info-disabled av-blog-meta-tag-disabled  '><\/div>\n","protected":false},"excerpt":{"rendered":"","protected":false},"author":1,"featured_media":51248,"comment_status":"open","ping_status":"open","sticky":false,"template":"","format":"standard","meta":{"footnotes":""},"categories":[38],"tags":[],"class_list":["post-51247","post","type-post","status-publish","format-standard","has-post-thumbnail","hentry","category-regional"],"jetpack_featured_media_url":"https:\/\/radiorevelacionfm.cl\/wp-content\/uploads\/2025\/03\/03-11-1_optimized.jpg","_links":{"self":[{"href":"https:\/\/radiorevelacionfm.cl\/index.php?rest_route=\/wp\/v2\/posts\/51247","targetHints":{"allow":["GET"]}}],"collection":[{"href":"https:\/\/radiorevelacionfm.cl\/index.php?rest_route=\/wp\/v2\/posts"}],"about":[{"href":"https:\/\/radiorevelacionfm.cl\/index.php?rest_route=\/wp\/v2\/types\/post"}],"author":[{"embeddable":true,"href":"https:\/\/radiorevelacionfm.cl\/index.php?rest_route=\/wp\/v2\/users\/1"}],"replies":[{"embeddable":true,"href":"https:\/\/radiorevelacionfm.cl\/index.php?rest_route=%2Fwp%2Fv2%2Fcomments&post=51247"}],"version-history":[{"count":1,"href":"https:\/\/radiorevelacionfm.cl\/index.php?rest_route=\/wp\/v2\/posts\/51247\/revisions"}],"predecessor-version":[{"id":51249,"href":"https:\/\/radiorevelacionfm.cl\/index.php?rest_route=\/wp\/v2\/posts\/51247\/revisions\/51249"}],"wp:featuredmedia":[{"embeddable":true,"href":"https:\/\/radiorevelacionfm.cl\/index.php?rest_route=\/wp\/v2\/media\/51248"}],"wp:attachment":[{"href":"https:\/\/radiorevelacionfm.cl\/index.php?rest_route=%2Fwp%2Fv2%2Fmedia&parent=51247"}],"wp:term":[{"taxonomy":"category","embeddable":true,"href":"https:\/\/radiorevelacionfm.cl\/index.php?rest_route=%2Fwp%2Fv2%2Fcategories&post=51247"},{"taxonomy":"post_tag","embeddable":true,"href":"https:\/\/radiorevelacionfm.cl\/index.php?rest_route=%2Fwp%2Fv2%2Ftags&post=51247"}],"curies":[{"name":"wp","href":"https:\/\/api.w.org\/{rel}","templated":true}]}}