{"id":51244,"date":"2025-03-10T12:27:14","date_gmt":"2025-03-10T15:27:14","guid":{"rendered":"https:\/\/radiorevelacionfm.cl\/?p=51244"},"modified":"2025-03-10T12:27:14","modified_gmt":"2025-03-10T15:27:14","slug":"programas-fosis-robustecen-la-pesca-artesanal-en-comunas-de-guaitecas-cisnes-y-aysen","status":"publish","type":"post","link":"https:\/\/radiorevelacionfm.cl\/?p=51244","title":{"rendered":"Programas FOSIS, robustecen la pesca artesanal en comunas de Guaitecas, Cisnes y Ays\u00e9n"},"content":{"rendered":"<div class=\"flex_column av_one_full  flex_column_div av-zero-column-padding first  avia-builder-el-0  el_before_av_one_full  avia-builder-el-first  \" style='border-radius:0px; '><div  class='avia-image-container  av-styling-    avia-builder-el-1  avia-builder-el-no-sibling  avia-align-center '  itemprop=\"image\" itemscope=\"itemscope\" itemtype=\"https:\/\/schema.org\/ImageObject\"  ><div class='avia-image-container-inner'><div class='avia-image-overlay-wrap'><img decoding=\"async\" class='wp-image-51245 avia-img-lazy-loading-not-51245 avia_image' src=\"https:\/\/radiorevelacionfm.cl\/wp-content\/uploads\/2025\/03\/1habitabilidad-pesca-1_optimized-1.jpeg\" alt='' title='1habitabilidad-pesca-(1)_optimized (1)' height=\"600\" width=\"1047\"  itemprop=\"thumbnailUrl\" srcset=\"https:\/\/radiorevelacionfm.cl\/wp-content\/uploads\/2025\/03\/1habitabilidad-pesca-1_optimized-1.jpeg 1047w, https:\/\/radiorevelacionfm.cl\/wp-content\/uploads\/2025\/03\/1habitabilidad-pesca-1_optimized-1-300x172.jpeg 300w, https:\/\/radiorevelacionfm.cl\/wp-content\/uploads\/2025\/03\/1habitabilidad-pesca-1_optimized-1-1030x590.jpeg 1030w, https:\/\/radiorevelacionfm.cl\/wp-content\/uploads\/2025\/03\/1habitabilidad-pesca-1_optimized-1-768x440.jpeg 768w, https:\/\/radiorevelacionfm.cl\/wp-content\/uploads\/2025\/03\/1habitabilidad-pesca-1_optimized-1-705x404.jpeg 705w, https:\/\/radiorevelacionfm.cl\/wp-content\/uploads\/2025\/03\/1habitabilidad-pesca-1_optimized-1-450x258.jpeg 450w, https:\/\/radiorevelacionfm.cl\/wp-content\/uploads\/2025\/03\/1habitabilidad-pesca-1_optimized-1-600x344.jpeg 600w\" sizes=\"(max-width: 1047px) 100vw, 1047px\" \/><\/div><\/div><\/div><\/div><div class=\"flex_column av_one_full  flex_column_div av-zero-column-padding first  avia-builder-el-2  el_after_av_one_full  el_before_av_one_full  column-top-margin\" style='border-radius:0px; '><section class=\"av_textblock_section \"  itemscope=\"itemscope\" itemtype=\"https:\/\/schema.org\/BlogPosting\" itemprop=\"blogPost\" ><div class='avia_textblock  '   itemprop=\"text\" ><p style=\"text-align: center;\"><strong><span style=\"font-size: 18pt;\">Programas FOSIS, robustecen la pesca artesanal en comunas de Guaitecas, Cisnes y Ays\u00e9n <\/span><\/strong><\/p>\n<div id=\"gtx-trans\" style=\"position: absolute; left: -50px; top: 4.31534px;\">\n<div class=\"gtx-trans-icon\"><\/div>\n<\/div>\n<\/div><\/section><\/div><div class=\"flex_column av_one_full  flex_column_div av-zero-column-padding first  avia-builder-el-4  el_after_av_one_full  el_before_av_hr  column-top-margin\" style='border-radius:0px; '><section class=\"av_textblock_section \"  itemscope=\"itemscope\" itemtype=\"https:\/\/schema.org\/BlogPosting\" itemprop=\"blogPost\" ><div class='avia_textblock  '   itemprop=\"text\" ><p style=\"text-align: justify;\"><em>A trav\u00e9s de esta instancia, ejecutada en las comunas de Guaitecas, Cisnes y Ays\u00e9n; se busca seguir entregando m\u00e1s capacidades y herramientas para el desarrollo de la pesca artesanal de nuestro litoral.<\/em><\/p>\n<p style=\"text-align: justify;\">Posterior a la firma de un convenio entre Fondo de Solidaridad e Inversi\u00f3n Social, FOSIS y el Gobierno Regional de Ays\u00e9n, comenz\u00f3 la ejecuci\u00f3n de 2 programas que proveer\u00e1n capacitaciones, asesor\u00edas e infraestructura, para mejorar las competencias y la forma en c\u00f3mo mujeres y hombres de mar, desarrollan sus funciones en nuestro litoral.<\/p>\n<p style=\"text-align: justify;\">Se trata del Programa de Fortalecimiento Productivo para la Pesca Artesanal de las localidades de Islas Huichas, Rau\u0301l Mari\u0301n Balmaceda y toda la comuna de Guaitecas, instancia que tiene el objetivo de apoyar la generaci\u00f3n de mayores ingresos y que estos sean m\u00e1s estables en el tiempo, fruto de la pesca artesanal o actividades vinculadas al rubro.<\/p>\n<p style=\"text-align: justify;\">El Programa Mejoramiento de la Habitabilidad de Pescadores Artesanales de la Comuna de Guaitecas, entregar\u00e1 soluciones constructivas a pescadores artesanales pertenecientes a los sindicatos de pescadores, parte de la mesa de acuerdo de Zonas Contiguas, mayor o igual de 60 a\u00f1os y\/o con discapacidad.<\/p>\n<p style=\"text-align: justify;\">La directora regional del FOSIS en Ays\u00e9n, Fernanda Leiva, puso sobre relieve la importancia del trabajo conjunto con el Gobierno Regional, para lograr materializar programas que cambian vidas: \u201cDesde FOSIS, s\u00f3lo podemos sacar cuentas alegres llegando a este tercer a\u00f1o de Gobierno. Hemos articulado convenios muy positivos para las y los pescadores de nuestro litoral de Ays\u00e9n, en el contexto de conocer cu\u00e1les son sus necesidades y por sobre todo, reconociendo las capacidades de todos y cada uno y una de ellas. En este escenario firmamos un convenio con el Gobierno Regional de Ays\u00e9n, el que en conjunto con recursos de Zonas Contiguas, nos permite elaborar y ejecutar 2 programas que beneficiar\u00e1n a m\u00e1s de 700 pescadores y pescadoras, robusteciendo sus competencias y mejorando su habitabilidad. Este tipo de acciones, son hechos concretos de avances, crecimiento y desarrollo para nuestras comunidades\u201d.<\/p>\n<p style=\"text-align: justify;\">Ambos programas se traducen en un poco m\u00e1s de 3.100 millones de pesos que impactar\u00e1n de manera positiva en nuestro litoral de Ays\u00e9n, potenciando la actividad y mejorando la calidad de vida de m\u00e1s de 700 mujeres y hombres de mar.<\/p>\n<p style=\"text-align: justify;\">En este contexto, Elba Ag\u00fcero, pescadora artesanal y beneficiaria del programa de Fortalecimiento de la Pesca Artesanal, coment\u00f3: \u201cEstoy muy contenta con mis cositas, porque ya estaba mal con mi motosierra y mi motor fuera de borda. Por eso cuando me dieron el beneficio, solicit\u00e9 las cosas que me faltaban y hoy estoy muy contenta porque ya las tengo en mis manos y es una gran bendici\u00f3n. En mi caso, logr\u00e9 una motosierra de 180 y otra de 250, que es m\u00e1s grande y que son muy importantes, para trabajar los palos muertos cuando uno va al monte, adem\u00e1s de una cocina y un motor fuera de borda\u201d.<\/p>\n<p style=\"text-align: justify;\">Por su parte la Jefa de la Divisi\u00f3n de Desarrollo Social y Humano, del Gobierno Regional de Ays\u00e9n, Dominique Brautigam, subray\u00f3 la importancia de esta iniciativa: \u201cEstamos orgullosos, porque se ha visto el avance y lo optimista que ha sido este proceso en esta comuna y sobre todo valorar que desde el Gobierno Regional, administrado hoy por el Gobernador Marcelo Santana Vargas estamos muy orgullosos de los trabajos que se est\u00e1n desarrollando, tanto en aspectos de habitabilidad que mejoren las condiciones de las viviendas de las familias que hoy lo necesitan y tambi\u00e9n de fomento a la pesca, haciendo m\u00e1s productivo su trabajo y as\u00ed mejorando la calidad de vida de los habitantes de la comuna de las Guaitecas para que Ays\u00e9n vuelva a crecer\u201d.<\/p>\n<\/div><\/section><\/div><div  style='height:50px' class='hr hr-invisible   avia-builder-el-6  el_after_av_one_full  el_before_av_social_share '><span class='hr-inner ' ><span class='hr-inner-style'><\/span><\/span><\/div><\/p>\n<div  class='av-social-sharing-box  avia-builder-el-7  el_after_av_hr  el_before_av_hr  '><div class='av-share-box'><h5 class='av-share-link-description av-no-toc '>Compartir esta noticia<\/h5><ul class='av-share-box-list noLightbox'><li class='av-share-link av-social-link-facebook' ><a target=\"_blank\" aria-label=\"Compartir en Facebook\" href='https:\/\/www.facebook.com\/sharer.php?u=https:\/\/radiorevelacionfm.cl\/?p=51244&#038;t=Programas%20FOSIS%2C%20robustecen%20la%20pesca%20artesanal%20en%20comunas%20de%20Guaitecas%2C%20Cisnes%20y%20Ays%C3%A9n' aria-hidden='false' data-av_icon='\ue8f3' data-av_iconfont='entypo-fontello' title='' data-avia-related-tooltip='Compartir en Facebook' rel=\"noopener\"><span class='avia_hidden_link_text'>Compartir en Facebook<\/span><\/a><\/li><li class='av-share-link av-social-link-twitter' ><a target=\"_blank\" aria-label=\"Compartir en Twitter\" href='https:\/\/twitter.com\/share?text=Programas%20FOSIS%2C%20robustecen%20la%20pesca%20artesanal%20en%20comunas%20de%20Guaitecas%2C%20Cisnes%20y%20Ays%C3%A9n&#038;url=https:\/\/radiorevelacionfm.cl\/?p=51244' aria-hidden='false' data-av_icon='\ue8f1' data-av_iconfont='entypo-fontello' title='' data-avia-related-tooltip='Compartir en Twitter' rel=\"noopener\"><span class='avia_hidden_link_text'>Compartir en Twitter<\/span><\/a><\/li><li class='av-share-link av-social-link-whatsapp' ><a target=\"_blank\" aria-label=\"Compartir en Whatsapp\" href='https:\/\/api.whatsapp.com\/send?text=https:\/\/radiorevelacionfm.cl\/?p=51244' aria-hidden='false' data-av_icon='\uf232' data-av_iconfont='entypo-fontello' title='' data-avia-related-tooltip='Compartir en Whatsapp' rel=\"noopener\"><span class='avia_hidden_link_text'>Compartir en Whatsapp<\/span><\/a><\/li><li class='av-share-link av-social-link-linkedin' ><a target=\"_blank\" aria-label=\"Compartir en LinkedIn\" href='https:\/\/linkedin.com\/shareArticle?mini=true&#038;title=Programas%20FOSIS%2C%20robustecen%20la%20pesca%20artesanal%20en%20comunas%20de%20Guaitecas%2C%20Cisnes%20y%20Ays%C3%A9n&#038;url=https:\/\/radiorevelacionfm.cl\/?p=51244' aria-hidden='false' data-av_icon='\ue8fc' data-av_iconfont='entypo-fontello' title='' data-avia-related-tooltip='Compartir en LinkedIn' rel=\"noopener\"><span class='avia_hidden_link_text'>Compartir en LinkedIn<\/span><\/a><\/li><li class='av-share-link av-social-link-mail' ><a  aria-label=\"Compartir por correo\" href='mailto:?subject=Programas%20FOSIS%2C%20robustecen%20la%20pesca%20artesanal%20en%20comunas%20de%20Guaitecas%2C%20Cisnes%20y%20Ays%C3%A9n&#038;body=https:\/\/radiorevelacionfm.cl\/?p=51244' aria-hidden='false' data-av_icon='\ue805' data-av_iconfont='entypo-fontello' title='' data-avia-related-tooltip='Compartir por correo'><span class='avia_hidden_link_text'>Compartir por correo<\/span><\/a><\/li><\/ul><\/div><\/div>\n<div  style='height:50px' class='hr hr-invisible   avia-builder-el-8  el_after_av_social_share  el_before_av_comments_list '><span class='hr-inner ' ><span class='hr-inner-style'><\/span><\/span><\/div>\n<div  class='av-buildercomment  av-blog-meta-html-info-disabled av-blog-meta-tag-disabled  '><\/div>\n","protected":false},"excerpt":{"rendered":"","protected":false},"author":1,"featured_media":51245,"comment_status":"open","ping_status":"open","sticky":false,"template":"","format":"standard","meta":{"footnotes":""},"categories":[38],"tags":[],"class_list":["post-51244","post","type-post","status-publish","format-standard","has-post-thumbnail","hentry","category-regional"],"jetpack_featured_media_url":"https:\/\/radiorevelacionfm.cl\/wp-content\/uploads\/2025\/03\/1habitabilidad-pesca-1_optimized-1.jpeg","_links":{"self":[{"href":"https:\/\/radiorevelacionfm.cl\/index.php?rest_route=\/wp\/v2\/posts\/51244","targetHints":{"allow":["GET"]}}],"collection":[{"href":"https:\/\/radiorevelacionfm.cl\/index.php?rest_route=\/wp\/v2\/posts"}],"about":[{"href":"https:\/\/radiorevelacionfm.cl\/index.php?rest_route=\/wp\/v2\/types\/post"}],"author":[{"embeddable":true,"href":"https:\/\/radiorevelacionfm.cl\/index.php?rest_route=\/wp\/v2\/users\/1"}],"replies":[{"embeddable":true,"href":"https:\/\/radiorevelacionfm.cl\/index.php?rest_route=%2Fwp%2Fv2%2Fcomments&post=51244"}],"version-history":[{"count":1,"href":"https:\/\/radiorevelacionfm.cl\/index.php?rest_route=\/wp\/v2\/posts\/51244\/revisions"}],"predecessor-version":[{"id":51246,"href":"https:\/\/radiorevelacionfm.cl\/index.php?rest_route=\/wp\/v2\/posts\/51244\/revisions\/51246"}],"wp:featuredmedia":[{"embeddable":true,"href":"https:\/\/radiorevelacionfm.cl\/index.php?rest_route=\/wp\/v2\/media\/51245"}],"wp:attachment":[{"href":"https:\/\/radiorevelacionfm.cl\/index.php?rest_route=%2Fwp%2Fv2%2Fmedia&parent=51244"}],"wp:term":[{"taxonomy":"category","embeddable":true,"href":"https:\/\/radiorevelacionfm.cl\/index.php?rest_route=%2Fwp%2Fv2%2Fcategories&post=51244"},{"taxonomy":"post_tag","embeddable":true,"href":"https:\/\/radiorevelacionfm.cl\/index.php?rest_route=%2Fwp%2Fv2%2Ftags&post=51244"}],"curies":[{"name":"wp","href":"https:\/\/api.w.org\/{rel}","templated":true}]}}