{"id":51241,"date":"2025-03-10T12:12:41","date_gmt":"2025-03-10T15:12:41","guid":{"rendered":"https:\/\/radiorevelacionfm.cl\/?p=51241"},"modified":"2025-03-10T12:12:41","modified_gmt":"2025-03-10T15:12:41","slug":"salud-realiza-conversatorio-con-la-comunidad-de-chile-chico-por-convenio-con-la-provincia-de-santa-cruz-argentina","status":"publish","type":"post","link":"https:\/\/radiorevelacionfm.cl\/?p=51241","title":{"rendered":"Salud realiza conversatorio con la comunidad de Chile Chico por convenio con la Provincia de Santa Cruz- Argentina"},"content":{"rendered":"<div class=\"flex_column av_one_full  flex_column_div av-zero-column-padding first  avia-builder-el-0  el_before_av_one_full  avia-builder-el-first  \" style='border-radius:0px; '><div  class='avia-image-container  av-styling-    avia-builder-el-1  avia-builder-el-no-sibling  avia-align-center '  itemprop=\"image\" itemscope=\"itemscope\" itemtype=\"https:\/\/schema.org\/ImageObject\"  ><div class='avia-image-container-inner'><div class='avia-image-overlay-wrap'><img decoding=\"async\" class='wp-image-51242 avia-img-lazy-loading-not-51242 avia_image' src=\"https:\/\/radiorevelacionfm.cl\/wp-content\/uploads\/2025\/03\/conversatorio-1-1_optimized-2.jpeg\" alt='' title='conversatorio-1-(1)_optimized (2)' height=\"600\" width=\"892\"  itemprop=\"thumbnailUrl\" srcset=\"https:\/\/radiorevelacionfm.cl\/wp-content\/uploads\/2025\/03\/conversatorio-1-1_optimized-2.jpeg 892w, https:\/\/radiorevelacionfm.cl\/wp-content\/uploads\/2025\/03\/conversatorio-1-1_optimized-2-300x202.jpeg 300w, https:\/\/radiorevelacionfm.cl\/wp-content\/uploads\/2025\/03\/conversatorio-1-1_optimized-2-768x517.jpeg 768w, https:\/\/radiorevelacionfm.cl\/wp-content\/uploads\/2025\/03\/conversatorio-1-1_optimized-2-705x474.jpeg 705w, https:\/\/radiorevelacionfm.cl\/wp-content\/uploads\/2025\/03\/conversatorio-1-1_optimized-2-450x303.jpeg 450w, https:\/\/radiorevelacionfm.cl\/wp-content\/uploads\/2025\/03\/conversatorio-1-1_optimized-2-600x404.jpeg 600w\" sizes=\"(max-width: 892px) 100vw, 892px\" \/><\/div><\/div><\/div><\/div><div class=\"flex_column av_one_full  flex_column_div av-zero-column-padding first  avia-builder-el-2  el_after_av_one_full  el_before_av_one_full  column-top-margin\" style='border-radius:0px; '><section class=\"av_textblock_section \"  itemscope=\"itemscope\" itemtype=\"https:\/\/schema.org\/BlogPosting\" itemprop=\"blogPost\" ><div class='avia_textblock  '   itemprop=\"text\" ><p style=\"text-align: center;\"><strong><span style=\"font-size: 18pt;\">Salud realiza conversatorio con la comunidad de Chile Chico por convenio con la Provincia de Santa Cruz- Argentina<\/span><\/strong><\/p>\n<div id=\"gtx-trans\" style=\"position: absolute; left: -50px; top: 4.31534px;\">\n<div class=\"gtx-trans-icon\"><\/div>\n<\/div>\n<\/div><\/section><\/div><div class=\"flex_column av_one_full  flex_column_div av-zero-column-padding first  avia-builder-el-4  el_after_av_one_full  el_before_av_hr  column-top-margin\" style='border-radius:0px; '><section class=\"av_textblock_section \"  itemscope=\"itemscope\" itemtype=\"https:\/\/schema.org\/BlogPosting\" itemprop=\"blogPost\" ><div class='avia_textblock  '   itemprop=\"text\" ><p style=\"text-align: justify;\">En la comuna de Chile Chico se llev\u00f3 a cabo un importante conversatorio que reuni\u00f3 a la comunidad, Carabineros, funcionarios y exfuncionarios del Hospital Dr. Leopoldo Ortega Rodr\u00edguez, junto a autoridades locales. El encuentro tuvo como prop\u00f3sito informar a la ciudadan\u00eda sobre la iniciativa de establecer un convenio de colaboraci\u00f3n entre la Provincia de Santa Cruz, Argentina, y el Servicio de Salud Ays\u00e9n, con el fin de fortalecer la atenci\u00f3n de los pacientes de la \u201cCiudad del Sol\u201d y su \u00e1rea de influencia.<\/p>\n<p style=\"text-align: justify;\">Para avanzar en el acuerdo, ya se han llevado a cabo conversaciones con las autoridades argentinas, y actualmente se est\u00e1 trabajando en la elaboraci\u00f3n de un protocolo de acci\u00f3n que permitir\u00e1 concretar la colaboraci\u00f3n entre ambas partes, as\u00ed lo dio a conocer Juan Pablo Bravo Quintana, Director del Servicio de Salud Ays\u00e9n.<\/p>\n<p style=\"text-align: justify;\">\u201cEsta instancia nace en los primeros grupos focales que tuvimos cuando hace un a\u00f1o tres meses llegu\u00e9 como director de servicio y las localidades me manifestaron tambi\u00e9n la necesidad de firmar este tipo de convenio. Hicimos la visita a Los Antiguos, Perito Moreno y Caleta Olivia, donde la autoridad de Argentina tambi\u00e9n tiene toda la disposici\u00f3n y fuimos a ver los distintos dispositivos de salud donde podemos complementar cartera de servicio, podemos dar mejor atenci\u00f3n aqu\u00ed en la localidad de Chile Chico para que tengan mejores prestaciones y puedan acceder a una salud m\u00e1s cercana\u201d, dijo Bravo Quintana.<\/p>\n<p style=\"text-align: justify;\">El conversatorio tambi\u00e9n tuvo como objetivo conocer las demandas en salud de la comunidad local, con el fin de que estas sean consideradas en el documento final, garantizando que el acuerdo responda a las necesidades de los habitantes de Chile Chico y sus alrededores.<\/p>\n<p style=\"text-align: justify;\">\u201cRealmente me voy muy conforme, porque este acercamiento para nosotros es muy importante y sobre todo en lo que trabajamos, la participaci\u00f3n como comunidad para ver el convenio con el hermano pa\u00eds de Argentina. Por lo tanto, gracias al equipo que vino de directivos regionales junto a la directora del Hospital de Chile Chico porque nos mantiene informados, excelente\u201d, manifest\u00f3 Cecilia Ord\u00f3\u00f1ez Lemus, participante en el conversatorio.<\/p>\n<p style=\"text-align: justify;\">Cristian Ju\u00e1rez Vera, tambi\u00e9n participante en el conversatorio, expres\u00f3 \u201cnos parece muy positivo dialogar acerca de un convenio con salud Argentina, para nosotros que siempre lo hemos hecho de forma independiente. Ahora con un convenio mejorar\u00eda la atenci\u00f3n con la opci\u00f3n de atendernos all\u00e1 y acceder a especialistas y atenci\u00f3n principalmente incluso vital. Ser\u00eda muy importante para la comunidad tener esta opci\u00f3n\u201d.<\/p>\n<p style=\"text-align: justify;\">Cabe mencionar que el convenio tambi\u00e9n se est\u00e1 desarrollando con el apoyo de la Delegaci\u00f3n Presidencial Provincial de General Carrera y la Municipalidad de Chile Chico, quienes han sido aliados fundamentales en el proceso, colaborando activamente para asegurar que las necesidades de la comunidad sean reflejadas en el acuerdo.<\/p>\n<p style=\"text-align: justify;\">\u201cUna instancia muy participativa. Yo creo que este es un tema que viene como una demanda hist\u00f3rica que nace de cierta manera de la comunidad en poder tener mayores posibilidades de alternativas de atenci\u00f3n en materia de salud (\u2026) sin embargo, hay situaciones de urgencia y de conectividad principalmente que a nosotros en particular nos afectan de mayor manera y que nos obligan a buscar otras alternativas de atenci\u00f3n como lo es nuestra provincia hermana en Argentina\u201d, acot\u00f3 Crist\u00f3bal Barcel\u00f3 Veas, delegado presidencial provincial de General Carrera.<\/p>\n<p style=\"text-align: justify;\">En esa misma l\u00ednea, el alcalde de la comuna, Ariel Keim mencion\u00f3 que \u201cpudimos conocer la opini\u00f3n de cada uno de ellos y los dirigentes de la comuna y compartimos algunos de los avances en las gestiones lideradas por el Servicio de Salud desde directores y todo el equipo t\u00e9cnico que tienen all\u00ed, donde aunamos todas las voluntades, pol\u00edticas, sociales y desde la comunidad para generar estas instancias de convenio de salud entre ambos pa\u00edses, Chile con Argentina. Muchas veces como chilechiquenses es m\u00e1s cercano y buscar mejor salud o una atenci\u00f3n m\u00e1s r\u00e1pida en el vecino pa\u00eds\u201d, acot\u00f3.<\/p>\n<p style=\"text-align: justify;\">De llevar a cabo este convenio tambi\u00e9n permitir\u00e1 que el nuevo hospital de Chile Chico, que ser\u00e1 inaugurado en el 2025, brinde mayor equidad y resolutividad a los pacientes de la comuna y sus alrededores.<\/p>\n<p style=\"text-align: justify;\">\u201cLa idea de este conversatorio es recoger las inquietudes de las personas, poder hacer un convenio que d\u00e9 cuenta de esas necesidades, que tengamos mejor acceso, m\u00e1s equidad y que complementemos todas estas prestaciones que tiene el hospital hoy d\u00eda y que va a tener el nuevo hospital con nuestros vecinos argentinos\u201d, dijo Lorena Guerrero Avenda\u00f1o, directora (S) del Hospital Dr. Leopoldo Ortega Rodr\u00edguez de Chile Chico.<\/p>\n<p style=\"text-align: justify;\">El conversatorio se desarroll\u00f3 con una metodolog\u00eda participativa, en la que los asistentes tuvieron la oportunidad de socializar sus opiniones y demandas a trav\u00e9s de grupos de trabajo. Adem\u00e1s, se les invit\u00f3 a responder un cuestionario dise\u00f1ado por el equipo encargado de la actividad, lo que permiti\u00f3 obtener informaci\u00f3n relevante para el desarrollo del convenio.\u00a0\u00a0\u00a0\u00a0\u00a0\u00a0\u00a0\u00a0\u00a0\u00a0\u00a0\u00a0\u00a0\u00a0\u00a0\u00a0\u00a0\u00a0\u00a0\u00a0\u00a0<wbr \/><\/p>\n<p style=\"text-align: justify;\">\u201cFue una actividad muy satisfactoria con mucha participaci\u00f3n, conversaci\u00f3n y en la cual nosotros logramos obtener informaci\u00f3n que va a ser muy relevante para un convenio pertinente, por ejemplo, las necesidades de especialidad, de urgencia, procedimiento y tambi\u00e9n fue muy interesante porque salieron todas las dimensiones del trabajo intersectorial que hay que hacer tambi\u00e9n de transporte, de polic\u00eda internacional, etc\u00e9tera\u201d, indic\u00f3 Jaime Carvajal Isla, neur\u00f3logo y miembro del equipo directivo del Servicio de Salud Ays\u00e9n.<\/p>\n<p style=\"text-align: justify;\">Durante la jornada, se destac\u00f3 la importancia de este tipo de instancias participativas y se acord\u00f3 realizar un nuevo encuentro, en el cual se presentar\u00e1 el convenio a la comunidad antes de su firma oficial con las autoridades de Santa Cruz.<\/p>\n<\/div><\/section><\/div><div  style='height:50px' class='hr hr-invisible   avia-builder-el-6  el_after_av_one_full  el_before_av_social_share '><span class='hr-inner ' ><span class='hr-inner-style'><\/span><\/span><\/div><\/p>\n<div  class='av-social-sharing-box  avia-builder-el-7  el_after_av_hr  el_before_av_hr  '><div class='av-share-box'><h5 class='av-share-link-description av-no-toc '>Compartir esta noticia<\/h5><ul class='av-share-box-list noLightbox'><li class='av-share-link av-social-link-facebook' ><a target=\"_blank\" aria-label=\"Compartir en Facebook\" href='https:\/\/www.facebook.com\/sharer.php?u=https:\/\/radiorevelacionfm.cl\/?p=51241&#038;t=Salud%20realiza%20conversatorio%20con%20la%20comunidad%20de%20Chile%20Chico%20por%20convenio%20con%20la%20Provincia%20de%20Santa%20Cruz-%20Argentina' aria-hidden='false' data-av_icon='\ue8f3' data-av_iconfont='entypo-fontello' title='' data-avia-related-tooltip='Compartir en Facebook' rel=\"noopener\"><span class='avia_hidden_link_text'>Compartir en Facebook<\/span><\/a><\/li><li class='av-share-link av-social-link-twitter' ><a target=\"_blank\" aria-label=\"Compartir en Twitter\" href='https:\/\/twitter.com\/share?text=Salud%20realiza%20conversatorio%20con%20la%20comunidad%20de%20Chile%20Chico%20por%20convenio%20con%20la%20Provincia%20de%20Santa%20Cruz-%20Argentina&#038;url=https:\/\/radiorevelacionfm.cl\/?p=51241' aria-hidden='false' data-av_icon='\ue8f1' data-av_iconfont='entypo-fontello' title='' data-avia-related-tooltip='Compartir en Twitter' rel=\"noopener\"><span class='avia_hidden_link_text'>Compartir en Twitter<\/span><\/a><\/li><li class='av-share-link av-social-link-whatsapp' ><a target=\"_blank\" aria-label=\"Compartir en Whatsapp\" href='https:\/\/api.whatsapp.com\/send?text=https:\/\/radiorevelacionfm.cl\/?p=51241' aria-hidden='false' data-av_icon='\uf232' data-av_iconfont='entypo-fontello' title='' data-avia-related-tooltip='Compartir en Whatsapp' rel=\"noopener\"><span class='avia_hidden_link_text'>Compartir en Whatsapp<\/span><\/a><\/li><li class='av-share-link av-social-link-linkedin' ><a target=\"_blank\" aria-label=\"Compartir en LinkedIn\" href='https:\/\/linkedin.com\/shareArticle?mini=true&#038;title=Salud%20realiza%20conversatorio%20con%20la%20comunidad%20de%20Chile%20Chico%20por%20convenio%20con%20la%20Provincia%20de%20Santa%20Cruz-%20Argentina&#038;url=https:\/\/radiorevelacionfm.cl\/?p=51241' aria-hidden='false' data-av_icon='\ue8fc' data-av_iconfont='entypo-fontello' title='' data-avia-related-tooltip='Compartir en LinkedIn' rel=\"noopener\"><span class='avia_hidden_link_text'>Compartir en LinkedIn<\/span><\/a><\/li><li class='av-share-link av-social-link-mail' ><a  aria-label=\"Compartir por correo\" href='mailto:?subject=Salud%20realiza%20conversatorio%20con%20la%20comunidad%20de%20Chile%20Chico%20por%20convenio%20con%20la%20Provincia%20de%20Santa%20Cruz-%20Argentina&#038;body=https:\/\/radiorevelacionfm.cl\/?p=51241' aria-hidden='false' data-av_icon='\ue805' data-av_iconfont='entypo-fontello' title='' data-avia-related-tooltip='Compartir por correo'><span class='avia_hidden_link_text'>Compartir por correo<\/span><\/a><\/li><\/ul><\/div><\/div>\n<div  style='height:50px' class='hr hr-invisible   avia-builder-el-8  el_after_av_social_share  el_before_av_comments_list '><span class='hr-inner ' ><span class='hr-inner-style'><\/span><\/span><\/div>\n<div  class='av-buildercomment  av-blog-meta-html-info-disabled av-blog-meta-tag-disabled  '><\/div>\n","protected":false},"excerpt":{"rendered":"","protected":false},"author":1,"featured_media":51242,"comment_status":"open","ping_status":"open","sticky":false,"template":"","format":"standard","meta":{"footnotes":""},"categories":[46],"tags":[],"class_list":["post-51241","post","type-post","status-publish","format-standard","has-post-thumbnail","hentry","category-salud"],"jetpack_featured_media_url":"https:\/\/radiorevelacionfm.cl\/wp-content\/uploads\/2025\/03\/conversatorio-1-1_optimized-2.jpeg","_links":{"self":[{"href":"https:\/\/radiorevelacionfm.cl\/index.php?rest_route=\/wp\/v2\/posts\/51241","targetHints":{"allow":["GET"]}}],"collection":[{"href":"https:\/\/radiorevelacionfm.cl\/index.php?rest_route=\/wp\/v2\/posts"}],"about":[{"href":"https:\/\/radiorevelacionfm.cl\/index.php?rest_route=\/wp\/v2\/types\/post"}],"author":[{"embeddable":true,"href":"https:\/\/radiorevelacionfm.cl\/index.php?rest_route=\/wp\/v2\/users\/1"}],"replies":[{"embeddable":true,"href":"https:\/\/radiorevelacionfm.cl\/index.php?rest_route=%2Fwp%2Fv2%2Fcomments&post=51241"}],"version-history":[{"count":1,"href":"https:\/\/radiorevelacionfm.cl\/index.php?rest_route=\/wp\/v2\/posts\/51241\/revisions"}],"predecessor-version":[{"id":51243,"href":"https:\/\/radiorevelacionfm.cl\/index.php?rest_route=\/wp\/v2\/posts\/51241\/revisions\/51243"}],"wp:featuredmedia":[{"embeddable":true,"href":"https:\/\/radiorevelacionfm.cl\/index.php?rest_route=\/wp\/v2\/media\/51242"}],"wp:attachment":[{"href":"https:\/\/radiorevelacionfm.cl\/index.php?rest_route=%2Fwp%2Fv2%2Fmedia&parent=51241"}],"wp:term":[{"taxonomy":"category","embeddable":true,"href":"https:\/\/radiorevelacionfm.cl\/index.php?rest_route=%2Fwp%2Fv2%2Fcategories&post=51241"},{"taxonomy":"post_tag","embeddable":true,"href":"https:\/\/radiorevelacionfm.cl\/index.php?rest_route=%2Fwp%2Fv2%2Ftags&post=51241"}],"curies":[{"name":"wp","href":"https:\/\/api.w.org\/{rel}","templated":true}]}}