{"id":51233,"date":"2025-03-10T10:34:14","date_gmt":"2025-03-10T13:34:14","guid":{"rendered":"https:\/\/radiorevelacionfm.cl\/?p=51233"},"modified":"2025-03-10T10:34:14","modified_gmt":"2025-03-10T13:34:14","slug":"salvemos-la-patagonia-se-hizo-presente-en-expo-patagonia-informando-sobre-importancia-de-areas-protegidas","status":"publish","type":"post","link":"https:\/\/radiorevelacionfm.cl\/?p=51233","title":{"rendered":"\u00a1Salvemos la Patagonia! se hizo presente en Expo Patagonia informando sobre importancia de \u00e1reas protegidas"},"content":{"rendered":"<div class=\"flex_column av_one_full  flex_column_div av-zero-column-padding first  avia-builder-el-0  el_before_av_one_full  avia-builder-el-first  \" style='border-radius:0px; '><div  class='avia-image-container  av-styling-    avia-builder-el-1  avia-builder-el-no-sibling  avia-align-center '  itemprop=\"image\" itemscope=\"itemscope\" itemtype=\"https:\/\/schema.org\/ImageObject\"  ><div class='avia-image-container-inner'><div class='avia-image-overlay-wrap'><img decoding=\"async\" class='wp-image-51236 avia-img-lazy-loading-not-51236 avia_image' src=\"https:\/\/radiorevelacionfm.cl\/wp-content\/uploads\/2025\/03\/img_6905-1_optimized-1.jpg\" alt='' title='img_6905-(1)_optimized (1)' height=\"635\" width=\"802\"  itemprop=\"thumbnailUrl\" srcset=\"https:\/\/radiorevelacionfm.cl\/wp-content\/uploads\/2025\/03\/img_6905-1_optimized-1.jpg 802w, https:\/\/radiorevelacionfm.cl\/wp-content\/uploads\/2025\/03\/img_6905-1_optimized-1-300x238.jpg 300w, https:\/\/radiorevelacionfm.cl\/wp-content\/uploads\/2025\/03\/img_6905-1_optimized-1-768x608.jpg 768w, https:\/\/radiorevelacionfm.cl\/wp-content\/uploads\/2025\/03\/img_6905-1_optimized-1-705x558.jpg 705w, https:\/\/radiorevelacionfm.cl\/wp-content\/uploads\/2025\/03\/img_6905-1_optimized-1-450x356.jpg 450w, https:\/\/radiorevelacionfm.cl\/wp-content\/uploads\/2025\/03\/img_6905-1_optimized-1-600x475.jpg 600w\" sizes=\"(max-width: 802px) 100vw, 802px\" \/><\/div><\/div><\/div><\/div><div class=\"flex_column av_one_full  flex_column_div av-zero-column-padding first  avia-builder-el-2  el_after_av_one_full  el_before_av_one_full  column-top-margin\" style='border-radius:0px; '><section class=\"av_textblock_section \"  itemscope=\"itemscope\" itemtype=\"https:\/\/schema.org\/BlogPosting\" itemprop=\"blogPost\" ><div class='avia_textblock  '   itemprop=\"text\" ><p style=\"text-align: center;\"><strong><span style=\"font-size: 18pt;\">\u00a1Salvemos la Patagonia! se hizo presente en Expo Patagonia informando sobre importancia de \u00e1reas protegidas<\/span><\/strong><\/p>\n<div id=\"gtx-trans\" style=\"position: absolute; left: -50px; top: 4.31534px;\">\n<div class=\"gtx-trans-icon\"><\/div>\n<\/div>\n<\/div><\/section><\/div><\/p>\n<div class=\"flex_column av_one_full  flex_column_div av-zero-column-padding first  avia-builder-el-4  el_after_av_one_full  el_before_av_hr  column-top-margin\" style='border-radius:0px; '><section class=\"av_textblock_section \"  itemscope=\"itemscope\" itemtype=\"https:\/\/schema.org\/BlogPosting\" itemprop=\"blogPost\" ><div class='avia_textblock  '   itemprop=\"text\" ><p style=\"text-align: justify;\">Actualmente en la Patagonia chilena existen 1.380\u00a0concesiones de la industria del salm\u00f3n vigentes (a 2024). De ellas, 408 se ubican dentro de las \u00e1reas protegidas, es decir, el 30% del total, emplazadas principalmente en la zona austral de Chile: parques nacionales Isla Magdalena, Laguna San Rafael y Alberto de Agostini, y reservas nacionales Las Guaitecas y Kaw\u00e9sqar.<\/p>\n<p style=\"text-align: justify;\">Continuando con el proceso de informaci\u00f3n y educaci\u00f3n ciudadana sobre la importancia de los maritorios asociados a los parques y reservas nacionales, la Alianza por la Defensa de las \u00c1reas Protegidas se hizo presente en la Expo Patagonia 2025, realizada en Coyhaique. En ese contexto, se desarrollaron diversas acciones informativas, adem\u00e1s de entrega de material alusivo a la\u00a0<a href=\"https:\/\/salvemoslapatagonia.us9.list-manage.com\/track\/click?u=3261257c146a47f5e7162048a&amp;id=1cf498667e&amp;e=ae41561c6a\">campa\u00f1a \u00a1Salvemos la Patagonia!<\/a>, que busca la salida de las concesiones salmoneras de estos pol\u00edgonos bajo salvaguarda oficial.<\/p>\n<p style=\"text-align: justify;\">El objetivo de los tres d\u00edas de actividades fue relevar la importancia de las \u00e1reas protegidas tanto en t\u00e9rminos ecosist\u00e9micos como de los beneficios que entregan al ser humano en general y a las comunidades que en ellos se insertan. Actualmente, en la Patagonia chilena se mantienen 1.380 concesiones de la industria del salm\u00f3n vigentes (a 2024). De ellas, 408 se ubican dentro de las \u00e1reas protegidas, es decir, el 30% del total en la zona austral de Chile: parques nacionales Isla Magdalena, Laguna San Rafael y Alberto de Agostini, y reservas nacionales Las Guaitecas y Kaw\u00e9sqar.<\/p>\n<p style=\"text-align: justify;\">Esta acci\u00f3n de educaci\u00f3n ambiental se suma a otras que se han realizado, como la participaci\u00f3n en el\u00a0<a href=\"https:\/\/salvemoslapatagonia.us9.list-manage.com\/track\/click?u=3261257c146a47f5e7162048a&amp;id=94c887f049&amp;e=ae41561c6a\">Ladera Fest<\/a>\u00a0a mediados de noviembre en Santiago.<\/p>\n<p style=\"text-align: justify;\">Durante la entrega de informaci\u00f3n se aprovech\u00f3 de distribuir stickers, bolsas y otro material impreso.<\/p>\n<p style=\"text-align: justify;\">Francisco Quin\u00e1n\u00a0indic\u00f3 que \u00abla educaci\u00f3n es la base para que todos tomen conciencia de que no es tan limpia la industria y que se pueden hacer mejores cosas. Yo no estoy en contra de que puedan hacer una actividad econ\u00f3mica que le preste beneficio a la comunidad, pero que respete el entorno\u00bb.<\/p>\n<p style=\"text-align: justify;\">La\u00a0ex concejala de Coyhaique Yorka Cheuqui\u00e1n\u00a0hizo \u00abun llamado a la gente a que seamos conscientes de d\u00f3nde vivimos. Sobre todo a las mujeres que se levanten, porque somos finalmente las que sabemos, cuando hablamos de territorio, de maritorio. Y \u00e9sa es la invitaci\u00f3n, a que seamos conscientes de lo que le vamos a dejar a las nuevas generaciones\u00bb.<\/p>\n<p style=\"text-align: justify;\">\u00abCuando terminan sus faenas, muchos dejan abonados sus pontones, sin utilidad de nada, hay casas flotantes, hay boyas flotantes, hay balsas flotantes que no prestan ning\u00fan objetivo y pasa ya a ser contaminaci\u00f3n\u00bb dijeron integrantes de la\u00a0familia Alarc\u00f3n.<\/p>\n<p style=\"text-align: justify;\">Por su parte,\u00a0otra asistente\u00a0indic\u00f3 que \u00abechaba de menos una iniciativa de este tipo porque la gente no se informa. Mis hijos reci\u00e9n me estaban preguntando y, como les converso todo, est\u00e1bamos hablando de eso, porque encontramos un papelito y me preguntaron. Yo les hablaba sobre los cultivos de los salmones, las consecuencias para los seres humanos y para los otros animales\u00bb. Sobre los impactos expres\u00f3 que, por trabajar en el transporte mar\u00edtimo, los conoce y \u00abs\u00e9 que tiene una consecuencia tanto en el mar, en la flora y fauna, y en el ser humano. Entonces ellos me estaban preguntando sobre lo malo que ten\u00eda y por qu\u00e9 el concepto &#8216;salvemos&#8217;, entonces de eso est\u00e1bamos hablando\u00bb.<\/p>\n<p style=\"text-align: justify;\">Concluy\u00f3 se\u00f1alando que \u00abla educaci\u00f3n, desde la infancia, es muy importante. Me ha pasado con ellos, porque yo fui muy activa en \u00e9poca universitaria por el tema de HidroAys\u00e9n, entonces ahora claramente hay otra lucha que me parece maravilloso que se est\u00e9 concientizando, porque me da tambi\u00e9n algo para poder hablarle a los ni\u00f1os\u00bb.<\/p>\n<p style=\"text-align: justify;\">Desde la Alianza por la Defensa de las \u00c1reas protegidas, compuesta por m\u00e1s de 50 organizaciones, se se\u00f1al\u00f3 que \u00e9ste es un paso m\u00e1s en el proceso de educaci\u00f3n ambiental y social que la campa\u00f1a \u00a1Salvemos la Patagonia!, que pone el foco en la relevancia de los parques y reservas nacionales, tanto en t\u00e9rminos medioambientales como econ\u00f3micos asociados a actividades de investigaci\u00f3n, turismo sustentable y pesca de peque\u00f1a escala.<\/p>\n<p style=\"text-align: justify;\">Para ello, se solicita que se cumpla la normativa con respecto a la caducidad de concesiones que no est\u00e1n en operaci\u00f3n, los casos de sobreproducci\u00f3n y la elusi\u00f3n del Sistema de Evaluaci\u00f3n de Impacto Ambiental. Esto involucra, en la pr\u00e1ctica, la salida de las operaciones de los parques y reservas nacionales, sin relocalizaci\u00f3n.<\/p>\n<\/div><\/section><\/div>\n<div  style='height:50px' class='hr hr-invisible   avia-builder-el-6  el_after_av_one_full  el_before_av_social_share '><span class='hr-inner ' ><span class='hr-inner-style'><\/span><\/span><\/div>\n<div  class='av-social-sharing-box  avia-builder-el-7  el_after_av_hr  el_before_av_hr  '><div class='av-share-box'><h5 class='av-share-link-description av-no-toc '>Compartir esta noticia<\/h5><ul class='av-share-box-list noLightbox'><li class='av-share-link av-social-link-facebook' ><a target=\"_blank\" aria-label=\"Compartir en Facebook\" href='https:\/\/www.facebook.com\/sharer.php?u=https:\/\/radiorevelacionfm.cl\/?p=51233&#038;t=%C2%A1Salvemos%20la%20Patagonia%21%20se%20hizo%20presente%20en%20Expo%20Patagonia%20informando%20sobre%20importancia%20de%20%C3%A1reas%20protegidas' aria-hidden='false' data-av_icon='\ue8f3' data-av_iconfont='entypo-fontello' title='' data-avia-related-tooltip='Compartir en Facebook' rel=\"noopener\"><span class='avia_hidden_link_text'>Compartir en Facebook<\/span><\/a><\/li><li class='av-share-link av-social-link-twitter' ><a target=\"_blank\" aria-label=\"Compartir en Twitter\" href='https:\/\/twitter.com\/share?text=%C2%A1Salvemos%20la%20Patagonia%21%20se%20hizo%20presente%20en%20Expo%20Patagonia%20informando%20sobre%20importancia%20de%20%C3%A1reas%20protegidas&#038;url=https:\/\/radiorevelacionfm.cl\/?p=51233' aria-hidden='false' data-av_icon='\ue8f1' data-av_iconfont='entypo-fontello' title='' data-avia-related-tooltip='Compartir en Twitter' rel=\"noopener\"><span class='avia_hidden_link_text'>Compartir en Twitter<\/span><\/a><\/li><li class='av-share-link av-social-link-whatsapp' ><a target=\"_blank\" aria-label=\"Compartir en Whatsapp\" href='https:\/\/api.whatsapp.com\/send?text=https:\/\/radiorevelacionfm.cl\/?p=51233' aria-hidden='false' data-av_icon='\uf232' data-av_iconfont='entypo-fontello' title='' data-avia-related-tooltip='Compartir en Whatsapp' rel=\"noopener\"><span class='avia_hidden_link_text'>Compartir en Whatsapp<\/span><\/a><\/li><li class='av-share-link av-social-link-linkedin' ><a target=\"_blank\" aria-label=\"Compartir en LinkedIn\" href='https:\/\/linkedin.com\/shareArticle?mini=true&#038;title=%C2%A1Salvemos%20la%20Patagonia%21%20se%20hizo%20presente%20en%20Expo%20Patagonia%20informando%20sobre%20importancia%20de%20%C3%A1reas%20protegidas&#038;url=https:\/\/radiorevelacionfm.cl\/?p=51233' aria-hidden='false' data-av_icon='\ue8fc' data-av_iconfont='entypo-fontello' title='' data-avia-related-tooltip='Compartir en LinkedIn' rel=\"noopener\"><span class='avia_hidden_link_text'>Compartir en LinkedIn<\/span><\/a><\/li><li class='av-share-link av-social-link-mail' ><a  aria-label=\"Compartir por correo\" href='mailto:?subject=%C2%A1Salvemos%20la%20Patagonia%21%20se%20hizo%20presente%20en%20Expo%20Patagonia%20informando%20sobre%20importancia%20de%20%C3%A1reas%20protegidas&#038;body=https:\/\/radiorevelacionfm.cl\/?p=51233' aria-hidden='false' data-av_icon='\ue805' data-av_iconfont='entypo-fontello' title='' data-avia-related-tooltip='Compartir por correo'><span class='avia_hidden_link_text'>Compartir por correo<\/span><\/a><\/li><\/ul><\/div><\/div>\n<div  style='height:50px' class='hr hr-invisible   avia-builder-el-8  el_after_av_social_share  el_before_av_comments_list '><span class='hr-inner ' ><span class='hr-inner-style'><\/span><\/span><\/div>\n<div  class='av-buildercomment  av-blog-meta-html-info-disabled av-blog-meta-tag-disabled  '><\/div>\n","protected":false},"excerpt":{"rendered":"","protected":false},"author":1,"featured_media":51236,"comment_status":"open","ping_status":"open","sticky":false,"template":"","format":"standard","meta":{"footnotes":""},"categories":[39],"tags":[],"class_list":["post-51233","post","type-post","status-publish","format-standard","has-post-thumbnail","hentry","category-medio-ambiente"],"jetpack_featured_media_url":"https:\/\/radiorevelacionfm.cl\/wp-content\/uploads\/2025\/03\/img_6905-1_optimized-1.jpg","_links":{"self":[{"href":"https:\/\/radiorevelacionfm.cl\/index.php?rest_route=\/wp\/v2\/posts\/51233","targetHints":{"allow":["GET"]}}],"collection":[{"href":"https:\/\/radiorevelacionfm.cl\/index.php?rest_route=\/wp\/v2\/posts"}],"about":[{"href":"https:\/\/radiorevelacionfm.cl\/index.php?rest_route=\/wp\/v2\/types\/post"}],"author":[{"embeddable":true,"href":"https:\/\/radiorevelacionfm.cl\/index.php?rest_route=\/wp\/v2\/users\/1"}],"replies":[{"embeddable":true,"href":"https:\/\/radiorevelacionfm.cl\/index.php?rest_route=%2Fwp%2Fv2%2Fcomments&post=51233"}],"version-history":[{"count":2,"href":"https:\/\/radiorevelacionfm.cl\/index.php?rest_route=\/wp\/v2\/posts\/51233\/revisions"}],"predecessor-version":[{"id":51237,"href":"https:\/\/radiorevelacionfm.cl\/index.php?rest_route=\/wp\/v2\/posts\/51233\/revisions\/51237"}],"wp:featuredmedia":[{"embeddable":true,"href":"https:\/\/radiorevelacionfm.cl\/index.php?rest_route=\/wp\/v2\/media\/51236"}],"wp:attachment":[{"href":"https:\/\/radiorevelacionfm.cl\/index.php?rest_route=%2Fwp%2Fv2%2Fmedia&parent=51233"}],"wp:term":[{"taxonomy":"category","embeddable":true,"href":"https:\/\/radiorevelacionfm.cl\/index.php?rest_route=%2Fwp%2Fv2%2Fcategories&post=51233"},{"taxonomy":"post_tag","embeddable":true,"href":"https:\/\/radiorevelacionfm.cl\/index.php?rest_route=%2Fwp%2Fv2%2Ftags&post=51233"}],"curies":[{"name":"wp","href":"https:\/\/api.w.org\/{rel}","templated":true}]}}