{"id":51230,"date":"2025-03-09T22:40:02","date_gmt":"2025-03-10T01:40:02","guid":{"rendered":"https:\/\/radiorevelacionfm.cl\/?p=51230"},"modified":"2025-03-09T22:40:02","modified_gmt":"2025-03-10T01:40:02","slug":"vialidad-instala-dispositivos-que-incrementan-seguridad-vial-en-pasadas-urbanas-y-travesias","status":"publish","type":"post","link":"https:\/\/radiorevelacionfm.cl\/?p=51230","title":{"rendered":"Vialidad instala dispositivos que incrementan seguridad vial en pasadas urbanas y traves\u00edas"},"content":{"rendered":"<div class=\"flex_column av_one_full  flex_column_div av-zero-column-padding first  avia-builder-el-0  el_before_av_one_full  avia-builder-el-first  \" style='border-radius:0px; '><div  class='avia-image-container  av-styling-    avia-builder-el-1  avia-builder-el-no-sibling  avia-align-center '  itemprop=\"image\" itemscope=\"itemscope\" itemtype=\"https:\/\/schema.org\/ImageObject\"  ><div class='avia-image-container-inner'><div class='avia-image-overlay-wrap'><img decoding=\"async\" class='wp-image-51231 avia-img-lazy-loading-not-51231 avia_image' src=\"https:\/\/radiorevelacionfm.cl\/wp-content\/uploads\/2025\/03\/IMG-20250307-WA0039-1-1.jpg\" alt='' title='IMG-20250307-WA0039 (1) (1)' height=\"600\" width=\"800\"  itemprop=\"thumbnailUrl\" srcset=\"https:\/\/radiorevelacionfm.cl\/wp-content\/uploads\/2025\/03\/IMG-20250307-WA0039-1-1.jpg 800w, https:\/\/radiorevelacionfm.cl\/wp-content\/uploads\/2025\/03\/IMG-20250307-WA0039-1-1-300x225.jpg 300w, https:\/\/radiorevelacionfm.cl\/wp-content\/uploads\/2025\/03\/IMG-20250307-WA0039-1-1-768x576.jpg 768w, https:\/\/radiorevelacionfm.cl\/wp-content\/uploads\/2025\/03\/IMG-20250307-WA0039-1-1-705x529.jpg 705w, https:\/\/radiorevelacionfm.cl\/wp-content\/uploads\/2025\/03\/IMG-20250307-WA0039-1-1-450x338.jpg 450w, https:\/\/radiorevelacionfm.cl\/wp-content\/uploads\/2025\/03\/IMG-20250307-WA0039-1-1-600x450.jpg 600w\" sizes=\"(max-width: 800px) 100vw, 800px\" \/><\/div><\/div><\/div><\/div><div class=\"flex_column av_one_full  flex_column_div av-zero-column-padding first  avia-builder-el-2  el_after_av_one_full  el_before_av_one_full  column-top-margin\" style='border-radius:0px; '><section class=\"av_textblock_section \"  itemscope=\"itemscope\" itemtype=\"https:\/\/schema.org\/BlogPosting\" itemprop=\"blogPost\" ><div class='avia_textblock  '   itemprop=\"text\" ><p style=\"text-align: center;\"><strong><span style=\"font-size: 18pt;\">Vialidad instala dispositivos que incrementan seguridad vial en pasadas urbanas y traves\u00edas<\/span><\/strong><\/p>\n<div id=\"gtx-trans\" style=\"position: absolute; left: -50px; top: 4.31534px;\">\n<div class=\"gtx-trans-icon\"><\/div>\n<\/div>\n<\/div><\/section><\/div><div class=\"flex_column av_one_full  flex_column_div av-zero-column-padding first  avia-builder-el-4  el_after_av_one_full  el_before_av_hr  column-top-margin\" style='border-radius:0px; '><section class=\"av_textblock_section \"  itemscope=\"itemscope\" itemtype=\"https:\/\/schema.org\/BlogPosting\" itemprop=\"blogPost\" ><div class='avia_textblock  '   itemprop=\"text\" ><ul>\n<li style=\"text-align: justify;\"><em>Sectores de alta afluencia de tr\u00e1nsito vehicular, hoy contar\u00e1n con mejores condiciones de seguridad vial como son las \u00e1rea de Colegio, Fundaci\u00f3n Telet\u00f3n, Ruta 7 y recta Foitzick.<\/em><\/li>\n<\/ul>\n<p style=\"text-align: justify;\">La Secretaria Regional Ministerial de Obras P\u00fablicas, Paloma Jara Vald\u00e9s inform\u00f3 que se instalaron dos radares de velocidad en la Ruta 7, en el \u00e1rea cercana al recinto de Telet\u00f3n y al Colegio Alianza Austral y un Panel de Mensajer\u00eda Variable ubicado en la recta Foitzick, trabajos que alcanzan a la fecha un 60% de avance y tienen como objetivo mantener la seguridad y bienestar de las personas y de los conductores.<\/p>\n<p style=\"text-align: justify;\">\u201cEstas obras que consideran una inversi\u00f3n del gobierno del presidente Gabriel Boric a trav\u00e9s de la Direcci\u00f3n Regional de Vialidad del Ministerio de Obras P\u00fablicas que alcanza los mil millones de pesos, abarcan un sector de influencia de 7 kil\u00f3metros. \u00a0Esta es la tercera experiencia de este tipo que estamos concretando en la regi\u00f3n y que ha tenido buen resultado, porque significa un importante adelanto que permite ayudar a los o las conductoras cuando transitan por las rutas, les entrega informaci\u00f3n acerca del estado de los caminos manteniendo informado al o la conductora de trabajos en la v\u00eda, entre otros, por lo tanto con ello como gobierno estamos realizando una fuerte inversi\u00f3n en prevenci\u00f3n de accidentes y paralelamente proveemos de un mayor confort y seguridad a las personas usuarias del camino, elevando el est\u00e1ndar de seguridad mediante la incorporaci\u00f3n de elementos de se\u00f1alizaci\u00f3n y seguridad vial que brindar\u00e1n un mayor bienestar a la comunidad\u201d, destac\u00f3 la Seremi del MOP<\/p>\n<p style=\"text-align: justify;\">Consultado al respecto, el director regional de Vialidad del MOP, Renzo Sanders Cort\u00e9s detall\u00f3 algunas caracter\u00edsticas de los nuevos elementos de seguridad vial, indicando que \u201cel Panel de Mensajer\u00eda Variable tiene una dimensi\u00f3n de 6,00 x 1,70 metros, es un elemento de se\u00f1alizaci\u00f3n dise\u00f1ado para alertar o informar a las personas usuarias sobre el estado de las Rutas. \u00c9ste puede incluir un \u00edcono o mensajes escritos, que pueden mostrarse alternativamente encendidos, apagados o intermitentes, seg\u00fan sea necesario. Se considera tambi\u00e9n, la conservaci\u00f3n de los elementos de seguridad vial del camino, as\u00ed como la remoci\u00f3n e instalaci\u00f3n de se\u00f1ales y el reemplazo y colocaci\u00f3n de barreras met\u00e1licas, entre otros. Adem\u00e1s, la instalaci\u00f3n de los tres dispositivos electr\u00f3nicos deben ser conectados a la red el\u00e9ctrica de alumbrado p\u00fablico existente\u201d.<\/p>\n<\/div><\/section><\/div><div  style='height:50px' class='hr hr-invisible   avia-builder-el-6  el_after_av_one_full  el_before_av_social_share '><span class='hr-inner ' ><span class='hr-inner-style'><\/span><\/span><\/div><\/p>\n<div  class='av-social-sharing-box  avia-builder-el-7  el_after_av_hr  el_before_av_hr  '><div class='av-share-box'><h5 class='av-share-link-description av-no-toc '>Compartir esta noticia<\/h5><ul class='av-share-box-list noLightbox'><li class='av-share-link av-social-link-facebook' ><a target=\"_blank\" aria-label=\"Compartir en Facebook\" href='https:\/\/www.facebook.com\/sharer.php?u=https:\/\/radiorevelacionfm.cl\/?p=51230&#038;t=Vialidad%20instala%20dispositivos%20que%20incrementan%20seguridad%20vial%20en%20pasadas%20urbanas%20y%20traves%C3%ADas' aria-hidden='false' data-av_icon='\ue8f3' data-av_iconfont='entypo-fontello' title='' data-avia-related-tooltip='Compartir en Facebook' rel=\"noopener\"><span class='avia_hidden_link_text'>Compartir en Facebook<\/span><\/a><\/li><li class='av-share-link av-social-link-twitter' ><a target=\"_blank\" aria-label=\"Compartir en Twitter\" href='https:\/\/twitter.com\/share?text=Vialidad%20instala%20dispositivos%20que%20incrementan%20seguridad%20vial%20en%20pasadas%20urbanas%20y%20traves%C3%ADas&#038;url=https:\/\/radiorevelacionfm.cl\/?p=51230' aria-hidden='false' data-av_icon='\ue8f1' data-av_iconfont='entypo-fontello' title='' data-avia-related-tooltip='Compartir en Twitter' rel=\"noopener\"><span class='avia_hidden_link_text'>Compartir en Twitter<\/span><\/a><\/li><li class='av-share-link av-social-link-whatsapp' ><a target=\"_blank\" aria-label=\"Compartir en Whatsapp\" href='https:\/\/api.whatsapp.com\/send?text=https:\/\/radiorevelacionfm.cl\/?p=51230' aria-hidden='false' data-av_icon='\uf232' data-av_iconfont='entypo-fontello' title='' data-avia-related-tooltip='Compartir en Whatsapp' rel=\"noopener\"><span class='avia_hidden_link_text'>Compartir en Whatsapp<\/span><\/a><\/li><li class='av-share-link av-social-link-linkedin' ><a target=\"_blank\" aria-label=\"Compartir en LinkedIn\" href='https:\/\/linkedin.com\/shareArticle?mini=true&#038;title=Vialidad%20instala%20dispositivos%20que%20incrementan%20seguridad%20vial%20en%20pasadas%20urbanas%20y%20traves%C3%ADas&#038;url=https:\/\/radiorevelacionfm.cl\/?p=51230' aria-hidden='false' data-av_icon='\ue8fc' data-av_iconfont='entypo-fontello' title='' data-avia-related-tooltip='Compartir en LinkedIn' rel=\"noopener\"><span class='avia_hidden_link_text'>Compartir en LinkedIn<\/span><\/a><\/li><li class='av-share-link av-social-link-mail' ><a  aria-label=\"Compartir por correo\" href='mailto:?subject=Vialidad%20instala%20dispositivos%20que%20incrementan%20seguridad%20vial%20en%20pasadas%20urbanas%20y%20traves%C3%ADas&#038;body=https:\/\/radiorevelacionfm.cl\/?p=51230' aria-hidden='false' data-av_icon='\ue805' data-av_iconfont='entypo-fontello' title='' data-avia-related-tooltip='Compartir por correo'><span class='avia_hidden_link_text'>Compartir por correo<\/span><\/a><\/li><\/ul><\/div><\/div>\n<div  style='height:50px' class='hr hr-invisible   avia-builder-el-8  el_after_av_social_share  el_before_av_comments_list '><span class='hr-inner ' ><span class='hr-inner-style'><\/span><\/span><\/div>\n<div  class='av-buildercomment  av-blog-meta-html-info-disabled av-blog-meta-tag-disabled  '><\/div>\n","protected":false},"excerpt":{"rendered":"","protected":false},"author":1,"featured_media":51231,"comment_status":"open","ping_status":"open","sticky":false,"template":"","format":"standard","meta":{"footnotes":""},"categories":[38],"tags":[],"class_list":["post-51230","post","type-post","status-publish","format-standard","has-post-thumbnail","hentry","category-regional"],"jetpack_featured_media_url":"https:\/\/radiorevelacionfm.cl\/wp-content\/uploads\/2025\/03\/IMG-20250307-WA0039-1-1.jpg","_links":{"self":[{"href":"https:\/\/radiorevelacionfm.cl\/index.php?rest_route=\/wp\/v2\/posts\/51230","targetHints":{"allow":["GET"]}}],"collection":[{"href":"https:\/\/radiorevelacionfm.cl\/index.php?rest_route=\/wp\/v2\/posts"}],"about":[{"href":"https:\/\/radiorevelacionfm.cl\/index.php?rest_route=\/wp\/v2\/types\/post"}],"author":[{"embeddable":true,"href":"https:\/\/radiorevelacionfm.cl\/index.php?rest_route=\/wp\/v2\/users\/1"}],"replies":[{"embeddable":true,"href":"https:\/\/radiorevelacionfm.cl\/index.php?rest_route=%2Fwp%2Fv2%2Fcomments&post=51230"}],"version-history":[{"count":1,"href":"https:\/\/radiorevelacionfm.cl\/index.php?rest_route=\/wp\/v2\/posts\/51230\/revisions"}],"predecessor-version":[{"id":51232,"href":"https:\/\/radiorevelacionfm.cl\/index.php?rest_route=\/wp\/v2\/posts\/51230\/revisions\/51232"}],"wp:featuredmedia":[{"embeddable":true,"href":"https:\/\/radiorevelacionfm.cl\/index.php?rest_route=\/wp\/v2\/media\/51231"}],"wp:attachment":[{"href":"https:\/\/radiorevelacionfm.cl\/index.php?rest_route=%2Fwp%2Fv2%2Fmedia&parent=51230"}],"wp:term":[{"taxonomy":"category","embeddable":true,"href":"https:\/\/radiorevelacionfm.cl\/index.php?rest_route=%2Fwp%2Fv2%2Fcategories&post=51230"},{"taxonomy":"post_tag","embeddable":true,"href":"https:\/\/radiorevelacionfm.cl\/index.php?rest_route=%2Fwp%2Fv2%2Ftags&post=51230"}],"curies":[{"name":"wp","href":"https:\/\/api.w.org\/{rel}","templated":true}]}}