{"id":51227,"date":"2025-03-09T15:44:46","date_gmt":"2025-03-09T18:44:46","guid":{"rendered":"https:\/\/radiorevelacionfm.cl\/?p=51227"},"modified":"2025-03-09T15:44:46","modified_gmt":"2025-03-09T18:44:46","slug":"con-cuidadoras-y-dirigentes-gobierno-realiza-conversatorio-en-el-marco-del-8m-y-la-mirada-de-chile-cuida","status":"publish","type":"post","link":"https:\/\/radiorevelacionfm.cl\/?p=51227","title":{"rendered":"Con cuidadoras y dirigentes gobierno realiza conversatorio en el marco del 8M y la mirada de Chile Cuida"},"content":{"rendered":"<div class=\"flex_column av_one_full  flex_column_div av-zero-column-padding first  avia-builder-el-0  el_before_av_one_full  avia-builder-el-first  \" style='border-radius:0px; '><div  class='avia-image-container  av-styling-    avia-builder-el-1  avia-builder-el-no-sibling  avia-align-center '  itemprop=\"image\" itemscope=\"itemscope\" itemtype=\"https:\/\/schema.org\/ImageObject\"  ><div class='avia-image-container-inner'><div class='avia-image-overlay-wrap'><img decoding=\"async\" class='wp-image-51228 avia-img-lazy-loading-not-51228 avia_image' src=\"https:\/\/radiorevelacionfm.cl\/wp-content\/uploads\/2025\/03\/8m-cuidados-2-1-1-1_optimized-1.jpeg\" alt='' title='8m-cuidados-2-(1)-(1)-(1)_optimized (1)' height=\"600\" width=\"800\"  itemprop=\"thumbnailUrl\" srcset=\"https:\/\/radiorevelacionfm.cl\/wp-content\/uploads\/2025\/03\/8m-cuidados-2-1-1-1_optimized-1.jpeg 800w, https:\/\/radiorevelacionfm.cl\/wp-content\/uploads\/2025\/03\/8m-cuidados-2-1-1-1_optimized-1-300x225.jpeg 300w, https:\/\/radiorevelacionfm.cl\/wp-content\/uploads\/2025\/03\/8m-cuidados-2-1-1-1_optimized-1-768x576.jpeg 768w, https:\/\/radiorevelacionfm.cl\/wp-content\/uploads\/2025\/03\/8m-cuidados-2-1-1-1_optimized-1-705x529.jpeg 705w, https:\/\/radiorevelacionfm.cl\/wp-content\/uploads\/2025\/03\/8m-cuidados-2-1-1-1_optimized-1-450x338.jpeg 450w, https:\/\/radiorevelacionfm.cl\/wp-content\/uploads\/2025\/03\/8m-cuidados-2-1-1-1_optimized-1-600x450.jpeg 600w\" sizes=\"(max-width: 800px) 100vw, 800px\" \/><\/div><\/div><\/div><\/div><div class=\"flex_column av_one_full  flex_column_div av-zero-column-padding first  avia-builder-el-2  el_after_av_one_full  el_before_av_one_full  column-top-margin\" style='border-radius:0px; '><section class=\"av_textblock_section \"  itemscope=\"itemscope\" itemtype=\"https:\/\/schema.org\/BlogPosting\" itemprop=\"blogPost\" ><div class='avia_textblock  '   itemprop=\"text\" ><p style=\"text-align: center;\"><strong><span style=\"font-size: 18pt;\">Con cuidadoras y dirigentes gobierno realiza conversatorio en el marco del 8M y la mirada de Chile Cuida<\/span><\/strong><\/p>\n<div id=\"gtx-trans\" style=\"position: absolute; left: -50px; top: 4.31534px;\">\n<div class=\"gtx-trans-icon\"><\/div>\n<\/div>\n<\/div><\/section><\/div><div class=\"flex_column av_one_full  flex_column_div av-zero-column-padding first  avia-builder-el-4  el_after_av_one_full  el_before_av_hr  column-top-margin\" style='border-radius:0px; '><section class=\"av_textblock_section \"  itemscope=\"itemscope\" itemtype=\"https:\/\/schema.org\/BlogPosting\" itemprop=\"blogPost\" ><div class='avia_textblock  '   itemprop=\"text\" ><p style=\"text-align: justify;\"><em>La actividad fue organizada por los Ministerios de Desarrollo Social y Familia y del Trabajo y Previsi\u00f3n Social en Coyhaique y Puerto Ays\u00e9n, respectivamente.<\/em><\/p>\n<p style=\"text-align: justify;\">En el marco de una nueva Conmemoraci\u00f3n del D\u00eda Internacional de la Mujer este 8 de marzo y con el objetivo de poner en valor los cuidados, es que las seremis de Desarrollo Social y Familia junto a Trabajo y Previsi\u00f3n Social realizaron un conversatorio con dirigentes y cuidadores en Coyhaique y Puerto Ays\u00e9n.<\/p>\n<p style=\"text-align: justify;\">En la regi\u00f3n de Ays\u00e9n a trav\u00e9s del Registro Social de Hogares, hay acreditadas 1091 personas que ejercen el rol de cuidados, por lo que la puesta en marcha de la Pol\u00edtica Nacional de Apoyos y Cuidados lanzada por el presidente Boric este jueves 6 de marzo es clave para avanzar en la entrega de lineamientos que regir\u00e1n las iniciativas, planes y programas de apoyos y cuidados en Chile durante los pr\u00f3ximos cinco a\u00f1os\u00a0(2025-2030).<\/p>\n<p style=\"text-align: justify;\">Para la seremi de Desarrollo Social y Familia Karina Acevedo, junto con relevar la actividad permiti\u00f3 profundizar en lo urgente que se hace el reconocer el derecho a cuidar, a ser cuidado y al autocuidado \u00bb M\u00e1s del 84% de quienes cumplen el rol de cuidadores son mujeres. Chile Cuida se instala para poder colaborar y apoyar a aquellas mujeres que cumplan el rol principalmente, pero sin duda Chile Cuida se instala como el cuarto pilar de la protecci\u00f3n social. Hoy d\u00eda lo que decimos es que tenemos derecho a cuidar, a ser cuidados y al autocuidado\u00bb agregando que \u00abEste di\u00e1logo nos invita a seguir reforzando el fortalecimiento de Chile Cuida y aterrizarlo en la regi\u00f3n en su totalidad, porque escuchamos a mujeres de las diferencias en el trato desde lo rural, la diferencia para poder acceder a tratamientos para las personas mayores o poder tener acceso a al autocuidado\u00bb.<\/p>\n<p style=\"text-align: justify;\">En tanto para la Seremi del Trabajo y Previsi\u00f3n Social Camila Covarrubias el compromiso con los cuidados es una de las prioridades con acciones concretas \u00abEstamos comprometidos para poder reconocer las labores de cuidado, visibilizarlo y poner en valor estas labores que muchas veces no son remuneradas y que en su mayor\u00eda las llevan adelante las mujeres.\u00a0Por lo tanto, vamos a trabajar en dos ejes centrales que tienen que ver con la autonom\u00eda econ\u00f3mica de las personas que se dedican a los cuidados y tambi\u00e9n poder impulsar el trabajo decente. Es decir, que las mujeres y hombres que se dedican a los cuidados, lo hagan en espacios laborales que respeten sus derechos fundamentales y la protecci\u00f3n social de los y las cuidadoras. Este trabajo lo vamos a llevar adelante junto con ChileValora, con Sence, con la Direcci\u00f3n del Trabajo para fiscalizar estas funciones y tambi\u00e9n para desarrollar certificaciones y capacitaciones de cuidados primarios\u00bb.<\/p>\n<p style=\"text-align: justify;\">LA MIRADA DE LOS CUIDADORES<\/p>\n<p style=\"text-align: justify;\">Ester y Carlos tienen en com\u00fan que comparten la vivencia de cuidar a un ser querido, sin remuneraci\u00f3n y a tiempo completo. Es por ese motivo que asistieron al conversatorio y dieron a conocer su testimonio manifestando en su caso Ester Gonz\u00e1lez que lo importante es dar apoyo y establecer derechos para quien cuida \u00abme pareci\u00f3 bien interesante sobre todo para las personas que de repente no tienen mucha informaci\u00f3n de ser cuidadoras, porque yo tambi\u00e9n fui cuidadora de mucho mucho tiempo cuid\u00e9 a mi esposo, que en paz descanse. Yo creo que todas las personas cuidadoras hac\u00edamos lo que pod\u00edamos. Esto va de la mano igual de estar bien una como cuidadora para tener bien a las personas que uno cuida, y es s\u00faper bueno que ahora va a ser un derecho que a las personas que son cuidadoras las van a ayudar, les van a dar armas para que sigan cuidando a las personas que tienen al lado.<\/p>\n<p style=\"text-align: justify;\">En tanto Carlos Garc\u00eda valor\u00f3 el espacio de conversaci\u00f3n y el proyecto de ley \u00abme parece una iniciativa muy buena porque esto no exist\u00eda antes, digamos \u00a0que el cuidador era \u00a0alguien que no exist\u00eda.\u00a0Solamente exist\u00eda el paciente, pero ojal\u00e1 que lo que hay en la letra se haga en la realidad, que eso es lo que cuesta. Ojal\u00e1 que esto llegue a un buen fin y tambi\u00e9n, tenga toda la asesor\u00eda que necesita un cuidador, tanto f\u00edsica como mental y las t\u00e9cnicas para poder cuidar a la persona que lo necesita. Es distinto a cuando un cuidador es pagado, a un servicio que no es remunerado, que uno lo hace con amor y con cari\u00f1o hacia otra persona, es distinto y por eso afecta tanto\u00bb.<\/p>\n<p style=\"text-align: justify;\">LA MIRADA DEL CONGRESO<\/p>\n<p style=\"text-align: justify;\">El jueves 6 de marzo se dio inicio a la discusi\u00f3n en la Comisi\u00f3n de Hacienda de la C\u00e1mara de Diputados el proyecto de ley que crea el Sistema Nacional de Apoyos y Cuidados, Chile Cuida. En este sentido la senadora por la regi\u00f3n de Ays\u00e9n Ximena \u00d3rdenes, quien asisti\u00f3 al conversatorio hizo hincapi\u00e9 en el compromiso que existe de avanzar en esta materia \u00abYo quiero valorar los distintos testimonios que hemos escuchado en estos conversatorios. En el Congreso nacional, estamos trabajando un proyecto que se ingres\u00f3 el a\u00f1o pasado por parte del Ejecutivo que crea un Sistema Nacional de Apoyos y Cuidados. Nosotros queremos garantizar por ley que todo esto que ya est\u00e1 ocurriendo a trav\u00e9s de los ministerios de Desarrollo Social, el Ministerio del trabajo y previsi\u00f3n social y otros que trabajan de manera integral, pero que quede garantizado por ley. Nosotros esperamos que salga de su primer tr\u00e1mite constitucional en la C\u00e1mara de Diputados y una vez que pase al Senado, sin duda que lo seguiremos empujando con mucha fuerza\u00bb.<\/p>\n<\/div><\/section><\/div><div  style='height:50px' class='hr hr-invisible   avia-builder-el-6  el_after_av_one_full  el_before_av_social_share '><span class='hr-inner ' ><span class='hr-inner-style'><\/span><\/span><\/div><\/p>\n<div  class='av-social-sharing-box  avia-builder-el-7  el_after_av_hr  el_before_av_hr  '><div class='av-share-box'><h5 class='av-share-link-description av-no-toc '>Compartir esta noticia<\/h5><ul class='av-share-box-list noLightbox'><li class='av-share-link av-social-link-facebook' ><a target=\"_blank\" aria-label=\"Compartir en Facebook\" href='https:\/\/www.facebook.com\/sharer.php?u=https:\/\/radiorevelacionfm.cl\/?p=51227&#038;t=Con%20cuidadoras%20y%20dirigentes%20gobierno%20realiza%20conversatorio%20en%20el%20marco%20del%208M%20y%20la%20mirada%20de%20Chile%20Cuida' aria-hidden='false' data-av_icon='\ue8f3' data-av_iconfont='entypo-fontello' title='' data-avia-related-tooltip='Compartir en Facebook' rel=\"noopener\"><span class='avia_hidden_link_text'>Compartir en Facebook<\/span><\/a><\/li><li class='av-share-link av-social-link-twitter' ><a target=\"_blank\" aria-label=\"Compartir en Twitter\" href='https:\/\/twitter.com\/share?text=Con%20cuidadoras%20y%20dirigentes%20gobierno%20realiza%20conversatorio%20en%20el%20marco%20del%208M%20y%20la%20mirada%20de%20Chile%20Cuida&#038;url=https:\/\/radiorevelacionfm.cl\/?p=51227' aria-hidden='false' data-av_icon='\ue8f1' data-av_iconfont='entypo-fontello' title='' data-avia-related-tooltip='Compartir en Twitter' rel=\"noopener\"><span class='avia_hidden_link_text'>Compartir en Twitter<\/span><\/a><\/li><li class='av-share-link av-social-link-whatsapp' ><a target=\"_blank\" aria-label=\"Compartir en Whatsapp\" href='https:\/\/api.whatsapp.com\/send?text=https:\/\/radiorevelacionfm.cl\/?p=51227' aria-hidden='false' data-av_icon='\uf232' data-av_iconfont='entypo-fontello' title='' data-avia-related-tooltip='Compartir en Whatsapp' rel=\"noopener\"><span class='avia_hidden_link_text'>Compartir en Whatsapp<\/span><\/a><\/li><li class='av-share-link av-social-link-linkedin' ><a target=\"_blank\" aria-label=\"Compartir en LinkedIn\" href='https:\/\/linkedin.com\/shareArticle?mini=true&#038;title=Con%20cuidadoras%20y%20dirigentes%20gobierno%20realiza%20conversatorio%20en%20el%20marco%20del%208M%20y%20la%20mirada%20de%20Chile%20Cuida&#038;url=https:\/\/radiorevelacionfm.cl\/?p=51227' aria-hidden='false' data-av_icon='\ue8fc' data-av_iconfont='entypo-fontello' title='' data-avia-related-tooltip='Compartir en LinkedIn' rel=\"noopener\"><span class='avia_hidden_link_text'>Compartir en LinkedIn<\/span><\/a><\/li><li class='av-share-link av-social-link-mail' ><a  aria-label=\"Compartir por correo\" href='mailto:?subject=Con%20cuidadoras%20y%20dirigentes%20gobierno%20realiza%20conversatorio%20en%20el%20marco%20del%208M%20y%20la%20mirada%20de%20Chile%20Cuida&#038;body=https:\/\/radiorevelacionfm.cl\/?p=51227' aria-hidden='false' data-av_icon='\ue805' data-av_iconfont='entypo-fontello' title='' data-avia-related-tooltip='Compartir por correo'><span class='avia_hidden_link_text'>Compartir por correo<\/span><\/a><\/li><\/ul><\/div><\/div>\n<div  style='height:50px' class='hr hr-invisible   avia-builder-el-8  el_after_av_social_share  el_before_av_comments_list '><span class='hr-inner ' ><span class='hr-inner-style'><\/span><\/span><\/div>\n<div  class='av-buildercomment  av-blog-meta-html-info-disabled av-blog-meta-tag-disabled  '><\/div>\n","protected":false},"excerpt":{"rendered":"","protected":false},"author":1,"featured_media":51228,"comment_status":"open","ping_status":"open","sticky":false,"template":"","format":"standard","meta":{"footnotes":""},"categories":[38],"tags":[],"class_list":["post-51227","post","type-post","status-publish","format-standard","has-post-thumbnail","hentry","category-regional"],"jetpack_featured_media_url":"https:\/\/radiorevelacionfm.cl\/wp-content\/uploads\/2025\/03\/8m-cuidados-2-1-1-1_optimized-1.jpeg","_links":{"self":[{"href":"https:\/\/radiorevelacionfm.cl\/index.php?rest_route=\/wp\/v2\/posts\/51227","targetHints":{"allow":["GET"]}}],"collection":[{"href":"https:\/\/radiorevelacionfm.cl\/index.php?rest_route=\/wp\/v2\/posts"}],"about":[{"href":"https:\/\/radiorevelacionfm.cl\/index.php?rest_route=\/wp\/v2\/types\/post"}],"author":[{"embeddable":true,"href":"https:\/\/radiorevelacionfm.cl\/index.php?rest_route=\/wp\/v2\/users\/1"}],"replies":[{"embeddable":true,"href":"https:\/\/radiorevelacionfm.cl\/index.php?rest_route=%2Fwp%2Fv2%2Fcomments&post=51227"}],"version-history":[{"count":1,"href":"https:\/\/radiorevelacionfm.cl\/index.php?rest_route=\/wp\/v2\/posts\/51227\/revisions"}],"predecessor-version":[{"id":51229,"href":"https:\/\/radiorevelacionfm.cl\/index.php?rest_route=\/wp\/v2\/posts\/51227\/revisions\/51229"}],"wp:featuredmedia":[{"embeddable":true,"href":"https:\/\/radiorevelacionfm.cl\/index.php?rest_route=\/wp\/v2\/media\/51228"}],"wp:attachment":[{"href":"https:\/\/radiorevelacionfm.cl\/index.php?rest_route=%2Fwp%2Fv2%2Fmedia&parent=51227"}],"wp:term":[{"taxonomy":"category","embeddable":true,"href":"https:\/\/radiorevelacionfm.cl\/index.php?rest_route=%2Fwp%2Fv2%2Fcategories&post=51227"},{"taxonomy":"post_tag","embeddable":true,"href":"https:\/\/radiorevelacionfm.cl\/index.php?rest_route=%2Fwp%2Fv2%2Ftags&post=51227"}],"curies":[{"name":"wp","href":"https:\/\/api.w.org\/{rel}","templated":true}]}}