{"id":51224,"date":"2025-03-09T14:59:49","date_gmt":"2025-03-09T17:59:49","guid":{"rendered":"https:\/\/radiorevelacionfm.cl\/?p=51224"},"modified":"2025-03-09T15:00:52","modified_gmt":"2025-03-09T18:00:52","slug":"gobernador-marcelo-santana-sobre-pavimentacion-de-17-kms-tramo-confluencia-puente-chacabuco-es-una-buena-noticia-pero-el-gobierno-no-le-ha-cumplido-a-los-habitantes-de-la-region","status":"publish","type":"post","link":"https:\/\/radiorevelacionfm.cl\/?p=51224","title":{"rendered":"Gobernador Marcelo Santana sobre pavimentaci\u00f3n de 17 kms tramo Confluencia-Puente Chacabuco: \u00abEs una buena noticia pero el gobierno no le ha cumplido a los habitantes de la regi\u00f3n\u00bb"},"content":{"rendered":"<div class=\"flex_column av_one_full  flex_column_div av-zero-column-padding first  avia-builder-el-0  el_before_av_one_full  avia-builder-el-first  \" style='border-radius:0px; '><div  class='avia-image-container  av-styling-    avia-builder-el-1  avia-builder-el-no-sibling  avia-align-center '  itemprop=\"image\" itemscope=\"itemscope\" itemtype=\"https:\/\/schema.org\/ImageObject\"  ><div class='avia-image-container-inner'><div class='avia-image-overlay-wrap'><img decoding=\"async\" class='wp-image-40285 avia-img-lazy-loading-not-40285 avia_image' src=\"https:\/\/radiorevelacionfm.cl\/wp-content\/uploads\/2024\/03\/marcelo-santana-1_optimized.jpg\" alt='' title='marcelo-santana-(1)_optimized' height=\"600\" width=\"924\"  itemprop=\"thumbnailUrl\" srcset=\"https:\/\/radiorevelacionfm.cl\/wp-content\/uploads\/2024\/03\/marcelo-santana-1_optimized.jpg 924w, https:\/\/radiorevelacionfm.cl\/wp-content\/uploads\/2024\/03\/marcelo-santana-1_optimized-300x195.jpg 300w, https:\/\/radiorevelacionfm.cl\/wp-content\/uploads\/2024\/03\/marcelo-santana-1_optimized-768x499.jpg 768w, https:\/\/radiorevelacionfm.cl\/wp-content\/uploads\/2024\/03\/marcelo-santana-1_optimized-705x458.jpg 705w, https:\/\/radiorevelacionfm.cl\/wp-content\/uploads\/2024\/03\/marcelo-santana-1_optimized-450x292.jpg 450w, https:\/\/radiorevelacionfm.cl\/wp-content\/uploads\/2024\/03\/marcelo-santana-1_optimized-600x390.jpg 600w\" sizes=\"(max-width: 924px) 100vw, 924px\" \/><\/div><\/div><\/div><\/div>\n<div class=\"flex_column av_one_full  flex_column_div av-zero-column-padding first  avia-builder-el-2  el_after_av_one_full  el_before_av_one_full  column-top-margin\" style='border-radius:0px; '><section class=\"av_textblock_section \"  itemscope=\"itemscope\" itemtype=\"https:\/\/schema.org\/BlogPosting\" itemprop=\"blogPost\" ><div class='avia_textblock  '   itemprop=\"text\" ><p style=\"text-align: center;\"><strong><span style=\"font-size: 18pt;\">Gobernador Marcelo Santana sobre pavimentaci\u00f3n de 17 kms tramo Confluencia-Puente Chacabuco: \u00abEs una buena noticia pero el gobierno no le ha cumplido a los habitantes de la regi\u00f3n\u00bb<\/span><\/strong><\/p>\n<div id=\"gtx-trans\" style=\"position: absolute; left: -50px; top: 4.31534px;\">\n<div class=\"gtx-trans-icon\"><\/div>\n<\/div>\n<\/div><\/section><\/div><div class=\"flex_column av_one_full  flex_column_div av-zero-column-padding first  avia-builder-el-4  el_after_av_one_full  el_before_av_hr  column-top-margin\" style='border-radius:0px; '><section class=\"av_textblock_section \"  itemscope=\"itemscope\" itemtype=\"https:\/\/schema.org\/BlogPosting\" itemprop=\"blogPost\" ><div class='avia_textblock  '   itemprop=\"text\" ><p style=\"text-align: justify;\">Posterior a la informaci\u00f3n publicada en los medios de comunicaci\u00f3n respecto a la Toma de Raz\u00f3n de Contralor\u00eda General de la Rep\u00fablica para la adjudicaci\u00f3n de la obra de pavimentaci\u00f3n de 17 kil\u00f3metros en tramo Confluencia &#8211; Puente Chacabuco, en la comuna de Cochrane, el Gobernador Regional Marcelo Santana manifest\u00f3 que estas son buenas nuevas, en cuanto a conectividad de ruta 7, ya que este contrato sin duda mejorar\u00e1 las conexiones viales pero no est\u00e1 a\u00fan a la altura de las expectativas de la comunidad que transita diariamente entre la zona norte y Cochrane y el extremo sur de la regi\u00f3n de Ays\u00e9n.<\/p>\n<p style=\"text-align: justify;\">Al respecto el Gobernador se\u00f1al\u00f3: \u00abEsta obra de pavimentaci\u00f3n es una buena noticia, m\u00e1s de 4 a\u00f1os no se hab\u00eda iniciado un contrato en ruta 7 lo que hab\u00eda generado una desaz\u00f3n en la comunidad que espera en esta obra emblem\u00e1tica que se siga avanzando pero a una velocidad razonable. Esto es un avance sin duda, pero no es suficiente, el compromiso presidencial hab\u00eda sido mucho m\u00e1s ambicioso que esto, se hab\u00edan comprometido 140 kil\u00f3metros en 4 a\u00f1os, por tanto siguen quedando al debe, y lo m\u00e1s probable es que si estas obras comienzan a mitad de este a\u00f1o, reci\u00e9n el 2027 podremos transitar este nuevo pavimento, dejando un balance de que en 4 a\u00f1os no se pavimentar\u00e1 un kil\u00f3metro de carretera austral ruta 7\u00bb.<\/p>\n<p style=\"text-align: justify;\">La inversi\u00f3n en esta obra es de 42 mil 581 millones de pesos, es un proyecto muy anhelado por la comunidad y que mejorar\u00e1 la calidad de vida de todos quienes habitamos la regi\u00f3n de Ays\u00e9n, especialmente para sus habitantes, sector turismo, sector transporte, que durante estos \u00faltimos meses se han manifestado p\u00fablicamente por el p\u00e9simo estado de las ruta 7 sur, lo que ha llevado a tener que solicitar por parte de los gremios, de los habitantes y del propio Gobernador Regional, celeridad y especial preocupaci\u00f3n por esta situaci\u00f3n.<\/p>\n<p style=\"text-align: justify;\">Finalmente, el Gobernador Santana fue muy enf\u00e1tico y se\u00f1al\u00f3 \u00bb Esperamos que este a\u00f1o que resta de gobierno se puedan sumar otros tramos de pavimentaci\u00f3n que nos permitan seguir avanzando en una promesa incumplida que sin duda perjudica a la regi\u00f3n y especialmente a sus habitantes que han esperado por a\u00f1o que las rutas mejores en calidad y conectividad\u00bb finaliz\u00f3.<\/p>\n<\/div><\/section><\/div><\/p>\n<div  style='height:50px' class='hr hr-invisible   avia-builder-el-6  el_after_av_one_full  el_before_av_social_share '><span class='hr-inner ' ><span class='hr-inner-style'><\/span><\/span><\/div>\n<div  class='av-social-sharing-box  avia-builder-el-7  el_after_av_hr  el_before_av_hr  '><div class='av-share-box'><h5 class='av-share-link-description av-no-toc '>Compartir esta noticia<\/h5><ul class='av-share-box-list noLightbox'><li class='av-share-link av-social-link-facebook' ><a target=\"_blank\" aria-label=\"Compartir en Facebook\" href='https:\/\/www.facebook.com\/sharer.php?u=https:\/\/radiorevelacionfm.cl\/?p=51224&#038;t=Gobernador%20Marcelo%20Santana%20sobre%20pavimentaci%C3%B3n%20de%2017%20kms%20tramo%20Confluencia-Puente%20Chacabuco%3A%20%C2%ABEs%20una%20buena%20noticia%20pero%20el%20gobierno%20no%20le%20ha%20cumplido%20a%20los%20habitantes%20de%20la%20regi%C3%B3n%C2%BB' aria-hidden='false' data-av_icon='\ue8f3' data-av_iconfont='entypo-fontello' title='' data-avia-related-tooltip='Compartir en Facebook' rel=\"noopener\"><span class='avia_hidden_link_text'>Compartir en Facebook<\/span><\/a><\/li><li class='av-share-link av-social-link-twitter' ><a target=\"_blank\" aria-label=\"Compartir en Twitter\" href='https:\/\/twitter.com\/share?text=Gobernador%20Marcelo%20Santana%20sobre%20pavimentaci%C3%B3n%20de%2017%20kms%20tramo%20Confluencia-Puente%20Chacabuco%3A%20%C2%ABEs%20una%20buena%20noticia%20pero%20el%20gobierno%20no%20le%20ha%20cumplido%20a%20los%20habitantes%20de%20la%20regi%C3%B3n%C2%BB&#038;url=https:\/\/radiorevelacionfm.cl\/?p=51224' aria-hidden='false' data-av_icon='\ue8f1' data-av_iconfont='entypo-fontello' title='' data-avia-related-tooltip='Compartir en Twitter' rel=\"noopener\"><span class='avia_hidden_link_text'>Compartir en Twitter<\/span><\/a><\/li><li class='av-share-link av-social-link-whatsapp' ><a target=\"_blank\" aria-label=\"Compartir en Whatsapp\" href='https:\/\/api.whatsapp.com\/send?text=https:\/\/radiorevelacionfm.cl\/?p=51224' aria-hidden='false' data-av_icon='\uf232' data-av_iconfont='entypo-fontello' title='' data-avia-related-tooltip='Compartir en Whatsapp' rel=\"noopener\"><span class='avia_hidden_link_text'>Compartir en Whatsapp<\/span><\/a><\/li><li class='av-share-link av-social-link-linkedin' ><a target=\"_blank\" aria-label=\"Compartir en LinkedIn\" href='https:\/\/linkedin.com\/shareArticle?mini=true&#038;title=Gobernador%20Marcelo%20Santana%20sobre%20pavimentaci%C3%B3n%20de%2017%20kms%20tramo%20Confluencia-Puente%20Chacabuco%3A%20%C2%ABEs%20una%20buena%20noticia%20pero%20el%20gobierno%20no%20le%20ha%20cumplido%20a%20los%20habitantes%20de%20la%20regi%C3%B3n%C2%BB&#038;url=https:\/\/radiorevelacionfm.cl\/?p=51224' aria-hidden='false' data-av_icon='\ue8fc' data-av_iconfont='entypo-fontello' title='' data-avia-related-tooltip='Compartir en LinkedIn' rel=\"noopener\"><span class='avia_hidden_link_text'>Compartir en LinkedIn<\/span><\/a><\/li><li class='av-share-link av-social-link-mail' ><a  aria-label=\"Compartir por correo\" href='mailto:?subject=Gobernador%20Marcelo%20Santana%20sobre%20pavimentaci%C3%B3n%20de%2017%20kms%20tramo%20Confluencia-Puente%20Chacabuco%3A%20%C2%ABEs%20una%20buena%20noticia%20pero%20el%20gobierno%20no%20le%20ha%20cumplido%20a%20los%20habitantes%20de%20la%20regi%C3%B3n%C2%BB&#038;body=https:\/\/radiorevelacionfm.cl\/?p=51224' aria-hidden='false' data-av_icon='\ue805' data-av_iconfont='entypo-fontello' title='' data-avia-related-tooltip='Compartir por correo'><span class='avia_hidden_link_text'>Compartir por correo<\/span><\/a><\/li><\/ul><\/div><\/div>\n<div  style='height:50px' class='hr hr-invisible   avia-builder-el-8  el_after_av_social_share  el_before_av_comments_list '><span class='hr-inner ' ><span class='hr-inner-style'><\/span><\/span><\/div>\n<div  class='av-buildercomment  av-blog-meta-html-info-disabled av-blog-meta-tag-disabled  '><\/div>\n","protected":false},"excerpt":{"rendered":"","protected":false},"author":1,"featured_media":40285,"comment_status":"open","ping_status":"open","sticky":false,"template":"","format":"standard","meta":{"footnotes":""},"categories":[38],"tags":[],"class_list":["post-51224","post","type-post","status-publish","format-standard","has-post-thumbnail","hentry","category-regional"],"jetpack_featured_media_url":"https:\/\/radiorevelacionfm.cl\/wp-content\/uploads\/2024\/03\/marcelo-santana-1_optimized.jpg","_links":{"self":[{"href":"https:\/\/radiorevelacionfm.cl\/index.php?rest_route=\/wp\/v2\/posts\/51224","targetHints":{"allow":["GET"]}}],"collection":[{"href":"https:\/\/radiorevelacionfm.cl\/index.php?rest_route=\/wp\/v2\/posts"}],"about":[{"href":"https:\/\/radiorevelacionfm.cl\/index.php?rest_route=\/wp\/v2\/types\/post"}],"author":[{"embeddable":true,"href":"https:\/\/radiorevelacionfm.cl\/index.php?rest_route=\/wp\/v2\/users\/1"}],"replies":[{"embeddable":true,"href":"https:\/\/radiorevelacionfm.cl\/index.php?rest_route=%2Fwp%2Fv2%2Fcomments&post=51224"}],"version-history":[{"count":2,"href":"https:\/\/radiorevelacionfm.cl\/index.php?rest_route=\/wp\/v2\/posts\/51224\/revisions"}],"predecessor-version":[{"id":51226,"href":"https:\/\/radiorevelacionfm.cl\/index.php?rest_route=\/wp\/v2\/posts\/51224\/revisions\/51226"}],"wp:featuredmedia":[{"embeddable":true,"href":"https:\/\/radiorevelacionfm.cl\/index.php?rest_route=\/wp\/v2\/media\/40285"}],"wp:attachment":[{"href":"https:\/\/radiorevelacionfm.cl\/index.php?rest_route=%2Fwp%2Fv2%2Fmedia&parent=51224"}],"wp:term":[{"taxonomy":"category","embeddable":true,"href":"https:\/\/radiorevelacionfm.cl\/index.php?rest_route=%2Fwp%2Fv2%2Fcategories&post=51224"},{"taxonomy":"post_tag","embeddable":true,"href":"https:\/\/radiorevelacionfm.cl\/index.php?rest_route=%2Fwp%2Fv2%2Ftags&post=51224"}],"curies":[{"name":"wp","href":"https:\/\/api.w.org\/{rel}","templated":true}]}}