{"id":51221,"date":"2025-03-08T15:34:01","date_gmt":"2025-03-08T18:34:01","guid":{"rendered":"https:\/\/radiorevelacionfm.cl\/?p=51221"},"modified":"2025-03-08T15:34:01","modified_gmt":"2025-03-08T18:34:01","slug":"subsecretaria-de-las-culturas-y-las-artes-visita-la-region-de-aysen-para-avanzar-en-compromisos-con-el-sector","status":"publish","type":"post","link":"https:\/\/radiorevelacionfm.cl\/?p=51221","title":{"rendered":"Subsecretaria de las Culturas y las Artes visita la Regi\u00f3n de Ays\u00e9n para avanzar en compromisos con el sector"},"content":{"rendered":"<div class=\"flex_column av_one_full  flex_column_div av-zero-column-padding first  avia-builder-el-0  el_before_av_one_full  avia-builder-el-first  \" style='border-radius:0px; '><div  class='avia-image-container  av-styling-    avia-builder-el-1  avia-builder-el-no-sibling  avia-align-center '  itemprop=\"image\" itemscope=\"itemscope\" itemtype=\"https:\/\/schema.org\/ImageObject\"  ><div class='avia-image-container-inner'><div class='avia-image-overlay-wrap'><img decoding=\"async\" class='wp-image-51222 avia-img-lazy-loading-not-51222 avia_image' src=\"https:\/\/radiorevelacionfm.cl\/wp-content\/uploads\/2025\/03\/IMG_6029-2-1-1.jpg\" alt='' title='IMG_6029 2 (1) (1)' height=\"600\" width=\"900\"  itemprop=\"thumbnailUrl\" srcset=\"https:\/\/radiorevelacionfm.cl\/wp-content\/uploads\/2025\/03\/IMG_6029-2-1-1.jpg 900w, https:\/\/radiorevelacionfm.cl\/wp-content\/uploads\/2025\/03\/IMG_6029-2-1-1-300x200.jpg 300w, https:\/\/radiorevelacionfm.cl\/wp-content\/uploads\/2025\/03\/IMG_6029-2-1-1-768x512.jpg 768w, https:\/\/radiorevelacionfm.cl\/wp-content\/uploads\/2025\/03\/IMG_6029-2-1-1-705x470.jpg 705w, https:\/\/radiorevelacionfm.cl\/wp-content\/uploads\/2025\/03\/IMG_6029-2-1-1-450x300.jpg 450w, https:\/\/radiorevelacionfm.cl\/wp-content\/uploads\/2025\/03\/IMG_6029-2-1-1-600x400.jpg 600w\" sizes=\"(max-width: 900px) 100vw, 900px\" \/><\/div><\/div><\/div><\/div><div class=\"flex_column av_one_full  flex_column_div av-zero-column-padding first  avia-builder-el-2  el_after_av_one_full  el_before_av_one_full  column-top-margin\" style='border-radius:0px; '><section class=\"av_textblock_section \"  itemscope=\"itemscope\" itemtype=\"https:\/\/schema.org\/BlogPosting\" itemprop=\"blogPost\" ><div class='avia_textblock  '   itemprop=\"text\" ><p style=\"text-align: center;\"><span style=\"font-size: 18pt;\"><b>Subsecretaria de las Culturas y las Artes visita la Regi\u00f3n de Ays\u00e9n para avanzar en compromisos con el sector<\/b><\/span><\/p>\n<div id=\"gtx-trans\" style=\"position: absolute; left: -50px; top: 4.31534px;\">\n<div class=\"gtx-trans-icon\"><\/div>\n<\/div>\n<\/div><\/section><\/div><div class=\"flex_column av_one_full  flex_column_div av-zero-column-padding first  avia-builder-el-4  el_after_av_one_full  el_before_av_hr  column-top-margin\" style='border-radius:0px; '><section class=\"av_textblock_section \"  itemscope=\"itemscope\" itemtype=\"https:\/\/schema.org\/BlogPosting\" itemprop=\"blogPost\" ><div class='avia_textblock  '   itemprop=\"text\" ><p style=\"text-align: justify;\">Una intensa agenda marcada por encuentros con el sector y la inauguraci\u00f3n de las nuevas dependencias del ministerio en Coyhaique, desarroll\u00f3 la subsecretaria de las Culturas y las Artes, Jimena Jara Quilodr\u00e1n, durante su primera visita a la Regi\u00f3n de Ays\u00e9n.<\/p>\n<p style=\"text-align: justify;\">Tras arribar a Balmaceda, se reuni\u00f3 con el delegado presidencial regional, Jorge D\u00edaz Guzm\u00e1n, para entregar un saludo protocolar e interiorizarse del panorama general territorial. M\u00e1s tarde sostuvo un encuentro con el equipo que, entre otros grandes proyectos, llevar\u00e1 adelante la primera Orquesta de C\u00e1mara de la Universidad de Ays\u00e9n, que a partir de este a\u00f1o recibir\u00e1 financiamiento a trav\u00e9s de la ley de presupuestos de nuestro ministerio. De este modo, se profundiz\u00f3 el v\u00ednculo de extensi\u00f3n entre ambas instituciones, que ya se ha concretado en el proyecto Saberes y Oralidades de la Regi\u00f3n de Ays\u00e9n y la celebraci\u00f3n conjunta del D\u00eda de la M\u00fasica que fusionaron m\u00fasica docta y popular.<\/p>\n<p style=\"text-align: justify;\">Junto al seremi de Cultura, Felipe Quiroz, particip\u00f3 en la 10\u00aa edici\u00f3n del concurso de cuecas Vendimia de Oro en el Centro Cultural de Coyhaique, donde pudo apreciar el talento proveniente de diferentes regiones del pa\u00eds.<\/p>\n<p style=\"text-align: justify;\">Este viernes, la subsecretaria visit\u00f3 a la academia de danza Z\u00edngara, donde conoci\u00f3 los detalles del proyecto que llevan adelante con financiamiento del Programa de Apoyo a Organizaciones Culturales Colaboradoras.<\/p>\n<p style=\"text-align: justify;\">La subsecretaria Jimena Jara dijo que \u00abes sobresaliente que una academia como Z\u00edngara pueda posicionarse y llevar 10 a\u00f1os de historia y que hoy cuente con la continuidad de un programa fundamental para nuestro ministerio como es el PAOCC. Que puedan hacer educaci\u00f3n continua en diversas disciplinas en condiciones extremas es sin duda loable\u00bb.<\/p>\n<p style=\"text-align: justify;\">El recorrido continu\u00f3 con la inauguraci\u00f3n de la ExpoPatagonia 2025, hasta donde llegaron artesanos y cultores de diferentes disciplinas para mostrar parte de su trabajo, en un a\u00f1o marcado por el fomento y promoci\u00f3n de nuestras econom\u00edas creativas y locales.<\/p>\n<p style=\"text-align: justify;\"><strong>Nuevo espacio cultural en Coyhaique<\/strong><\/p>\n<p style=\"text-align: justify;\">Uno de los motivos centrales de la visita de Jimena Jara a la regi\u00f3n fue la inauguraci\u00f3n de las nuevas dependencias de la seremi de las Culturas, las Artes y el Patrimonio que, adem\u00e1s de albergar las oficinas ministeriales, contar\u00e1 con un espacio abierto a la comunidad, una nueva sala para la creaci\u00f3n y la exhibici\u00f3n del arte y la cultura regional.<\/p>\n<\/div><\/section><\/div><div  style='height:50px' class='hr hr-invisible   avia-builder-el-6  el_after_av_one_full  el_before_av_social_share '><span class='hr-inner ' ><span class='hr-inner-style'><\/span><\/span><\/div><\/p>\n<div  class='av-social-sharing-box  avia-builder-el-7  el_after_av_hr  el_before_av_hr  '><div class='av-share-box'><h5 class='av-share-link-description av-no-toc '>Compartir esta noticia<\/h5><ul class='av-share-box-list noLightbox'><li class='av-share-link av-social-link-facebook' ><a target=\"_blank\" aria-label=\"Compartir en Facebook\" href='https:\/\/www.facebook.com\/sharer.php?u=https:\/\/radiorevelacionfm.cl\/?p=51221&#038;t=Subsecretaria%20de%20las%20Culturas%20y%20las%20Artes%20visita%20la%20Regi%C3%B3n%20de%20Ays%C3%A9n%20para%20avanzar%20en%20compromisos%20con%20el%20sector' aria-hidden='false' data-av_icon='\ue8f3' data-av_iconfont='entypo-fontello' title='' data-avia-related-tooltip='Compartir en Facebook' rel=\"noopener\"><span class='avia_hidden_link_text'>Compartir en Facebook<\/span><\/a><\/li><li class='av-share-link av-social-link-twitter' ><a target=\"_blank\" aria-label=\"Compartir en Twitter\" href='https:\/\/twitter.com\/share?text=Subsecretaria%20de%20las%20Culturas%20y%20las%20Artes%20visita%20la%20Regi%C3%B3n%20de%20Ays%C3%A9n%20para%20avanzar%20en%20compromisos%20con%20el%20sector&#038;url=https:\/\/radiorevelacionfm.cl\/?p=51221' aria-hidden='false' data-av_icon='\ue8f1' data-av_iconfont='entypo-fontello' title='' data-avia-related-tooltip='Compartir en Twitter' rel=\"noopener\"><span class='avia_hidden_link_text'>Compartir en Twitter<\/span><\/a><\/li><li class='av-share-link av-social-link-whatsapp' ><a target=\"_blank\" aria-label=\"Compartir en Whatsapp\" href='https:\/\/api.whatsapp.com\/send?text=https:\/\/radiorevelacionfm.cl\/?p=51221' aria-hidden='false' data-av_icon='\uf232' data-av_iconfont='entypo-fontello' title='' data-avia-related-tooltip='Compartir en Whatsapp' rel=\"noopener\"><span class='avia_hidden_link_text'>Compartir en Whatsapp<\/span><\/a><\/li><li class='av-share-link av-social-link-linkedin' ><a target=\"_blank\" aria-label=\"Compartir en LinkedIn\" href='https:\/\/linkedin.com\/shareArticle?mini=true&#038;title=Subsecretaria%20de%20las%20Culturas%20y%20las%20Artes%20visita%20la%20Regi%C3%B3n%20de%20Ays%C3%A9n%20para%20avanzar%20en%20compromisos%20con%20el%20sector&#038;url=https:\/\/radiorevelacionfm.cl\/?p=51221' aria-hidden='false' data-av_icon='\ue8fc' data-av_iconfont='entypo-fontello' title='' data-avia-related-tooltip='Compartir en LinkedIn' rel=\"noopener\"><span class='avia_hidden_link_text'>Compartir en LinkedIn<\/span><\/a><\/li><li class='av-share-link av-social-link-mail' ><a  aria-label=\"Compartir por correo\" href='mailto:?subject=Subsecretaria%20de%20las%20Culturas%20y%20las%20Artes%20visita%20la%20Regi%C3%B3n%20de%20Ays%C3%A9n%20para%20avanzar%20en%20compromisos%20con%20el%20sector&#038;body=https:\/\/radiorevelacionfm.cl\/?p=51221' aria-hidden='false' data-av_icon='\ue805' data-av_iconfont='entypo-fontello' title='' data-avia-related-tooltip='Compartir por correo'><span class='avia_hidden_link_text'>Compartir por correo<\/span><\/a><\/li><\/ul><\/div><\/div>\n<div  style='height:50px' class='hr hr-invisible   avia-builder-el-8  el_after_av_social_share  el_before_av_comments_list '><span class='hr-inner ' ><span class='hr-inner-style'><\/span><\/span><\/div>\n<div  class='av-buildercomment  av-blog-meta-html-info-disabled av-blog-meta-tag-disabled  '><\/div>\n","protected":false},"excerpt":{"rendered":"","protected":false},"author":1,"featured_media":51222,"comment_status":"open","ping_status":"open","sticky":false,"template":"","format":"standard","meta":{"footnotes":""},"categories":[52],"tags":[],"class_list":["post-51221","post","type-post","status-publish","format-standard","has-post-thumbnail","hentry","category-cultura"],"jetpack_featured_media_url":"https:\/\/radiorevelacionfm.cl\/wp-content\/uploads\/2025\/03\/IMG_6029-2-1-1.jpg","_links":{"self":[{"href":"https:\/\/radiorevelacionfm.cl\/index.php?rest_route=\/wp\/v2\/posts\/51221","targetHints":{"allow":["GET"]}}],"collection":[{"href":"https:\/\/radiorevelacionfm.cl\/index.php?rest_route=\/wp\/v2\/posts"}],"about":[{"href":"https:\/\/radiorevelacionfm.cl\/index.php?rest_route=\/wp\/v2\/types\/post"}],"author":[{"embeddable":true,"href":"https:\/\/radiorevelacionfm.cl\/index.php?rest_route=\/wp\/v2\/users\/1"}],"replies":[{"embeddable":true,"href":"https:\/\/radiorevelacionfm.cl\/index.php?rest_route=%2Fwp%2Fv2%2Fcomments&post=51221"}],"version-history":[{"count":1,"href":"https:\/\/radiorevelacionfm.cl\/index.php?rest_route=\/wp\/v2\/posts\/51221\/revisions"}],"predecessor-version":[{"id":51223,"href":"https:\/\/radiorevelacionfm.cl\/index.php?rest_route=\/wp\/v2\/posts\/51221\/revisions\/51223"}],"wp:featuredmedia":[{"embeddable":true,"href":"https:\/\/radiorevelacionfm.cl\/index.php?rest_route=\/wp\/v2\/media\/51222"}],"wp:attachment":[{"href":"https:\/\/radiorevelacionfm.cl\/index.php?rest_route=%2Fwp%2Fv2%2Fmedia&parent=51221"}],"wp:term":[{"taxonomy":"category","embeddable":true,"href":"https:\/\/radiorevelacionfm.cl\/index.php?rest_route=%2Fwp%2Fv2%2Fcategories&post=51221"},{"taxonomy":"post_tag","embeddable":true,"href":"https:\/\/radiorevelacionfm.cl\/index.php?rest_route=%2Fwp%2Fv2%2Ftags&post=51221"}],"curies":[{"name":"wp","href":"https:\/\/api.w.org\/{rel}","templated":true}]}}