{"id":51218,"date":"2025-03-08T13:38:43","date_gmt":"2025-03-08T16:38:43","guid":{"rendered":"https:\/\/radiorevelacionfm.cl\/?p=51218"},"modified":"2025-03-08T13:38:43","modified_gmt":"2025-03-08T16:38:43","slug":"mop-adjudica-licitacion-para-pavimentar-tramo-confluencia-puente-chacabuco-en-la-ruta-7-sur","status":"publish","type":"post","link":"https:\/\/radiorevelacionfm.cl\/?p=51218","title":{"rendered":"MOP adjudica licitaci\u00f3n para pavimentar tramo Confluencia \u2013 Puente Chacabuco en la Ruta 7 Sur"},"content":{"rendered":"<div class=\"flex_column av_one_full  flex_column_div av-zero-column-padding first  avia-builder-el-0  el_before_av_one_full  avia-builder-el-first  \" style='border-radius:0px; '><div  class='avia-image-container  av-styling-    avia-builder-el-1  avia-builder-el-no-sibling  avia-align-center '  itemprop=\"image\" itemscope=\"itemscope\" itemtype=\"https:\/\/schema.org\/ImageObject\"  ><div class='avia-image-container-inner'><div class='avia-image-overlay-wrap'><img decoding=\"async\" class='wp-image-51219 avia-img-lazy-loading-not-51219 avia_image' src=\"https:\/\/radiorevelacionfm.cl\/wp-content\/uploads\/2025\/03\/IMG-20250307-WA0040-2-1.jpg\" alt='' title='IMG-20250307-WA0040 (2) (1)' height=\"672\" width=\"801\"  itemprop=\"thumbnailUrl\" srcset=\"https:\/\/radiorevelacionfm.cl\/wp-content\/uploads\/2025\/03\/IMG-20250307-WA0040-2-1.jpg 801w, https:\/\/radiorevelacionfm.cl\/wp-content\/uploads\/2025\/03\/IMG-20250307-WA0040-2-1-300x252.jpg 300w, https:\/\/radiorevelacionfm.cl\/wp-content\/uploads\/2025\/03\/IMG-20250307-WA0040-2-1-768x644.jpg 768w, https:\/\/radiorevelacionfm.cl\/wp-content\/uploads\/2025\/03\/IMG-20250307-WA0040-2-1-705x591.jpg 705w, https:\/\/radiorevelacionfm.cl\/wp-content\/uploads\/2025\/03\/IMG-20250307-WA0040-2-1-450x378.jpg 450w, https:\/\/radiorevelacionfm.cl\/wp-content\/uploads\/2025\/03\/IMG-20250307-WA0040-2-1-600x503.jpg 600w\" sizes=\"(max-width: 801px) 100vw, 801px\" \/><\/div><\/div><\/div><\/div><div class=\"flex_column av_one_full  flex_column_div av-zero-column-padding first  avia-builder-el-2  el_after_av_one_full  el_before_av_one_full  column-top-margin\" style='border-radius:0px; '><section class=\"av_textblock_section \"  itemscope=\"itemscope\" itemtype=\"https:\/\/schema.org\/BlogPosting\" itemprop=\"blogPost\" ><div class='avia_textblock  '   itemprop=\"text\" ><p style=\"text-align: center;\"><strong><span style=\"font-size: 18pt;\">MOP adjudica licitaci\u00f3n para pavimentar tramo Confluencia \u2013 Puente Chacabuco en la Ruta 7 Sur<\/span><\/strong><\/p>\n<div id=\"gtx-trans\" style=\"position: absolute; left: -50px; top: 4.31534px;\">\n<div class=\"gtx-trans-icon\"><\/div>\n<\/div>\n<\/div><\/section><\/div><div class=\"flex_column av_one_full  flex_column_div av-zero-column-padding first  avia-builder-el-4  el_after_av_one_full  el_before_av_hr  column-top-margin\" style='border-radius:0px; '><section class=\"av_textblock_section \"  itemscope=\"itemscope\" itemtype=\"https:\/\/schema.org\/BlogPosting\" itemprop=\"blogPost\" ><div class='avia_textblock  '   itemprop=\"text\" ><p style=\"text-align: justify;\"><em>Con la Toma de Raz\u00f3n de Contralor\u00eda General de la Rep\u00fablica de la adjudicaci\u00f3n de la obra, se inicia el contrato de pavimentaci\u00f3n de 17 kil\u00f3metros de esta Ruta, lo que mejorar\u00e1 condiciones de conectividad vial de la comunidad que transita diariamente entre la zona norte y Cochrane y el extremo sur de la regi\u00f3n de Ays\u00e9n para vender su productos y realizar operaciones tur\u00edsticas.<\/em><\/p>\n<p style=\"text-align: justify;\">Un cambio radical en sus vidas vivir\u00e1 la comunidad de la zona sur de la regi\u00f3n de Ays\u00e9n, dijo la Secretaria Regional Ministerial de Obras P\u00fablicas Paloma Jara Vald\u00e9s, esta ma\u00f1ana cuando anunci\u00f3 junto al Delegado Presidencial Regional Jorge D\u00edaz Guzm\u00e1n la Toma de Raz\u00f3n por parte de Contralor\u00eda General de la Rep\u00fablica de la adjudicaci\u00f3n de la pavimentaci\u00f3n del tramo Confluencia-puente Chacabuco, ubicado en la Ruta 7 Sur.<\/p>\n<p style=\"text-align: justify;\">Los trabajos que se desarrollar\u00e1n en un plazo de 960 d\u00edas, entregar\u00e1n empleo durante ese mismo per\u00edodo, se extender\u00e1n por 17 kil\u00f3metros, \u00a0estar\u00e1n a cargo de la empresa constructora Compax y ser\u00e1n fiscalizados por la Direcci\u00f3n Regional de Vialidad del MOP. \u201cEste proyecto nos va a permitir avanzar en 17 kil\u00f3metros de la Ruta 7, Carretera Austral, un compromiso del presidente en el que vamos avanzando\u201d, expres\u00f3 la ministra de Obras P\u00fablicas, Jessica L\u00f3pez.<\/p>\n<p style=\"text-align: justify;\">La Secretaria Regional Ministerial de Obras P\u00fablicas, Paloma Jara Vald\u00e9s, destac\u00f3 que \u201ceste era uno de los compromisos de nuestro gobierno m\u00e1s esperado por las personas, y hoy estamos dando cumplimiento con su adjudicaci\u00f3n. La inversi\u00f3n en esta obra es hist\u00f3rica, son 42 mil 581 millones de pesos, que vienen a transformar por completo la vida de las personas con esta pavimentaci\u00f3n que adem\u00e1s, pondr\u00e1 en relieve la Carretera Austral como ruta esc\u00e9nica, marcando un antes y despu\u00e9s para la provincia Capit\u00e1n Prat y sus habitantes. Con esto vamos a poder mejorar la calidad de vida de todos quienes habitamos la regi\u00f3n de Ays\u00e9n, del sector transporte y de nuestros visitantes, pero por sobre todo de las personas que est\u00e1n en la provincia Capit\u00e1n Prat. Estos 17 kil\u00f3metros han sido muy esperados y la Toma de Raz\u00f3n hoy d\u00eda en la Contralor\u00eda nos permite adjudicar esta obra, pudiendo durante este a\u00f1o dar un mejoramiento definitivo a la ruta a trav\u00e9s de su pavimentaci\u00f3n\u201d.<\/p>\n<p style=\"text-align: justify;\">Desde Santiago, la ministra Jessica L\u00f3pez Saffie, valor\u00f3 el paso dado en la Contralor\u00eda, por cuanto este permitir\u00e1 avanzar en el compromiso presidencial de pavimentar parte de la Carretera Austral.<\/p>\n<p style=\"text-align: justify;\">La noticia fue celebrada por el Delegado Presidencial Regional, Jorge D\u00edaz Guzm\u00e1n, quien asegur\u00f3 que \u00abestamos muy contentos como gobierno, porque efectivamente es una preocupaci\u00f3n constante desde el primer d\u00eda, de avanzar en la pavimentaci\u00f3n de la Ruta 7. Ya con esta Toma de Raz\u00f3n vamos a poder culminar estos 17 kil\u00f3metros en esta fase tan importante\u201d.<\/p>\n<p style=\"text-align: justify;\">Asimismo destac\u00f3 que se trata de una \u201cbuena se\u00f1al para toda la gente que usa la Ruta 7 Sur en un \u00e1rea tan relevante como es el Confluencia, ah\u00ed donde hay mucha atracci\u00f3n tur\u00edstica y lo que significa el trayecto hacia la provincia Capit\u00e1n Prat, la entrada al Parque Patagonia y todo lo que significa la ruta hacia los Campos de Hielo Sur. Estamos muy contentos porque seguimos cumpliendo nuestro compromiso con la ciudadan\u00eda\u201d.<\/p>\n<p style=\"text-align: justify;\">En los pr\u00f3ximos meses a esta obra se sumar\u00e1n otros tramos de pavimentaci\u00f3n de la Ruta 7 que hoy se encuentran en distintas etapas administrativas de licitaci\u00f3n, adjudicaci\u00f3n y ejecuci\u00f3n.<\/p>\n<\/div><\/section><\/div><div  style='height:50px' class='hr hr-invisible   avia-builder-el-6  el_after_av_one_full  el_before_av_social_share '><span class='hr-inner ' ><span class='hr-inner-style'><\/span><\/span><\/div><\/p>\n<div  class='av-social-sharing-box  avia-builder-el-7  el_after_av_hr  el_before_av_hr  '><div class='av-share-box'><h5 class='av-share-link-description av-no-toc '>Compartir esta noticia<\/h5><ul class='av-share-box-list noLightbox'><li class='av-share-link av-social-link-facebook' ><a target=\"_blank\" aria-label=\"Compartir en Facebook\" href='https:\/\/www.facebook.com\/sharer.php?u=https:\/\/radiorevelacionfm.cl\/?p=51218&#038;t=MOP%20adjudica%20licitaci%C3%B3n%20para%20pavimentar%20tramo%20Confluencia%20%E2%80%93%20Puente%20Chacabuco%20en%20la%20Ruta%207%20Sur' aria-hidden='false' data-av_icon='\ue8f3' data-av_iconfont='entypo-fontello' title='' data-avia-related-tooltip='Compartir en Facebook' rel=\"noopener\"><span class='avia_hidden_link_text'>Compartir en Facebook<\/span><\/a><\/li><li class='av-share-link av-social-link-twitter' ><a target=\"_blank\" aria-label=\"Compartir en Twitter\" href='https:\/\/twitter.com\/share?text=MOP%20adjudica%20licitaci%C3%B3n%20para%20pavimentar%20tramo%20Confluencia%20%E2%80%93%20Puente%20Chacabuco%20en%20la%20Ruta%207%20Sur&#038;url=https:\/\/radiorevelacionfm.cl\/?p=51218' aria-hidden='false' data-av_icon='\ue8f1' data-av_iconfont='entypo-fontello' title='' data-avia-related-tooltip='Compartir en Twitter' rel=\"noopener\"><span class='avia_hidden_link_text'>Compartir en Twitter<\/span><\/a><\/li><li class='av-share-link av-social-link-whatsapp' ><a target=\"_blank\" aria-label=\"Compartir en Whatsapp\" href='https:\/\/api.whatsapp.com\/send?text=https:\/\/radiorevelacionfm.cl\/?p=51218' aria-hidden='false' data-av_icon='\uf232' data-av_iconfont='entypo-fontello' title='' data-avia-related-tooltip='Compartir en Whatsapp' rel=\"noopener\"><span class='avia_hidden_link_text'>Compartir en Whatsapp<\/span><\/a><\/li><li class='av-share-link av-social-link-linkedin' ><a target=\"_blank\" aria-label=\"Compartir en LinkedIn\" href='https:\/\/linkedin.com\/shareArticle?mini=true&#038;title=MOP%20adjudica%20licitaci%C3%B3n%20para%20pavimentar%20tramo%20Confluencia%20%E2%80%93%20Puente%20Chacabuco%20en%20la%20Ruta%207%20Sur&#038;url=https:\/\/radiorevelacionfm.cl\/?p=51218' aria-hidden='false' data-av_icon='\ue8fc' data-av_iconfont='entypo-fontello' title='' data-avia-related-tooltip='Compartir en LinkedIn' rel=\"noopener\"><span class='avia_hidden_link_text'>Compartir en LinkedIn<\/span><\/a><\/li><li class='av-share-link av-social-link-mail' ><a  aria-label=\"Compartir por correo\" href='mailto:?subject=MOP%20adjudica%20licitaci%C3%B3n%20para%20pavimentar%20tramo%20Confluencia%20%E2%80%93%20Puente%20Chacabuco%20en%20la%20Ruta%207%20Sur&#038;body=https:\/\/radiorevelacionfm.cl\/?p=51218' aria-hidden='false' data-av_icon='\ue805' data-av_iconfont='entypo-fontello' title='' data-avia-related-tooltip='Compartir por correo'><span class='avia_hidden_link_text'>Compartir por correo<\/span><\/a><\/li><\/ul><\/div><\/div>\n<div  style='height:50px' class='hr hr-invisible   avia-builder-el-8  el_after_av_social_share  el_before_av_comments_list '><span class='hr-inner ' ><span class='hr-inner-style'><\/span><\/span><\/div>\n<div  class='av-buildercomment  av-blog-meta-html-info-disabled av-blog-meta-tag-disabled  '><\/div>\n","protected":false},"excerpt":{"rendered":"","protected":false},"author":1,"featured_media":51219,"comment_status":"open","ping_status":"open","sticky":false,"template":"","format":"standard","meta":{"footnotes":""},"categories":[38],"tags":[],"class_list":["post-51218","post","type-post","status-publish","format-standard","has-post-thumbnail","hentry","category-regional"],"jetpack_featured_media_url":"https:\/\/radiorevelacionfm.cl\/wp-content\/uploads\/2025\/03\/IMG-20250307-WA0040-2-1.jpg","_links":{"self":[{"href":"https:\/\/radiorevelacionfm.cl\/index.php?rest_route=\/wp\/v2\/posts\/51218","targetHints":{"allow":["GET"]}}],"collection":[{"href":"https:\/\/radiorevelacionfm.cl\/index.php?rest_route=\/wp\/v2\/posts"}],"about":[{"href":"https:\/\/radiorevelacionfm.cl\/index.php?rest_route=\/wp\/v2\/types\/post"}],"author":[{"embeddable":true,"href":"https:\/\/radiorevelacionfm.cl\/index.php?rest_route=\/wp\/v2\/users\/1"}],"replies":[{"embeddable":true,"href":"https:\/\/radiorevelacionfm.cl\/index.php?rest_route=%2Fwp%2Fv2%2Fcomments&post=51218"}],"version-history":[{"count":1,"href":"https:\/\/radiorevelacionfm.cl\/index.php?rest_route=\/wp\/v2\/posts\/51218\/revisions"}],"predecessor-version":[{"id":51220,"href":"https:\/\/radiorevelacionfm.cl\/index.php?rest_route=\/wp\/v2\/posts\/51218\/revisions\/51220"}],"wp:featuredmedia":[{"embeddable":true,"href":"https:\/\/radiorevelacionfm.cl\/index.php?rest_route=\/wp\/v2\/media\/51219"}],"wp:attachment":[{"href":"https:\/\/radiorevelacionfm.cl\/index.php?rest_route=%2Fwp%2Fv2%2Fmedia&parent=51218"}],"wp:term":[{"taxonomy":"category","embeddable":true,"href":"https:\/\/radiorevelacionfm.cl\/index.php?rest_route=%2Fwp%2Fv2%2Fcategories&post=51218"},{"taxonomy":"post_tag","embeddable":true,"href":"https:\/\/radiorevelacionfm.cl\/index.php?rest_route=%2Fwp%2Fv2%2Ftags&post=51218"}],"curies":[{"name":"wp","href":"https:\/\/api.w.org\/{rel}","templated":true}]}}