{"id":51215,"date":"2025-03-08T13:03:19","date_gmt":"2025-03-08T16:03:19","guid":{"rendered":"https:\/\/radiorevelacionfm.cl\/?p=51215"},"modified":"2025-03-10T21:18:25","modified_gmt":"2025-03-11T00:18:25","slug":"archi-despide-a-un-maestro-de-las-comunicaciones-oscar-real-hermosilla","status":"publish","type":"post","link":"https:\/\/radiorevelacionfm.cl\/?p=51215","title":{"rendered":"ARCHI despide a un Maestro de las comunicaciones, \u00d3scar Real Hermosilla"},"content":{"rendered":"<div class=\"flex_column av_one_full  flex_column_div av-zero-column-padding first  avia-builder-el-0  el_before_av_one_full  avia-builder-el-first  \" style='border-radius:0px; '><div  class='avia-image-container  av-styling-    avia-builder-el-1  avia-builder-el-no-sibling  avia-align-center '  itemprop=\"image\" itemscope=\"itemscope\" itemtype=\"https:\/\/schema.org\/ImageObject\"  ><div class='avia-image-container-inner'><div class='avia-image-overlay-wrap'><img decoding=\"async\" class='wp-image-51216 avia-img-lazy-loading-not-51216 avia_image' src=\"https:\/\/radiorevelacionfm.cl\/wp-content\/uploads\/2025\/03\/Oscar-Real-Hermosilla-1.jpg\" alt='' title='Oscar Real Hermosilla (1)' height=\"605\" width=\"800\"  itemprop=\"thumbnailUrl\" srcset=\"https:\/\/radiorevelacionfm.cl\/wp-content\/uploads\/2025\/03\/Oscar-Real-Hermosilla-1.jpg 800w, https:\/\/radiorevelacionfm.cl\/wp-content\/uploads\/2025\/03\/Oscar-Real-Hermosilla-1-300x227.jpg 300w, https:\/\/radiorevelacionfm.cl\/wp-content\/uploads\/2025\/03\/Oscar-Real-Hermosilla-1-768x581.jpg 768w, https:\/\/radiorevelacionfm.cl\/wp-content\/uploads\/2025\/03\/Oscar-Real-Hermosilla-1-705x533.jpg 705w, https:\/\/radiorevelacionfm.cl\/wp-content\/uploads\/2025\/03\/Oscar-Real-Hermosilla-1-450x340.jpg 450w, https:\/\/radiorevelacionfm.cl\/wp-content\/uploads\/2025\/03\/Oscar-Real-Hermosilla-1-600x454.jpg 600w\" sizes=\"(max-width: 800px) 100vw, 800px\" \/><\/div><\/div><\/div><\/div>\n<div class=\"flex_column av_one_full  flex_column_div av-zero-column-padding first  avia-builder-el-2  el_after_av_one_full  el_before_av_one_full  column-top-margin\" style='border-radius:0px; '><section class=\"av_textblock_section \"  itemscope=\"itemscope\" itemtype=\"https:\/\/schema.org\/BlogPosting\" itemprop=\"blogPost\" ><div class='avia_textblock  '   itemprop=\"text\" ><p style=\"text-align: center;\"><strong><span style=\"font-size: 18pt;\">ARCHI despide a un Maestro de las comunicaciones, \u00d3scar Real Hermosilla<\/span><\/strong><\/p>\n<div id=\"gtx-trans\" style=\"position: absolute; left: -50px; top: 4.31534px;\">\n<div class=\"gtx-trans-icon\"><\/div>\n<\/div>\n<\/div><\/section><\/div><div class=\"flex_column av_one_full  flex_column_div av-zero-column-padding first  avia-builder-el-4  el_after_av_one_full  el_before_av_hr  column-top-margin\" style='border-radius:0px; '><section class=\"av_textblock_section \"  itemscope=\"itemscope\" itemtype=\"https:\/\/schema.org\/BlogPosting\" itemprop=\"blogPost\" ><div class='avia_textblock  '   itemprop=\"text\" ><p style=\"text-align: justify;\">Con profundo pesar la Asociaci\u00f3n de Radiodifusores de Chile, ARCHI, de la regi\u00f3n de Ays\u00e9n, despide a un grande de las comunicaciones, reconociendo el tremendo legado que deja para la industria radial y por cierto para las nuevas generaciones de radiodifusores, destacando al incansable locutor, sin duda la Radio era su pasi\u00f3n, de la que nunca pudo separarse, su compromiso, su calidez y su calidad humana nos deja un recuerdo imborrable, su voz se apaga, pero su eco y su recuerdo permanecer\u00e1 por siempre en nuestros corazones.<\/p>\n<p style=\"text-align: justify;\">Don Oscar Orlando Real Hermosilla Q.E.P.D, naci\u00f3 en Puerto Ays\u00e9n, el 27 de Abril de 1947. Realiza estudios b\u00e1sicos en la Escuela de Hombres N\u00b0 15 en el Grupo Escolar. Contin\u00faa educaci\u00f3n secundaria en El Liceo de Hombres de Punta Arenas, donde termina sexto de humanidades y rinde Bachillerato. En la Universidad de Chile en Santiago comienza estudios de Derecho para obtener t\u00edtulo de Abogado. No termina, llega a tercer a\u00f1o y se incorpora al mundo del trabajo.<\/p>\n<p style=\"text-align: justify;\">En sus tiempos de estudiante en la ciudad de Punta Arenas, comenz\u00f3 su romance con la radio y se incorpora al programa de Radio Polar \u201cLa Pandilla de mi barrio\u201d que conduc\u00eda el popular locutor, socio y Director de la emisora, \u201cCocho\u201d C\u00e1rcamo. En este conocido espacio dedicado a los ni\u00f1os y j\u00f3venes, integra el grupo de locutores aficionados compartiendo con qui\u00e9n fuera famoso relator deportivo, Vladimiro \u201cPulga\u201d Mimiza. Luego de eso, realiza una serie de turnos en la radio, completando una formaci\u00f3n con figuras de la radiodifusi\u00f3n magall\u00e1nica como Ren\u00e9 Formantel, Daniel Ru\u00edz, \u201cCocho\u201d C\u00e1rcamo entre otros.<\/p>\n<p style=\"text-align: justify;\">Interrumpe esta experiencia radial y viaja a Santiago donde se integra a la Escuela de Derecho de la Universidad de Chile. Luego de dos a\u00f1os en este Campus, se traslada a Valpara\u00edso donde contin\u00faa sus estudios en la Universidad de Chile del puerto. Pero como su pasi\u00f3n por la radio era muy fuerte, decide compartir su tiempo con labores en Radio San Crist\u00f3bal y Porte\u00f1a, M\u00e1s tarde es contratado por Radio Portales, donde destaca con dos programas de animaci\u00f3n: \u201cEl Disc-jockey en Pijamas\u201d muy de ma\u00f1ana y el espacio de tarde-noche \u201cEl Discoronte\u201d. Ante la excelente respuesta del p\u00fablico deja sus estudios de Derecho y se dedica de lleno a la radio. Abandon\u00f3 la carrera de Leyes en tercer a\u00f1o.<\/p>\n<p style=\"text-align: justify;\">Desde Punta Arenas lo llaman para volver a su radio madre. A pesar de tener buena sinton\u00eda y la posibilidad de continuar con s\u00f3lida carrera radial, decide regresar a Punta Arenas. En corto tiempo gana audiencia y popularidad que no solo lo convierten en figura de la radiotelefon\u00eda regional, si no que en una humorada participa en el Carnaval de Invierno, donde es elegido como \u201cRey Feo\u201d. Finalizaba la d\u00e9cada de los sesenta y Oscar decide regresar a Coyhaique. De inmediato es contratado en Radio Patagonia Chilena, perteneciendo hasta 1971 en su staff.<\/p>\n<p style=\"text-align: justify;\">Dos hechos de importancia lo esperan, el ser contratado como el primer locutor del Canal 8 de TVN, que fue inaugurado el 21 de mayo de 1971 con una intervenci\u00f3n del Presidente Allende. El otro hecho tiene que ver con la salida al aire de Radio Ma\u00f1ihuales en 1972 donde es integrante de la sociedad propietaria y Director de la emisora.<\/p>\n<p style=\"text-align: justify;\">El Golpe de Estado de 1973 derrumba sus sue\u00f1os, y es detenido, maltratado y m\u00e1s tarde exiliado. En Argentina trabaja en distintas actividades, y para no olvidar su oficio de toda la vida realiza programas en una radio de Plottier, Provincia de Neuqu\u00e9n.<\/p>\n<p style=\"text-align: justify;\">Finalmente, regresa a la Patria en 2001, ingresando a Radio Ventisqueros, paralelo a esta labor fue Director de Radio Patagonia Chilena en los a\u00f1os postreros de esta emblem\u00e1tica radio.<\/p>\n<p style=\"text-align: justify;\">Pese a sus complicaciones de salud, trabaj\u00f3 hasta sus \u00faltimos d\u00edas en la actividad en Radio Ventisqueros, aportando toda su experiencia, regalando a la audiencia sus historias, su pasi\u00f3n por la radio y su amor por las comunicaciones, donde su eco permanecer\u00e1 por siempre.<\/p>\n<p style=\"text-align: justify;\">Por sus m\u00e9ritos y los m\u00e1s de 60 a\u00f1os de trayectoria en octubre del 2024 fue reconocido por ARCHI, ChileVoces y la SEGEGOB con el Premio a la Trayectoria Radial 2024, destac\u00e1ndolo como figura radial. Su nombre se incorpor\u00f3 a la galer\u00eda de los hombres de radio que hicieron grande a la radiodifusi\u00f3n aisenina.<\/p>\n<p style=\"text-align: justify;\">Querido \u00d3scar descanse en paz y gracias por tanto<\/p>\n<\/div><\/section><\/div><\/p>\n<div  style='height:50px' class='hr hr-invisible   avia-builder-el-6  el_after_av_one_full  el_before_av_social_share '><span class='hr-inner ' ><span class='hr-inner-style'><\/span><\/span><\/div>\n<div  class='av-social-sharing-box  avia-builder-el-7  el_after_av_hr  el_before_av_hr  '><div class='av-share-box'><h5 class='av-share-link-description av-no-toc '>Compartir esta noticia<\/h5><ul class='av-share-box-list noLightbox'><li class='av-share-link av-social-link-facebook' ><a target=\"_blank\" aria-label=\"Compartir en Facebook\" href='https:\/\/www.facebook.com\/sharer.php?u=https:\/\/radiorevelacionfm.cl\/?p=51215&#038;t=ARCHI%20despide%20a%20un%20Maestro%20de%20las%20comunicaciones%2C%20%C3%93scar%20Real%20Hermosilla' aria-hidden='false' data-av_icon='\ue8f3' data-av_iconfont='entypo-fontello' title='' data-avia-related-tooltip='Compartir en Facebook' rel=\"noopener\"><span class='avia_hidden_link_text'>Compartir en Facebook<\/span><\/a><\/li><li class='av-share-link av-social-link-twitter' ><a target=\"_blank\" aria-label=\"Compartir en Twitter\" href='https:\/\/twitter.com\/share?text=ARCHI%20despide%20a%20un%20Maestro%20de%20las%20comunicaciones%2C%20%C3%93scar%20Real%20Hermosilla&#038;url=https:\/\/radiorevelacionfm.cl\/?p=51215' aria-hidden='false' data-av_icon='\ue8f1' data-av_iconfont='entypo-fontello' title='' data-avia-related-tooltip='Compartir en Twitter' rel=\"noopener\"><span class='avia_hidden_link_text'>Compartir en Twitter<\/span><\/a><\/li><li class='av-share-link av-social-link-whatsapp' ><a target=\"_blank\" aria-label=\"Compartir en Whatsapp\" href='https:\/\/api.whatsapp.com\/send?text=https:\/\/radiorevelacionfm.cl\/?p=51215' aria-hidden='false' data-av_icon='\uf232' data-av_iconfont='entypo-fontello' title='' data-avia-related-tooltip='Compartir en Whatsapp' rel=\"noopener\"><span class='avia_hidden_link_text'>Compartir en Whatsapp<\/span><\/a><\/li><li class='av-share-link av-social-link-linkedin' ><a target=\"_blank\" aria-label=\"Compartir en LinkedIn\" href='https:\/\/linkedin.com\/shareArticle?mini=true&#038;title=ARCHI%20despide%20a%20un%20Maestro%20de%20las%20comunicaciones%2C%20%C3%93scar%20Real%20Hermosilla&#038;url=https:\/\/radiorevelacionfm.cl\/?p=51215' aria-hidden='false' data-av_icon='\ue8fc' data-av_iconfont='entypo-fontello' title='' data-avia-related-tooltip='Compartir en LinkedIn' rel=\"noopener\"><span class='avia_hidden_link_text'>Compartir en LinkedIn<\/span><\/a><\/li><li class='av-share-link av-social-link-mail' ><a  aria-label=\"Compartir por correo\" href='mailto:?subject=ARCHI%20despide%20a%20un%20Maestro%20de%20las%20comunicaciones%2C%20%C3%93scar%20Real%20Hermosilla&#038;body=https:\/\/radiorevelacionfm.cl\/?p=51215' aria-hidden='false' data-av_icon='\ue805' data-av_iconfont='entypo-fontello' title='' data-avia-related-tooltip='Compartir por correo'><span class='avia_hidden_link_text'>Compartir por correo<\/span><\/a><\/li><\/ul><\/div><\/div>\n<div  style='height:50px' class='hr hr-invisible   avia-builder-el-8  el_after_av_social_share  el_before_av_comments_list '><span class='hr-inner ' ><span class='hr-inner-style'><\/span><\/span><\/div>\n<div  class='av-buildercomment  av-blog-meta-html-info-disabled av-blog-meta-tag-disabled  '><\/div>\n","protected":false},"excerpt":{"rendered":"","protected":false},"author":1,"featured_media":51216,"comment_status":"open","ping_status":"open","sticky":false,"template":"","format":"standard","meta":{"footnotes":""},"categories":[38],"tags":[],"class_list":["post-51215","post","type-post","status-publish","format-standard","has-post-thumbnail","hentry","category-regional"],"jetpack_featured_media_url":"https:\/\/radiorevelacionfm.cl\/wp-content\/uploads\/2025\/03\/Oscar-Real-Hermosilla-1.jpg","_links":{"self":[{"href":"https:\/\/radiorevelacionfm.cl\/index.php?rest_route=\/wp\/v2\/posts\/51215","targetHints":{"allow":["GET"]}}],"collection":[{"href":"https:\/\/radiorevelacionfm.cl\/index.php?rest_route=\/wp\/v2\/posts"}],"about":[{"href":"https:\/\/radiorevelacionfm.cl\/index.php?rest_route=\/wp\/v2\/types\/post"}],"author":[{"embeddable":true,"href":"https:\/\/radiorevelacionfm.cl\/index.php?rest_route=\/wp\/v2\/users\/1"}],"replies":[{"embeddable":true,"href":"https:\/\/radiorevelacionfm.cl\/index.php?rest_route=%2Fwp%2Fv2%2Fcomments&post=51215"}],"version-history":[{"count":2,"href":"https:\/\/radiorevelacionfm.cl\/index.php?rest_route=\/wp\/v2\/posts\/51215\/revisions"}],"predecessor-version":[{"id":51298,"href":"https:\/\/radiorevelacionfm.cl\/index.php?rest_route=\/wp\/v2\/posts\/51215\/revisions\/51298"}],"wp:featuredmedia":[{"embeddable":true,"href":"https:\/\/radiorevelacionfm.cl\/index.php?rest_route=\/wp\/v2\/media\/51216"}],"wp:attachment":[{"href":"https:\/\/radiorevelacionfm.cl\/index.php?rest_route=%2Fwp%2Fv2%2Fmedia&parent=51215"}],"wp:term":[{"taxonomy":"category","embeddable":true,"href":"https:\/\/radiorevelacionfm.cl\/index.php?rest_route=%2Fwp%2Fv2%2Fcategories&post=51215"},{"taxonomy":"post_tag","embeddable":true,"href":"https:\/\/radiorevelacionfm.cl\/index.php?rest_route=%2Fwp%2Fv2%2Ftags&post=51215"}],"curies":[{"name":"wp","href":"https:\/\/api.w.org\/{rel}","templated":true}]}}