{"id":51212,"date":"2025-03-07T21:55:37","date_gmt":"2025-03-08T00:55:37","guid":{"rendered":"https:\/\/radiorevelacionfm.cl\/?p=51212"},"modified":"2025-03-07T21:55:37","modified_gmt":"2025-03-08T00:55:37","slug":"coyhaique-carabineros-refuerza-seguridad-en-expo-patagonia-2025-con-servicios-preventivos-24-7","status":"publish","type":"post","link":"https:\/\/radiorevelacionfm.cl\/?p=51212","title":{"rendered":"Coyhaique: Carabineros refuerza seguridad en Expo Patagonia 2025 con servicios preventivos 24\/7"},"content":{"rendered":"<div class=\"flex_column av_one_full  flex_column_div av-zero-column-padding first  avia-builder-el-0  el_before_av_one_full  avia-builder-el-first  \" style='border-radius:0px; '><div  class='avia-image-container  av-styling-    avia-builder-el-1  avia-builder-el-no-sibling  avia-align-center '  itemprop=\"image\" itemscope=\"itemscope\" itemtype=\"https:\/\/schema.org\/ImageObject\"  ><div class='avia-image-container-inner'><div class='avia-image-overlay-wrap'><img decoding=\"async\" class='wp-image-51213 avia-img-lazy-loading-not-51213 avia_image' src=\"https:\/\/radiorevelacionfm.cl\/wp-content\/uploads\/2025\/03\/69873246-5177-46ae-9b48-543a852903bb-1_optimized.jpg\" alt='' title='69873246-5177-46ae-9b48-543a852903bb-(1)_optimized' height=\"600\" width=\"800\"  itemprop=\"thumbnailUrl\" srcset=\"https:\/\/radiorevelacionfm.cl\/wp-content\/uploads\/2025\/03\/69873246-5177-46ae-9b48-543a852903bb-1_optimized.jpg 800w, https:\/\/radiorevelacionfm.cl\/wp-content\/uploads\/2025\/03\/69873246-5177-46ae-9b48-543a852903bb-1_optimized-300x225.jpg 300w, https:\/\/radiorevelacionfm.cl\/wp-content\/uploads\/2025\/03\/69873246-5177-46ae-9b48-543a852903bb-1_optimized-768x576.jpg 768w, https:\/\/radiorevelacionfm.cl\/wp-content\/uploads\/2025\/03\/69873246-5177-46ae-9b48-543a852903bb-1_optimized-705x529.jpg 705w, https:\/\/radiorevelacionfm.cl\/wp-content\/uploads\/2025\/03\/69873246-5177-46ae-9b48-543a852903bb-1_optimized-450x338.jpg 450w, https:\/\/radiorevelacionfm.cl\/wp-content\/uploads\/2025\/03\/69873246-5177-46ae-9b48-543a852903bb-1_optimized-600x450.jpg 600w\" sizes=\"(max-width: 800px) 100vw, 800px\" \/><\/div><\/div><\/div><\/div><div class=\"flex_column av_one_full  flex_column_div av-zero-column-padding first  avia-builder-el-2  el_after_av_one_full  el_before_av_one_full  column-top-margin\" style='border-radius:0px; '><section class=\"av_textblock_section \"  itemscope=\"itemscope\" itemtype=\"https:\/\/schema.org\/BlogPosting\" itemprop=\"blogPost\" ><div class='avia_textblock  '   itemprop=\"text\" ><p style=\"text-align: center;\"><strong><span style=\"font-size: 18pt;\">Coyhaique: Carabineros refuerza seguridad en Expo Patagonia 2025 con servicios preventivos 24\/7<\/span><\/strong><\/p>\n<div id=\"gtx-trans\" style=\"position: absolute; left: -50px; top: 4.31534px;\">\n<div class=\"gtx-trans-icon\"><\/div>\n<\/div>\n<\/div><\/section><\/div><div class=\"flex_column av_one_full  flex_column_div av-zero-column-padding first  avia-builder-el-4  el_after_av_one_full  el_before_av_hr  column-top-margin\" style='border-radius:0px; '><section class=\"av_textblock_section \"  itemscope=\"itemscope\" itemtype=\"https:\/\/schema.org\/BlogPosting\" itemprop=\"blogPost\" ><div class='avia_textblock  '   itemprop=\"text\" ><p dir=\"ltr\" style=\"text-align: justify;\">Carabineros de Coyhaique despleg\u00f3 un amplio operativo de seguridad en el Parque Urbano, sede de la Expo Patagonia 2025, que se llevar\u00e1 a cabo del 7 al 9 de marzo. Con el apoyo de unidades especializadas, la Instituci\u00f3n implementar\u00e1 servicios preventivos, de control y fiscalizaci\u00f3n las 24 horas del d\u00eda para garantizar el resguardo de los asistentes a este evento, que incluye m\u00fasica en vivo, humor, una feria de emprendedores y espacios gastron\u00f3micos.<\/p>\n<p dir=\"ltr\" style=\"text-align: justify;\">El General Eduardo Palma Fuentes, Jefe de Zona de Carabineros Ays\u00e9n, explic\u00f3 que el operativo responde a una planificaci\u00f3n detallada para brindar tranquilidad durante la actividad. \u00abEstaremos presentes 24\/7. Hay un gran esfuerzo detr\u00e1s para que las familias puedan disfrutar del fin de semana con seguridad\u00bb, destac\u00f3.<\/p>\n<p dir=\"ltr\" style=\"text-align: justify;\">Por su parte el Comisario de Coyhaique, Mayor Sebasti\u00e1n Casanueva, precis\u00f3 que se dispondr\u00e1n servicios de tr\u00e1nsito para facilitar el desplazamiento al recinto. \u00abGarantizaremos la seguridad tanto de los asistentes como de los organizadores. Este es un esfuerzo integral que involucra a todas las especialidades de Carabineros en la regi\u00f3n\u00bb, afirm\u00f3.<\/p>\n<p dir=\"ltr\" style=\"text-align: justify;\">Entre las medidas preventivas, la Oficina del Modelo de Integraci\u00f3n Carabineros Comunitaria (MICC) distribuir\u00e1 pulseras de identificaci\u00f3n para prevenir el extrav\u00edo de menores en el evento. Asimismo, la Secci\u00f3n O.S.7 Ays\u00e9n, con apoyo del can detector de drogas \u00abGazu\u00bb, realizar\u00e1 controles en los accesos para impedir el ingreso de sustancias il\u00edcitas, reforzando la protecci\u00f3n de los visitantes.<\/p>\n<p dir=\"ltr\" style=\"text-align: justify;\">La Expo Patagonia 2025 promete ser un espacio de entretenimiento y cultura, respaldado por un s\u00f3lido dispositivo de seguridad que busca ofrecer una experiencia tranquila y familiar en la capital de Ays\u00e9n.<\/p>\n<\/div><\/section><\/div><div  style='height:50px' class='hr hr-invisible   avia-builder-el-6  el_after_av_one_full  el_before_av_social_share '><span class='hr-inner ' ><span class='hr-inner-style'><\/span><\/span><\/div><\/p>\n<div  class='av-social-sharing-box  avia-builder-el-7  el_after_av_hr  el_before_av_hr  '><div class='av-share-box'><h5 class='av-share-link-description av-no-toc '>Compartir esta noticia<\/h5><ul class='av-share-box-list noLightbox'><li class='av-share-link av-social-link-facebook' ><a target=\"_blank\" aria-label=\"Compartir en Facebook\" href='https:\/\/www.facebook.com\/sharer.php?u=https:\/\/radiorevelacionfm.cl\/?p=51212&#038;t=Coyhaique%3A%20Carabineros%20refuerza%20seguridad%20en%20Expo%20Patagonia%202025%20con%20servicios%20preventivos%2024%2F7' aria-hidden='false' data-av_icon='\ue8f3' data-av_iconfont='entypo-fontello' title='' data-avia-related-tooltip='Compartir en Facebook' rel=\"noopener\"><span class='avia_hidden_link_text'>Compartir en Facebook<\/span><\/a><\/li><li class='av-share-link av-social-link-twitter' ><a target=\"_blank\" aria-label=\"Compartir en Twitter\" href='https:\/\/twitter.com\/share?text=Coyhaique%3A%20Carabineros%20refuerza%20seguridad%20en%20Expo%20Patagonia%202025%20con%20servicios%20preventivos%2024%2F7&#038;url=https:\/\/radiorevelacionfm.cl\/?p=51212' aria-hidden='false' data-av_icon='\ue8f1' data-av_iconfont='entypo-fontello' title='' data-avia-related-tooltip='Compartir en Twitter' rel=\"noopener\"><span class='avia_hidden_link_text'>Compartir en Twitter<\/span><\/a><\/li><li class='av-share-link av-social-link-whatsapp' ><a target=\"_blank\" aria-label=\"Compartir en Whatsapp\" href='https:\/\/api.whatsapp.com\/send?text=https:\/\/radiorevelacionfm.cl\/?p=51212' aria-hidden='false' data-av_icon='\uf232' data-av_iconfont='entypo-fontello' title='' data-avia-related-tooltip='Compartir en Whatsapp' rel=\"noopener\"><span class='avia_hidden_link_text'>Compartir en Whatsapp<\/span><\/a><\/li><li class='av-share-link av-social-link-linkedin' ><a target=\"_blank\" aria-label=\"Compartir en LinkedIn\" href='https:\/\/linkedin.com\/shareArticle?mini=true&#038;title=Coyhaique%3A%20Carabineros%20refuerza%20seguridad%20en%20Expo%20Patagonia%202025%20con%20servicios%20preventivos%2024%2F7&#038;url=https:\/\/radiorevelacionfm.cl\/?p=51212' aria-hidden='false' data-av_icon='\ue8fc' data-av_iconfont='entypo-fontello' title='' data-avia-related-tooltip='Compartir en LinkedIn' rel=\"noopener\"><span class='avia_hidden_link_text'>Compartir en LinkedIn<\/span><\/a><\/li><li class='av-share-link av-social-link-mail' ><a  aria-label=\"Compartir por correo\" href='mailto:?subject=Coyhaique%3A%20Carabineros%20refuerza%20seguridad%20en%20Expo%20Patagonia%202025%20con%20servicios%20preventivos%2024%2F7&#038;body=https:\/\/radiorevelacionfm.cl\/?p=51212' aria-hidden='false' data-av_icon='\ue805' data-av_iconfont='entypo-fontello' title='' data-avia-related-tooltip='Compartir por correo'><span class='avia_hidden_link_text'>Compartir por correo<\/span><\/a><\/li><\/ul><\/div><\/div>\n<div  style='height:50px' class='hr hr-invisible   avia-builder-el-8  el_after_av_social_share  el_before_av_comments_list '><span class='hr-inner ' ><span class='hr-inner-style'><\/span><\/span><\/div>\n<div  class='av-buildercomment  av-blog-meta-html-info-disabled av-blog-meta-tag-disabled  '><\/div>\n","protected":false},"excerpt":{"rendered":"","protected":false},"author":1,"featured_media":51213,"comment_status":"open","ping_status":"open","sticky":false,"template":"","format":"standard","meta":{"footnotes":""},"categories":[36],"tags":[],"class_list":["post-51212","post","type-post","status-publish","format-standard","has-post-thumbnail","hentry","category-policial"],"jetpack_featured_media_url":"https:\/\/radiorevelacionfm.cl\/wp-content\/uploads\/2025\/03\/69873246-5177-46ae-9b48-543a852903bb-1_optimized.jpg","_links":{"self":[{"href":"https:\/\/radiorevelacionfm.cl\/index.php?rest_route=\/wp\/v2\/posts\/51212","targetHints":{"allow":["GET"]}}],"collection":[{"href":"https:\/\/radiorevelacionfm.cl\/index.php?rest_route=\/wp\/v2\/posts"}],"about":[{"href":"https:\/\/radiorevelacionfm.cl\/index.php?rest_route=\/wp\/v2\/types\/post"}],"author":[{"embeddable":true,"href":"https:\/\/radiorevelacionfm.cl\/index.php?rest_route=\/wp\/v2\/users\/1"}],"replies":[{"embeddable":true,"href":"https:\/\/radiorevelacionfm.cl\/index.php?rest_route=%2Fwp%2Fv2%2Fcomments&post=51212"}],"version-history":[{"count":1,"href":"https:\/\/radiorevelacionfm.cl\/index.php?rest_route=\/wp\/v2\/posts\/51212\/revisions"}],"predecessor-version":[{"id":51214,"href":"https:\/\/radiorevelacionfm.cl\/index.php?rest_route=\/wp\/v2\/posts\/51212\/revisions\/51214"}],"wp:featuredmedia":[{"embeddable":true,"href":"https:\/\/radiorevelacionfm.cl\/index.php?rest_route=\/wp\/v2\/media\/51213"}],"wp:attachment":[{"href":"https:\/\/radiorevelacionfm.cl\/index.php?rest_route=%2Fwp%2Fv2%2Fmedia&parent=51212"}],"wp:term":[{"taxonomy":"category","embeddable":true,"href":"https:\/\/radiorevelacionfm.cl\/index.php?rest_route=%2Fwp%2Fv2%2Fcategories&post=51212"},{"taxonomy":"post_tag","embeddable":true,"href":"https:\/\/radiorevelacionfm.cl\/index.php?rest_route=%2Fwp%2Fv2%2Ftags&post=51212"}],"curies":[{"name":"wp","href":"https:\/\/api.w.org\/{rel}","templated":true}]}}