{"id":51203,"date":"2025-03-07T15:20:53","date_gmt":"2025-03-07T18:20:53","guid":{"rendered":"https:\/\/radiorevelacionfm.cl\/?p=51203"},"modified":"2025-03-07T15:20:53","modified_gmt":"2025-03-07T18:20:53","slug":"estudiantes-visitan-parque-nacional-queulat-para-conocer-su-biodiversidad-y-conservacion","status":"publish","type":"post","link":"https:\/\/radiorevelacionfm.cl\/?p=51203","title":{"rendered":"Estudiantes visitan Parque Nacional Queulat para conocer su biodiversidad y conservaci\u00f3n"},"content":{"rendered":"<div class=\"flex_column av_one_full  flex_column_div av-zero-column-padding first  avia-builder-el-0  el_before_av_one_full  avia-builder-el-first  \" style='border-radius:0px; '><div  class='avia-image-container  av-styling-    avia-builder-el-1  avia-builder-el-no-sibling  avia-align-center '  itemprop=\"image\" itemscope=\"itemscope\" itemtype=\"https:\/\/schema.org\/ImageObject\"  ><div class='avia-image-container-inner'><div class='avia-image-overlay-wrap'><img decoding=\"async\" class='wp-image-51204 avia-img-lazy-loading-not-51204 avia_image' src=\"https:\/\/radiorevelacionfm.cl\/wp-content\/uploads\/2025\/03\/secom-conaf-35-1_optimized-1.jpg\" alt='' title='secom-conaf-(35)-(1)_optimized (1)' height=\"600\" width=\"1067\"  itemprop=\"thumbnailUrl\" srcset=\"https:\/\/radiorevelacionfm.cl\/wp-content\/uploads\/2025\/03\/secom-conaf-35-1_optimized-1.jpg 1067w, https:\/\/radiorevelacionfm.cl\/wp-content\/uploads\/2025\/03\/secom-conaf-35-1_optimized-1-300x169.jpg 300w, https:\/\/radiorevelacionfm.cl\/wp-content\/uploads\/2025\/03\/secom-conaf-35-1_optimized-1-1030x579.jpg 1030w, https:\/\/radiorevelacionfm.cl\/wp-content\/uploads\/2025\/03\/secom-conaf-35-1_optimized-1-768x432.jpg 768w, https:\/\/radiorevelacionfm.cl\/wp-content\/uploads\/2025\/03\/secom-conaf-35-1_optimized-1-705x396.jpg 705w, https:\/\/radiorevelacionfm.cl\/wp-content\/uploads\/2025\/03\/secom-conaf-35-1_optimized-1-450x253.jpg 450w, https:\/\/radiorevelacionfm.cl\/wp-content\/uploads\/2025\/03\/secom-conaf-35-1_optimized-1-600x337.jpg 600w\" sizes=\"(max-width: 1067px) 100vw, 1067px\" \/><\/div><\/div><\/div><\/div><div class=\"flex_column av_one_full  flex_column_div av-zero-column-padding first  avia-builder-el-2  el_after_av_one_full  el_before_av_one_full  column-top-margin\" style='border-radius:0px; '><section class=\"av_textblock_section \"  itemscope=\"itemscope\" itemtype=\"https:\/\/schema.org\/BlogPosting\" itemprop=\"blogPost\" ><div class='avia_textblock  '   itemprop=\"text\" ><p style=\"text-align: center;\"><span style=\"font-size: 18pt;\"><b><span lang=\"ES-MX\">Estudiantes visitan Parque Nacional Queulat para conocer su biodiversidad y conservaci\u00f3n<\/span><\/b><\/span><\/p>\n<div id=\"gtx-trans\" style=\"position: absolute; left: -50px; top: 4.31534px;\">\n<div class=\"gtx-trans-icon\"><\/div>\n<\/div>\n<\/div><\/section><\/div><div class=\"flex_column av_one_full  flex_column_div av-zero-column-padding first  avia-builder-el-4  el_after_av_one_full  el_before_av_hr  column-top-margin\" style='border-radius:0px; '><section class=\"av_textblock_section \"  itemscope=\"itemscope\" itemtype=\"https:\/\/schema.org\/BlogPosting\" itemprop=\"blogPost\" ><div class='avia_textblock  '   itemprop=\"text\" ><p style=\"text-align: justify;\"><em>Alumnos de la Universidad de Oreg\u00f3n (EE.UU.), Universidad de Chile y Universidad de Ays\u00e9n participaron de esta jornada educativa en el \u00c1rea Protegida de la regi\u00f3n de Ays\u00e9n.<\/em><\/p>\n<p style=\"text-align: justify;\">Recorriendo senderos y empap\u00e1ndose de la naturaleza del Parque Nacional Queulat, cerca de 30 estudiantes de la Universidad de Oreg\u00f3n (EE.UU.), la Universidad de Chile y la Universidad de Ays\u00e9n participaron en una visita centrada en la importancia de la conservaci\u00f3n de la Patagonia.<\/p>\n<p style=\"text-align: justify;\">Acompa\u00f1ados por guardaparques y trabajadores de CONAF, las y los alumnos participaron en una jornada de aprendizaje sobre ecolog\u00eda forestal, hidrolog\u00eda y los principales desaf\u00edos que enfrentan las \u00c1reas Protegidas en la regi\u00f3n de Ays\u00e9n. Adem\u00e1s, conocieron el rol del parque en la conservaci\u00f3n y protecci\u00f3n del patrimonio natural y cultural del pa\u00eds.<\/p>\n<p style=\"text-align: justify;\">Los estudiantes fueron guiados desde el ingreso del parque hasta el sector de administraci\u00f3n Ventisquero Colgante, luego se trasladaron hasta el sendero Laguna T\u00e9mpanos, recorriendo aproximadamente 4 kil\u00f3metros de ida y vuelta. Durante la caminata se observaron especies ep\u00edfitas, helechos y renovales del bosque siempreverde, como coig\u00fces, tineos y tiacas, entre otros. Finalmente, en el sector del macizo glaciar recibieron explicaciones sobre el glaciar Ventisquero Colgante, las formaciones de morrenas glaciares en la zona y la din\u00e1mica de los r\u00edos.<\/p>\n<p style=\"text-align: justify;\">El equipo docente a cargo de la visita estuvo compuesto por el profesor coordinador Carlos Gonz\u00e1lez, de la Escuela de Ingenier\u00eda Forestal de la Universidad de Oreg\u00f3n; el postdoctorante Claudio Guevara, de la misma casa de estudio; el director de la Escuela de Ingenier\u00eda Forestal de la Universidad de Chile, Andr\u00e9s Plaza; y Daniel Soto, profesor invitado de la Pontificia Universidad Cat\u00f3lica de Chile.<\/p>\n<p style=\"text-align: justify;\">Las escuelas est\u00e1n impulsando un proyecto de acercamiento a la ecolog\u00eda con el objetivo de desarrollar un programa de intercambio entre universidades de Chile y de Estados Unidos. Se busca incluir diversas disciplinas, desde las ciencias forestales hasta la filosof\u00eda, con el fin de ampliar la visi\u00f3n de conservaci\u00f3n y fomentar el manejo productivo promoviendo la protecci\u00f3n y resguardo de los recursos naturales.<\/p>\n<p style=\"text-align: justify;\">La actividad permiti\u00f3 a los estudiantes conocer en terreno la biodiversidad del Parque Nacional Queulat, comprender los desaf\u00edos de conservaci\u00f3n y la importancia de la educaci\u00f3n ambiental para la protecci\u00f3n de los ecosistemas.<\/p>\n<\/div><\/section><\/div><div  style='height:50px' class='hr hr-invisible   avia-builder-el-6  el_after_av_one_full  el_before_av_social_share '><span class='hr-inner ' ><span class='hr-inner-style'><\/span><\/span><\/div><\/p>\n<div  class='av-social-sharing-box  avia-builder-el-7  el_after_av_hr  el_before_av_hr  '><div class='av-share-box'><h5 class='av-share-link-description av-no-toc '>Compartir esta noticia<\/h5><ul class='av-share-box-list noLightbox'><li class='av-share-link av-social-link-facebook' ><a target=\"_blank\" aria-label=\"Compartir en Facebook\" href='https:\/\/www.facebook.com\/sharer.php?u=https:\/\/radiorevelacionfm.cl\/?p=51203&#038;t=Estudiantes%20visitan%20Parque%20Nacional%20Queulat%20para%20conocer%20su%20biodiversidad%20y%20conservaci%C3%B3n' aria-hidden='false' data-av_icon='\ue8f3' data-av_iconfont='entypo-fontello' title='' data-avia-related-tooltip='Compartir en Facebook' rel=\"noopener\"><span class='avia_hidden_link_text'>Compartir en Facebook<\/span><\/a><\/li><li class='av-share-link av-social-link-twitter' ><a target=\"_blank\" aria-label=\"Compartir en Twitter\" href='https:\/\/twitter.com\/share?text=Estudiantes%20visitan%20Parque%20Nacional%20Queulat%20para%20conocer%20su%20biodiversidad%20y%20conservaci%C3%B3n&#038;url=https:\/\/radiorevelacionfm.cl\/?p=51203' aria-hidden='false' data-av_icon='\ue8f1' data-av_iconfont='entypo-fontello' title='' data-avia-related-tooltip='Compartir en Twitter' rel=\"noopener\"><span class='avia_hidden_link_text'>Compartir en Twitter<\/span><\/a><\/li><li class='av-share-link av-social-link-whatsapp' ><a target=\"_blank\" aria-label=\"Compartir en Whatsapp\" href='https:\/\/api.whatsapp.com\/send?text=https:\/\/radiorevelacionfm.cl\/?p=51203' aria-hidden='false' data-av_icon='\uf232' data-av_iconfont='entypo-fontello' title='' data-avia-related-tooltip='Compartir en Whatsapp' rel=\"noopener\"><span class='avia_hidden_link_text'>Compartir en Whatsapp<\/span><\/a><\/li><li class='av-share-link av-social-link-linkedin' ><a target=\"_blank\" aria-label=\"Compartir en LinkedIn\" href='https:\/\/linkedin.com\/shareArticle?mini=true&#038;title=Estudiantes%20visitan%20Parque%20Nacional%20Queulat%20para%20conocer%20su%20biodiversidad%20y%20conservaci%C3%B3n&#038;url=https:\/\/radiorevelacionfm.cl\/?p=51203' aria-hidden='false' data-av_icon='\ue8fc' data-av_iconfont='entypo-fontello' title='' data-avia-related-tooltip='Compartir en LinkedIn' rel=\"noopener\"><span class='avia_hidden_link_text'>Compartir en LinkedIn<\/span><\/a><\/li><li class='av-share-link av-social-link-mail' ><a  aria-label=\"Compartir por correo\" href='mailto:?subject=Estudiantes%20visitan%20Parque%20Nacional%20Queulat%20para%20conocer%20su%20biodiversidad%20y%20conservaci%C3%B3n&#038;body=https:\/\/radiorevelacionfm.cl\/?p=51203' aria-hidden='false' data-av_icon='\ue805' data-av_iconfont='entypo-fontello' title='' data-avia-related-tooltip='Compartir por correo'><span class='avia_hidden_link_text'>Compartir por correo<\/span><\/a><\/li><\/ul><\/div><\/div>\n<div  style='height:50px' class='hr hr-invisible   avia-builder-el-8  el_after_av_social_share  el_before_av_comments_list '><span class='hr-inner ' ><span class='hr-inner-style'><\/span><\/span><\/div>\n<div  class='av-buildercomment  av-blog-meta-html-info-disabled av-blog-meta-tag-disabled  '><\/div>\n","protected":false},"excerpt":{"rendered":"","protected":false},"author":1,"featured_media":51204,"comment_status":"open","ping_status":"open","sticky":false,"template":"","format":"standard","meta":{"footnotes":""},"categories":[38],"tags":[],"class_list":["post-51203","post","type-post","status-publish","format-standard","has-post-thumbnail","hentry","category-regional"],"jetpack_featured_media_url":"https:\/\/radiorevelacionfm.cl\/wp-content\/uploads\/2025\/03\/secom-conaf-35-1_optimized-1.jpg","_links":{"self":[{"href":"https:\/\/radiorevelacionfm.cl\/index.php?rest_route=\/wp\/v2\/posts\/51203","targetHints":{"allow":["GET"]}}],"collection":[{"href":"https:\/\/radiorevelacionfm.cl\/index.php?rest_route=\/wp\/v2\/posts"}],"about":[{"href":"https:\/\/radiorevelacionfm.cl\/index.php?rest_route=\/wp\/v2\/types\/post"}],"author":[{"embeddable":true,"href":"https:\/\/radiorevelacionfm.cl\/index.php?rest_route=\/wp\/v2\/users\/1"}],"replies":[{"embeddable":true,"href":"https:\/\/radiorevelacionfm.cl\/index.php?rest_route=%2Fwp%2Fv2%2Fcomments&post=51203"}],"version-history":[{"count":1,"href":"https:\/\/radiorevelacionfm.cl\/index.php?rest_route=\/wp\/v2\/posts\/51203\/revisions"}],"predecessor-version":[{"id":51205,"href":"https:\/\/radiorevelacionfm.cl\/index.php?rest_route=\/wp\/v2\/posts\/51203\/revisions\/51205"}],"wp:featuredmedia":[{"embeddable":true,"href":"https:\/\/radiorevelacionfm.cl\/index.php?rest_route=\/wp\/v2\/media\/51204"}],"wp:attachment":[{"href":"https:\/\/radiorevelacionfm.cl\/index.php?rest_route=%2Fwp%2Fv2%2Fmedia&parent=51203"}],"wp:term":[{"taxonomy":"category","embeddable":true,"href":"https:\/\/radiorevelacionfm.cl\/index.php?rest_route=%2Fwp%2Fv2%2Fcategories&post=51203"},{"taxonomy":"post_tag","embeddable":true,"href":"https:\/\/radiorevelacionfm.cl\/index.php?rest_route=%2Fwp%2Fv2%2Ftags&post=51203"}],"curies":[{"name":"wp","href":"https:\/\/api.w.org\/{rel}","templated":true}]}}