{"id":51194,"date":"2025-03-07T16:33:51","date_gmt":"2025-03-07T19:33:51","guid":{"rendered":"https:\/\/radiorevelacionfm.cl\/?p=51194"},"modified":"2025-03-07T16:33:51","modified_gmt":"2025-03-07T19:33:51","slug":"gobernador-y-su-consejo-ofician-a-contralora-nacional-y-solicitan-celeridad-en-toma-de-razon-de-proyectos-de-pavimentacion-en-carretera-austral","status":"publish","type":"post","link":"https:\/\/radiorevelacionfm.cl\/?p=51194","title":{"rendered":"Gobernador y su Consejo, ofician a contralora nacional y solicitan celeridad en Toma de Raz\u00f3n de proyectos de pavimentaci\u00f3n en Carretera Austral"},"content":{"rendered":"<div class=\"flex_column av_one_full  flex_column_div av-zero-column-padding first  avia-builder-el-0  el_before_av_one_full  avia-builder-el-first  \" style='border-radius:0px; '><div  class='avia-image-container  av-styling-    avia-builder-el-1  avia-builder-el-no-sibling  avia-align-center '  itemprop=\"image\" itemscope=\"itemscope\" itemtype=\"https:\/\/schema.org\/ImageObject\"  ><div class='avia-image-container-inner'><div class='avia-image-overlay-wrap'><img decoding=\"async\" class='wp-image-51195 avia-img-lazy-loading-not-51195 avia_image' src=\"https:\/\/radiorevelacionfm.cl\/wp-content\/uploads\/2025\/03\/imagen-1-4-1_optimized.jpeg\" alt='' title='imagen-1-(4)-(1)_optimized' height=\"600\" width=\"1065\"  itemprop=\"thumbnailUrl\" srcset=\"https:\/\/radiorevelacionfm.cl\/wp-content\/uploads\/2025\/03\/imagen-1-4-1_optimized.jpeg 1065w, https:\/\/radiorevelacionfm.cl\/wp-content\/uploads\/2025\/03\/imagen-1-4-1_optimized-300x169.jpeg 300w, https:\/\/radiorevelacionfm.cl\/wp-content\/uploads\/2025\/03\/imagen-1-4-1_optimized-1030x580.jpeg 1030w, https:\/\/radiorevelacionfm.cl\/wp-content\/uploads\/2025\/03\/imagen-1-4-1_optimized-768x433.jpeg 768w, https:\/\/radiorevelacionfm.cl\/wp-content\/uploads\/2025\/03\/imagen-1-4-1_optimized-705x397.jpeg 705w, https:\/\/radiorevelacionfm.cl\/wp-content\/uploads\/2025\/03\/imagen-1-4-1_optimized-450x254.jpeg 450w, https:\/\/radiorevelacionfm.cl\/wp-content\/uploads\/2025\/03\/imagen-1-4-1_optimized-600x338.jpeg 600w\" sizes=\"(max-width: 1065px) 100vw, 1065px\" \/><\/div><\/div><\/div><\/div><div class=\"flex_column av_one_full  flex_column_div av-zero-column-padding first  avia-builder-el-2  el_after_av_one_full  el_before_av_one_full  column-top-margin\" style='border-radius:0px; '><section class=\"av_textblock_section \"  itemscope=\"itemscope\" itemtype=\"https:\/\/schema.org\/BlogPosting\" itemprop=\"blogPost\" ><div class='avia_textblock  '   itemprop=\"text\" ><p style=\"text-align: center;\"><span style=\"font-size: 18pt;\"><strong>Gobernador y su Consejo, ofician a contralora nacional y solicitan celeridad en Toma de Raz\u00f3n de proyectos de pavimentaci\u00f3n en Carretera Austral<\/strong><\/span><\/p>\n<div id=\"gtx-trans\" style=\"position: absolute; left: -50px; top: 4.31534px;\">\n<div class=\"gtx-trans-icon\"><\/div>\n<\/div>\n<\/div><\/section><\/div><div class=\"flex_column av_one_full  flex_column_div av-zero-column-padding first  avia-builder-el-4  el_after_av_one_full  el_before_av_hr  column-top-margin\" style='border-radius:0px; '><section class=\"av_textblock_section \"  itemscope=\"itemscope\" itemtype=\"https:\/\/schema.org\/BlogPosting\" itemprop=\"blogPost\" ><div class='avia_textblock  '   itemprop=\"text\" ><p style=\"text-align: justify;\"><em>La solicitud, fue respaldada un\u00e1nimemente por el Consejo Regional, busca agilizar la ejecuci\u00f3n de obras clave para la conectividad y el desarrollo regional.<\/em><\/p>\n<p style=\"text-align: justify;\">En la \u00faltima sesi\u00f3n del Consejo Regional de Ays\u00e9n, el Gobernador Regional Marcelo Santana, con el respaldo un\u00e1nime de las y los consejeros regionales, ofici\u00f3 a la Contralora Nacional, Dorothy P\u00e9rez, solicitando prioridad en la Toma de Raz\u00f3n de los actos administrativos de la Direcci\u00f3n General de Obras P\u00fablicas relacionados con dos proyectos fundamentales para la regi\u00f3n de Ays\u00e9n.<\/p>\n<p style=\"text-align: justify;\">Las iniciativas en cuesti\u00f3n son la Reposici\u00f3n del Puente Palena y el Puente Rosselot en la Ruta 7, comuna de Cisnes, as\u00ed como el Mejoramiento de la Ruta 7 Sur en el tramo El Manzano &#8211; Cochrane, sector Confluencia &#8211; Puente Chacabuco, en la comuna de Ays\u00e9n. Ambos proyectos se encuentran actualmente en estado de an\u00e1lisis, seg\u00fan la plataforma de consulta de la Contralor\u00eda General de la Rep\u00fablica.<\/p>\n<p style=\"text-align: justify;\">El Gobernador Marcelo Santana enfatiz\u00f3 la urgencia de esta solicitud, destacando la importancia de estas obras para la conectividad y el desarrollo de la regi\u00f3n.<\/p>\n<p style=\"text-align: justify;\">\u00abEstos proyectos son fundamentales para la inversi\u00f3n p\u00fablica en Ays\u00e9n, una regi\u00f3n que enfrenta condiciones geogr\u00e1ficas y clim\u00e1ticas adversas. Esto nos exige una programaci\u00f3n rigurosa para la ejecuci\u00f3n de obras dentro de per\u00edodos estacionales muy acotados, menores a los de la mayor\u00eda de las regiones del pa\u00eds. Por ello, es indispensable agilizar la tramitaci\u00f3n administrativa y avanzar con la mayor celeridad posible\u201d, se\u00f1al\u00f3 la autoridad regional.<\/p>\n<p style=\"text-align: justify;\">Adem\u00e1s de mejorar la conectividad, la ejecuci\u00f3n de estos proyectos tendr\u00e1 un impacto significativo en la econom\u00eda local, impulsando la generaci\u00f3n de empleo, el desarrollo del sector productivo y el fortalecimiento del ecosistema de obras viales en la regi\u00f3n.<\/p>\n<p style=\"text-align: justify;\">Al respecto la Presidenta de la comisi\u00f3n de Infraestructura y Transporte del Consejo Regional Andrea Ponce se\u00f1al\u00f3: \u201ces preocupante que proyectos tan relevantes para el desarrollo e inversi\u00f3n p\u00fablica en la regi\u00f3n de Ays\u00e9n, se encuentren en estado de an\u00e1lisis por parte de la contralor\u00eda general de la rep\u00fablica, por m\u00e1s de 60 y 90 d\u00edas\u201d.<\/p>\n<p style=\"text-align: justify;\">Hoy es dif\u00edcil entregar una respuesta a los vecinos y vecinas de nuestra regi\u00f3n, ya que decirles que \u00a0los proyectos de reposici\u00f3n Puente Palena y puente Rosselot en ruta 7, de la comuna de cisnes y mejoramiento ruta 7 sur El Manzano-Cochrane, sector Confluencia-Puente Chacabuco, no han salido del papel a los hechos, no les mejora ni soluciona en nada los problemas de conectividad que viven d\u00eda a d\u00eda, por lo que es absolutamente necesario contar con la toma de raz\u00f3n de estos actos administrativos y como comisi\u00f3n de infraestructura, transporte y telecomunicaciones pedimos que se tenga una especial consideraci\u00f3n con la regi\u00f3n de Ays\u00e9n en el futuro, ya que contamos con pocos meses de buen clima para construir obras a diferencia de otras regiones.<\/p>\n<p style=\"text-align: justify;\">De igual manera, la vicepresidenta de la comisi\u00f3n de infraestructura, Rosa Gonz\u00e1lez, tambi\u00e9n hizo hincapi\u00e9 en la situaci\u00f3n:<\/p>\n<p style=\"text-align: justify;\">\u201cQuiero expresar mi preocupaci\u00f3n en la demora en la toma de raz\u00f3n de proyectos emblem\u00e1ticos, proyectos que tienen que ver con conectividad hoy est\u00e1n esperando por esa gesti\u00f3n. Esperamos con optimismo que se den con la mayor celeridad posible ya que estos proyectos vienen a transformar la vida de las vecinas y vecinos y que tengamos una conectividad digna\u201d, finaliz\u00f3.<\/p>\n<p style=\"text-align: justify;\">El Gobierno Regional de Ays\u00e9n y su Consejo contin\u00faan trabajando para garantizar que las inversiones en infraestructura vial avancen sin trabas administrativas, permitiendo mejorar la calidad de vida de las comunidades y fomentar el desarrollo territorial de manera equitativa y sostenible.<\/p>\n<\/div><\/section><\/div><div  style='height:50px' class='hr hr-invisible   avia-builder-el-6  el_after_av_one_full  el_before_av_social_share '><span class='hr-inner ' ><span class='hr-inner-style'><\/span><\/span><\/div><\/p>\n<div  class='av-social-sharing-box  avia-builder-el-7  el_after_av_hr  el_before_av_hr  '><div class='av-share-box'><h5 class='av-share-link-description av-no-toc '>Compartir esta noticia<\/h5><ul class='av-share-box-list noLightbox'><li class='av-share-link av-social-link-facebook' ><a target=\"_blank\" aria-label=\"Compartir en Facebook\" href='https:\/\/www.facebook.com\/sharer.php?u=https:\/\/radiorevelacionfm.cl\/?p=51194&#038;t=Gobernador%20y%20su%20Consejo%2C%20ofician%20a%20contralora%20nacional%20y%20solicitan%20celeridad%20en%20Toma%20de%20Raz%C3%B3n%20de%20proyectos%20de%20pavimentaci%C3%B3n%20en%20Carretera%20Austral' aria-hidden='false' data-av_icon='\ue8f3' data-av_iconfont='entypo-fontello' title='' data-avia-related-tooltip='Compartir en Facebook' rel=\"noopener\"><span class='avia_hidden_link_text'>Compartir en Facebook<\/span><\/a><\/li><li class='av-share-link av-social-link-twitter' ><a target=\"_blank\" aria-label=\"Compartir en Twitter\" href='https:\/\/twitter.com\/share?text=Gobernador%20y%20su%20Consejo%2C%20ofician%20a%20contralora%20nacional%20y%20solicitan%20celeridad%20en%20Toma%20de%20Raz%C3%B3n%20de%20proyectos%20de%20pavimentaci%C3%B3n%20en%20Carretera%20Austral&#038;url=https:\/\/radiorevelacionfm.cl\/?p=51194' aria-hidden='false' data-av_icon='\ue8f1' data-av_iconfont='entypo-fontello' title='' data-avia-related-tooltip='Compartir en Twitter' rel=\"noopener\"><span class='avia_hidden_link_text'>Compartir en Twitter<\/span><\/a><\/li><li class='av-share-link av-social-link-whatsapp' ><a target=\"_blank\" aria-label=\"Compartir en Whatsapp\" href='https:\/\/api.whatsapp.com\/send?text=https:\/\/radiorevelacionfm.cl\/?p=51194' aria-hidden='false' data-av_icon='\uf232' data-av_iconfont='entypo-fontello' title='' data-avia-related-tooltip='Compartir en Whatsapp' rel=\"noopener\"><span class='avia_hidden_link_text'>Compartir en Whatsapp<\/span><\/a><\/li><li class='av-share-link av-social-link-linkedin' ><a target=\"_blank\" aria-label=\"Compartir en LinkedIn\" href='https:\/\/linkedin.com\/shareArticle?mini=true&#038;title=Gobernador%20y%20su%20Consejo%2C%20ofician%20a%20contralora%20nacional%20y%20solicitan%20celeridad%20en%20Toma%20de%20Raz%C3%B3n%20de%20proyectos%20de%20pavimentaci%C3%B3n%20en%20Carretera%20Austral&#038;url=https:\/\/radiorevelacionfm.cl\/?p=51194' aria-hidden='false' data-av_icon='\ue8fc' data-av_iconfont='entypo-fontello' title='' data-avia-related-tooltip='Compartir en LinkedIn' rel=\"noopener\"><span class='avia_hidden_link_text'>Compartir en LinkedIn<\/span><\/a><\/li><li class='av-share-link av-social-link-mail' ><a  aria-label=\"Compartir por correo\" href='mailto:?subject=Gobernador%20y%20su%20Consejo%2C%20ofician%20a%20contralora%20nacional%20y%20solicitan%20celeridad%20en%20Toma%20de%20Raz%C3%B3n%20de%20proyectos%20de%20pavimentaci%C3%B3n%20en%20Carretera%20Austral&#038;body=https:\/\/radiorevelacionfm.cl\/?p=51194' aria-hidden='false' data-av_icon='\ue805' data-av_iconfont='entypo-fontello' title='' data-avia-related-tooltip='Compartir por correo'><span class='avia_hidden_link_text'>Compartir por correo<\/span><\/a><\/li><\/ul><\/div><\/div>\n<div  style='height:50px' class='hr hr-invisible   avia-builder-el-8  el_after_av_social_share  el_before_av_comments_list '><span class='hr-inner ' ><span class='hr-inner-style'><\/span><\/span><\/div>\n<div  class='av-buildercomment  av-blog-meta-html-info-disabled av-blog-meta-tag-disabled  '><\/div>\n","protected":false},"excerpt":{"rendered":"","protected":false},"author":1,"featured_media":51195,"comment_status":"open","ping_status":"open","sticky":false,"template":"","format":"standard","meta":{"footnotes":""},"categories":[38],"tags":[],"class_list":["post-51194","post","type-post","status-publish","format-standard","has-post-thumbnail","hentry","category-regional"],"jetpack_featured_media_url":"https:\/\/radiorevelacionfm.cl\/wp-content\/uploads\/2025\/03\/imagen-1-4-1_optimized.jpeg","_links":{"self":[{"href":"https:\/\/radiorevelacionfm.cl\/index.php?rest_route=\/wp\/v2\/posts\/51194","targetHints":{"allow":["GET"]}}],"collection":[{"href":"https:\/\/radiorevelacionfm.cl\/index.php?rest_route=\/wp\/v2\/posts"}],"about":[{"href":"https:\/\/radiorevelacionfm.cl\/index.php?rest_route=\/wp\/v2\/types\/post"}],"author":[{"embeddable":true,"href":"https:\/\/radiorevelacionfm.cl\/index.php?rest_route=\/wp\/v2\/users\/1"}],"replies":[{"embeddable":true,"href":"https:\/\/radiorevelacionfm.cl\/index.php?rest_route=%2Fwp%2Fv2%2Fcomments&post=51194"}],"version-history":[{"count":1,"href":"https:\/\/radiorevelacionfm.cl\/index.php?rest_route=\/wp\/v2\/posts\/51194\/revisions"}],"predecessor-version":[{"id":51196,"href":"https:\/\/radiorevelacionfm.cl\/index.php?rest_route=\/wp\/v2\/posts\/51194\/revisions\/51196"}],"wp:featuredmedia":[{"embeddable":true,"href":"https:\/\/radiorevelacionfm.cl\/index.php?rest_route=\/wp\/v2\/media\/51195"}],"wp:attachment":[{"href":"https:\/\/radiorevelacionfm.cl\/index.php?rest_route=%2Fwp%2Fv2%2Fmedia&parent=51194"}],"wp:term":[{"taxonomy":"category","embeddable":true,"href":"https:\/\/radiorevelacionfm.cl\/index.php?rest_route=%2Fwp%2Fv2%2Fcategories&post=51194"},{"taxonomy":"post_tag","embeddable":true,"href":"https:\/\/radiorevelacionfm.cl\/index.php?rest_route=%2Fwp%2Fv2%2Ftags&post=51194"}],"curies":[{"name":"wp","href":"https:\/\/api.w.org\/{rel}","templated":true}]}}