{"id":51191,"date":"2025-03-07T15:27:14","date_gmt":"2025-03-07T18:27:14","guid":{"rendered":"https:\/\/radiorevelacionfm.cl\/?p=51191"},"modified":"2025-03-07T15:27:14","modified_gmt":"2025-03-07T18:27:14","slug":"gobierno-invita-a-municipios-a-postular-a-programa-parque-solar-comunitario-para-reducir-costos-de-electricidad","status":"publish","type":"post","link":"https:\/\/radiorevelacionfm.cl\/?p=51191","title":{"rendered":"Gobierno invita a municipios a postular a Programa Parque Solar Comunitario para reducir costos de electricidad"},"content":{"rendered":"<div class=\"flex_column av_one_full  flex_column_div av-zero-column-padding first  avia-builder-el-0  el_before_av_one_full  avia-builder-el-first  \" style='border-radius:0px; '><div  class='avia-image-container  av-styling-    avia-builder-el-1  avia-builder-el-no-sibling  avia-align-center '  itemprop=\"image\" itemscope=\"itemscope\" itemtype=\"https:\/\/schema.org\/ImageObject\"  ><div class='avia-image-container-inner'><div class='avia-image-overlay-wrap'><img decoding=\"async\" class='wp-image-51192 avia-img-lazy-loading-not-51192 avia_image' src=\"https:\/\/radiorevelacionfm.cl\/wp-content\/uploads\/2025\/03\/PANELES-SOLARES-1-1.jpg\" alt='' title='PANELES-SOLARES (1) (1)' height=\"600\" width=\"900\"  itemprop=\"thumbnailUrl\" srcset=\"https:\/\/radiorevelacionfm.cl\/wp-content\/uploads\/2025\/03\/PANELES-SOLARES-1-1.jpg 900w, https:\/\/radiorevelacionfm.cl\/wp-content\/uploads\/2025\/03\/PANELES-SOLARES-1-1-300x200.jpg 300w, https:\/\/radiorevelacionfm.cl\/wp-content\/uploads\/2025\/03\/PANELES-SOLARES-1-1-768x512.jpg 768w, https:\/\/radiorevelacionfm.cl\/wp-content\/uploads\/2025\/03\/PANELES-SOLARES-1-1-705x470.jpg 705w, https:\/\/radiorevelacionfm.cl\/wp-content\/uploads\/2025\/03\/PANELES-SOLARES-1-1-450x300.jpg 450w, https:\/\/radiorevelacionfm.cl\/wp-content\/uploads\/2025\/03\/PANELES-SOLARES-1-1-600x400.jpg 600w\" sizes=\"(max-width: 900px) 100vw, 900px\" \/><\/div><\/div><\/div><\/div><div class=\"flex_column av_one_full  flex_column_div av-zero-column-padding first  avia-builder-el-2  el_after_av_one_full  el_before_av_one_full  column-top-margin\" style='border-radius:0px; '><section class=\"av_textblock_section \"  itemscope=\"itemscope\" itemtype=\"https:\/\/schema.org\/BlogPosting\" itemprop=\"blogPost\" ><div class='avia_textblock  '   itemprop=\"text\" ><p style=\"text-align: center;\"><strong><span style=\"font-size: 18pt;\">Gobierno invita a municipios a postular a Programa Parque Solar Comunitario para reducir costos de electricidad<\/span><\/strong><\/p>\n<div id=\"gtx-trans\" style=\"position: absolute; left: -50px; top: 4.31534px;\">\n<div class=\"gtx-trans-icon\"><\/div>\n<\/div>\n<\/div><\/section><\/div><div class=\"flex_column av_one_full  flex_column_div av-zero-column-padding first  avia-builder-el-4  el_after_av_one_full  el_before_av_hr  column-top-margin\" style='border-radius:0px; '><section class=\"av_textblock_section \"  itemscope=\"itemscope\" itemtype=\"https:\/\/schema.org\/BlogPosting\" itemprop=\"blogPost\" ><div class='avia_textblock  '   itemprop=\"text\" ><p style=\"text-align: justify;\">El Ministerio de\u00a0Energ\u00eda y la Agencia de Sostenibilidad Energ\u00e9tica abrieron la convocatoria para que los municipios de la regi\u00f3n postulen al Programa Parque Solar Comunitario. Esta iniciativa tiene como objetivo fortalecer las capacidades de\u00a0gesti\u00f3n energ\u00e9tica local\u00a0mediante el dise\u00f1o de proyectos de\u00a0generaci\u00f3n distribuida\u00a0de propiedad conjunta, promoviendo la participaci\u00f3n de las comunidades y contribuyendo a mitigar las alzas en las cuentas de\u00a0electricidad.<\/p>\n<p style=\"text-align: justify;\">La generaci\u00f3n distribuida de propiedad conjunta es un modelo innovador que permite que un grupo de vecinos o instituciones compartan la propiedad y beneficios de una planta fotovoltaica, generando energ\u00eda limpia y obteniendo descuentos en sus cuentas de electricidad.<\/p>\n<p style=\"text-align: justify;\">A trav\u00e9s de este programa, se busca desarrollar propuestas que incluyan el dise\u00f1o de una planta solar de propiedad conjunta de hasta 300 kW, emplazado en\u00a0un terreno municipal, as\u00ed como la definici\u00f3n de criterios espec\u00edficos para seleccionar a las\u00a0familias beneficiarias, en un trabajo conjunto con los equipos municipales.<\/p>\n<p style=\"text-align: justify;\">El\u00a0Seremi de Energ\u00eda de Ays\u00e9n, Tom\u00e1s Laibe, destac\u00f3 la importancia de este programa: <strong>\u201cEsta iniciativa permitir\u00e1 a los municipios de Ays\u00e9n impulsar energ\u00eda renovable con impacto directo en las comunidades. Al compartir la propiedad de una planta fotovoltaica, las familias acceden a energ\u00eda m\u00e1s barata y el municipio reduce costos de electricidad asumiendo la gesti\u00f3n del sistema\u201d.<\/strong><\/p>\n<p style=\"text-align: justify;\">Adem\u00e1s, resalt\u00f3 la trayectoria del trabajo en este \u00e1mbito: <strong>\u201cLlevamos un tiempo dialogado con municipios y el Gobierno Regional para concretar este tipo de iniciativas y hemos promovido su desarrollo con actividades como el seminario que se realiz\u00f3 en enero en el Liceo San Felipe y la colaboraci\u00f3n con Corfo, Antu Energ\u00eda y emprendedores locales. Este programa nos permite acelerar los procesos y generar una cartera de proyectos listos para financiar\u201d<\/strong><\/p>\n<p style=\"text-align: justify;\">El programa tambi\u00e9n apunta a transferir\u00a0conocimientos t\u00e9cnicos\u00a0a las municipalidades, fortaleciendo sus capacidades para identificar\u00a0oportunidades energ\u00e9ticas, dimensionar soluciones\u00a0fotovoltaicas\u00a0y estimar los costos asociados a su\u00a0implementaci\u00f3n.<\/p>\n<p style=\"text-align: justify;\">Las postulaciones estar\u00e1n abiertas hasta el viernes 28 de marzo. Para m\u00e1s informaci\u00f3n los municipios pueden visitar la p\u00e1gina <a href=\"http:\/\/www.agenciase.org\">www.agenciase.org<\/a> o contactar a la Serem\u00eda de Energ\u00eda de Ays\u00e9n.<\/p>\n<\/div><\/section><\/div><div  style='height:50px' class='hr hr-invisible   avia-builder-el-6  el_after_av_one_full  el_before_av_social_share '><span class='hr-inner ' ><span class='hr-inner-style'><\/span><\/span><\/div><\/p>\n<div  class='av-social-sharing-box  avia-builder-el-7  el_after_av_hr  el_before_av_hr  '><div class='av-share-box'><h5 class='av-share-link-description av-no-toc '>Compartir esta noticia<\/h5><ul class='av-share-box-list noLightbox'><li class='av-share-link av-social-link-facebook' ><a target=\"_blank\" aria-label=\"Compartir en Facebook\" href='https:\/\/www.facebook.com\/sharer.php?u=https:\/\/radiorevelacionfm.cl\/?p=51191&#038;t=Gobierno%20invita%20a%20municipios%20a%20postular%20a%20Programa%20Parque%20Solar%20Comunitario%20para%20reducir%20costos%20de%20electricidad' aria-hidden='false' data-av_icon='\ue8f3' data-av_iconfont='entypo-fontello' title='' data-avia-related-tooltip='Compartir en Facebook' rel=\"noopener\"><span class='avia_hidden_link_text'>Compartir en Facebook<\/span><\/a><\/li><li class='av-share-link av-social-link-twitter' ><a target=\"_blank\" aria-label=\"Compartir en Twitter\" href='https:\/\/twitter.com\/share?text=Gobierno%20invita%20a%20municipios%20a%20postular%20a%20Programa%20Parque%20Solar%20Comunitario%20para%20reducir%20costos%20de%20electricidad&#038;url=https:\/\/radiorevelacionfm.cl\/?p=51191' aria-hidden='false' data-av_icon='\ue8f1' data-av_iconfont='entypo-fontello' title='' data-avia-related-tooltip='Compartir en Twitter' rel=\"noopener\"><span class='avia_hidden_link_text'>Compartir en Twitter<\/span><\/a><\/li><li class='av-share-link av-social-link-whatsapp' ><a target=\"_blank\" aria-label=\"Compartir en Whatsapp\" href='https:\/\/api.whatsapp.com\/send?text=https:\/\/radiorevelacionfm.cl\/?p=51191' aria-hidden='false' data-av_icon='\uf232' data-av_iconfont='entypo-fontello' title='' data-avia-related-tooltip='Compartir en Whatsapp' rel=\"noopener\"><span class='avia_hidden_link_text'>Compartir en Whatsapp<\/span><\/a><\/li><li class='av-share-link av-social-link-linkedin' ><a target=\"_blank\" aria-label=\"Compartir en LinkedIn\" href='https:\/\/linkedin.com\/shareArticle?mini=true&#038;title=Gobierno%20invita%20a%20municipios%20a%20postular%20a%20Programa%20Parque%20Solar%20Comunitario%20para%20reducir%20costos%20de%20electricidad&#038;url=https:\/\/radiorevelacionfm.cl\/?p=51191' aria-hidden='false' data-av_icon='\ue8fc' data-av_iconfont='entypo-fontello' title='' data-avia-related-tooltip='Compartir en LinkedIn' rel=\"noopener\"><span class='avia_hidden_link_text'>Compartir en LinkedIn<\/span><\/a><\/li><li class='av-share-link av-social-link-mail' ><a  aria-label=\"Compartir por correo\" href='mailto:?subject=Gobierno%20invita%20a%20municipios%20a%20postular%20a%20Programa%20Parque%20Solar%20Comunitario%20para%20reducir%20costos%20de%20electricidad&#038;body=https:\/\/radiorevelacionfm.cl\/?p=51191' aria-hidden='false' data-av_icon='\ue805' data-av_iconfont='entypo-fontello' title='' data-avia-related-tooltip='Compartir por correo'><span class='avia_hidden_link_text'>Compartir por correo<\/span><\/a><\/li><\/ul><\/div><\/div>\n<div  style='height:50px' class='hr hr-invisible   avia-builder-el-8  el_after_av_social_share  el_before_av_comments_list '><span class='hr-inner ' ><span class='hr-inner-style'><\/span><\/span><\/div>\n<div  class='av-buildercomment  av-blog-meta-html-info-disabled av-blog-meta-tag-disabled  '><\/div>\n","protected":false},"excerpt":{"rendered":"","protected":false},"author":1,"featured_media":51192,"comment_status":"open","ping_status":"open","sticky":false,"template":"","format":"standard","meta":{"footnotes":""},"categories":[38],"tags":[],"class_list":["post-51191","post","type-post","status-publish","format-standard","has-post-thumbnail","hentry","category-regional"],"jetpack_featured_media_url":"https:\/\/radiorevelacionfm.cl\/wp-content\/uploads\/2025\/03\/PANELES-SOLARES-1-1.jpg","_links":{"self":[{"href":"https:\/\/radiorevelacionfm.cl\/index.php?rest_route=\/wp\/v2\/posts\/51191","targetHints":{"allow":["GET"]}}],"collection":[{"href":"https:\/\/radiorevelacionfm.cl\/index.php?rest_route=\/wp\/v2\/posts"}],"about":[{"href":"https:\/\/radiorevelacionfm.cl\/index.php?rest_route=\/wp\/v2\/types\/post"}],"author":[{"embeddable":true,"href":"https:\/\/radiorevelacionfm.cl\/index.php?rest_route=\/wp\/v2\/users\/1"}],"replies":[{"embeddable":true,"href":"https:\/\/radiorevelacionfm.cl\/index.php?rest_route=%2Fwp%2Fv2%2Fcomments&post=51191"}],"version-history":[{"count":1,"href":"https:\/\/radiorevelacionfm.cl\/index.php?rest_route=\/wp\/v2\/posts\/51191\/revisions"}],"predecessor-version":[{"id":51193,"href":"https:\/\/radiorevelacionfm.cl\/index.php?rest_route=\/wp\/v2\/posts\/51191\/revisions\/51193"}],"wp:featuredmedia":[{"embeddable":true,"href":"https:\/\/radiorevelacionfm.cl\/index.php?rest_route=\/wp\/v2\/media\/51192"}],"wp:attachment":[{"href":"https:\/\/radiorevelacionfm.cl\/index.php?rest_route=%2Fwp%2Fv2%2Fmedia&parent=51191"}],"wp:term":[{"taxonomy":"category","embeddable":true,"href":"https:\/\/radiorevelacionfm.cl\/index.php?rest_route=%2Fwp%2Fv2%2Fcategories&post=51191"},{"taxonomy":"post_tag","embeddable":true,"href":"https:\/\/radiorevelacionfm.cl\/index.php?rest_route=%2Fwp%2Fv2%2Ftags&post=51191"}],"curies":[{"name":"wp","href":"https:\/\/api.w.org\/{rel}","templated":true}]}}