{"id":51179,"date":"2025-03-06T20:02:12","date_gmt":"2025-03-06T23:02:12","guid":{"rendered":"https:\/\/radiorevelacionfm.cl\/?p=51179"},"modified":"2025-03-06T20:02:12","modified_gmt":"2025-03-06T23:02:12","slug":"informacion-mas-clara-y-accesible-mideso-aysen-invita-a-conocer-nueva-cartola-del-registro-social-de-hogares","status":"publish","type":"post","link":"https:\/\/radiorevelacionfm.cl\/?p=51179","title":{"rendered":"Informaci\u00f3n m\u00e1s clara y accesible: Mideso Ays\u00e9n invita a conocer nueva cartola del Registro Social de Hogares"},"content":{"rendered":"<div class=\"flex_column av_one_full  flex_column_div av-zero-column-padding first  avia-builder-el-0  el_before_av_one_full  avia-builder-el-first  \" style='border-radius:0px; '><div  class='avia-image-container  av-styling-    avia-builder-el-1  avia-builder-el-no-sibling  avia-align-center '  itemprop=\"image\" itemscope=\"itemscope\" itemtype=\"https:\/\/schema.org\/ImageObject\"  ><div class='avia-image-container-inner'><div class='avia-image-overlay-wrap'><img decoding=\"async\" class='wp-image-51180 avia-img-lazy-loading-not-51180 avia_image' src=\"https:\/\/radiorevelacionfm.cl\/wp-content\/uploads\/2025\/03\/persona-viendo-cartola-1-1.jpeg\" alt='' title='persona viendo cartola (1) (1)' height=\"600\" width=\"901\"  itemprop=\"thumbnailUrl\" srcset=\"https:\/\/radiorevelacionfm.cl\/wp-content\/uploads\/2025\/03\/persona-viendo-cartola-1-1.jpeg 901w, https:\/\/radiorevelacionfm.cl\/wp-content\/uploads\/2025\/03\/persona-viendo-cartola-1-1-300x200.jpeg 300w, https:\/\/radiorevelacionfm.cl\/wp-content\/uploads\/2025\/03\/persona-viendo-cartola-1-1-768x511.jpeg 768w, https:\/\/radiorevelacionfm.cl\/wp-content\/uploads\/2025\/03\/persona-viendo-cartola-1-1-705x469.jpeg 705w, https:\/\/radiorevelacionfm.cl\/wp-content\/uploads\/2025\/03\/persona-viendo-cartola-1-1-450x300.jpeg 450w, https:\/\/radiorevelacionfm.cl\/wp-content\/uploads\/2025\/03\/persona-viendo-cartola-1-1-600x400.jpeg 600w\" sizes=\"(max-width: 901px) 100vw, 901px\" \/><\/div><\/div><\/div><\/div><div class=\"flex_column av_one_full  flex_column_div av-zero-column-padding first  avia-builder-el-2  el_after_av_one_full  el_before_av_one_full  column-top-margin\" style='border-radius:0px; '><section class=\"av_textblock_section \"  itemscope=\"itemscope\" itemtype=\"https:\/\/schema.org\/BlogPosting\" itemprop=\"blogPost\" ><div class='avia_textblock  '   itemprop=\"text\" ><p style=\"text-align: center;\"><strong><span style=\"font-size: 18pt;\">Informaci\u00f3n m\u00e1s clara y accesible: Mideso Ays\u00e9n invita a conocer nueva cartola del Registro Social de Hogares<\/span><\/strong><\/p>\n<div id=\"gtx-trans\" style=\"position: absolute; left: -50px; top: 4.31534px;\">\n<div class=\"gtx-trans-icon\"><\/div>\n<\/div>\n<\/div><\/section><\/div><div class=\"flex_column av_one_full  flex_column_div av-zero-column-padding first  avia-builder-el-4  el_after_av_one_full  el_before_av_hr  column-top-margin\" style='border-radius:0px; '><section class=\"av_textblock_section \"  itemscope=\"itemscope\" itemtype=\"https:\/\/schema.org\/BlogPosting\" itemprop=\"blogPost\" ><div class='avia_textblock  '   itemprop=\"text\" ><p style=\"text-align: justify;\"><em>M\u00e1s de 41.000 personas usuarias participaron en el redise\u00f1o de este documento clave del Registro Social de Hogares a trav\u00e9s de la encuesta virtual \u00abLa cartola la mejoras t\u00fa\u00bb.<\/em><\/p>\n<p style=\"text-align: justify;\">Con una versi\u00f3n renovada de la Cartola del Registro Social de Hogares (RSH), con mejoras en su dise\u00f1o y contenido para hacerla m\u00e1s comprensible para la ciudadan\u00eda, la Seremi de Desarrollo Social y Familia, Karina Acevedo invit\u00f3 a usuarios y usuarias a conocer estos cambios, que, dentro de sus mejoras incluye informaci\u00f3n de beneficios sociales a los que pueden postular seg\u00fan su calificaci\u00f3n socioecon\u00f3mica.<\/p>\n<p style=\"text-align: justify;\">Actualmente, el 85% de la poblaci\u00f3n en Chile es parte del RSH, es decir, m\u00e1s de 17 millones de personas, mientras que en la regi\u00f3n de Ays\u00e9n son 107.662 seg\u00fan los datos aportados por el RSH y, con el objetivo de hacer m\u00e1s f\u00e1cil la lectura de este documento, es que a principios del a\u00f1o pasado se lanz\u00f3 la encuesta \u00abla cartola la mejoras t\u00fa\u00bb por lo que los resultados se pueden ver reflejados en esta nueva versi\u00f3n de cartola.<\/p>\n<p style=\"text-align: justify;\">As\u00ed lo relev\u00f3 la seremi de Desarrollo Social y Familia, Karina Acevedo \u00abQueremos destacar que los nuevos cambios a la cartola, son producto de una participaci\u00f3n ciudadana y lo que buscamos es facilitar la informaci\u00f3n, que se comprenda de forma clara y adicionalmente se agrega otra secci\u00f3n que les permite a todos ver si son potenciales beneficiarios de otros programas del Estado\u00bb.<\/p>\n<p style=\"text-align: justify;\">\u00abBeneficios Potenciales\u00bb es la nueva secci\u00f3n que se incorpora a la cartola de cada registro y que informa a los hogares si cumplen con los requisitos para postular a programas estatales como el Subsidio Familiar (SUF) y el Subsidio de Discapacidad para menores de 18 a\u00f1os. En caso de no calificar, la cartola invita a explorar otros beneficios del Estado.<\/p>\n<p style=\"text-align: justify;\">Adicionalmente explic\u00f3 la seremi Karina Acevedo que la nueva cartola explica con claridad c\u00f3mo se determina el tramo de la calificaci\u00f3n y los factores que influyen en ella, por lo que invit\u00f3 a conocer sus cambios e informarse en detalle de su contenido.<\/p>\n<p style=\"text-align: justify;\">\u00abEn nuestra regi\u00f3n de Ays\u00e9n cerca de 9 de cada 10 familias cuentan con su Registro Social de Hogares, sabemos lo importante que es y por lo mismo se hace necesario estar mejor\u00e1ndolo constantemente. Estamos acercando el Estado a las personas, tal como nos ha mandatado el Presidente Boric, estamos haciendo que los beneficios sociales sean conocidos por todas y todos y puedan acceder. As\u00ed que la invitaci\u00f3n es que al ingresar a su cartola del Registro Social de Hogares, revise toda la informaci\u00f3n que est\u00e1 disponible y lo mismo para los municipios\u00bb.<\/p>\n<p style=\"text-align: justify;\">La nueva cartola incluye un glosario titulado \u00abEntendiendo mi Cartola Hogar del RSH\u00bb, que explica de manera sencilla los conceptos m\u00e1s importantes, y la integraci\u00f3n de c\u00f3digos QR, que permiten a las personas acceder r\u00e1pidamente a la Red de Protecci\u00f3n Social y conocer los canales disponibles para actualizar, complementar o rectificar informaci\u00f3n en el RSH. \u00a0Hay que se\u00f1alar que la nueva Cartola del Registro Social de Hogares ya est\u00e1 disponible en www.registrosocial.gob.cl, y puede ser consultada tambi\u00e9n en oficinas municipales y ChileAtiende. Para m\u00e1s informaci\u00f3n, est\u00e1 habilitado el callcenter 800-104-777.<\/p>\n<\/div><\/section><\/div><div  style='height:50px' class='hr hr-invisible   avia-builder-el-6  el_after_av_one_full  el_before_av_social_share '><span class='hr-inner ' ><span class='hr-inner-style'><\/span><\/span><\/div><\/p>\n<div  class='av-social-sharing-box  avia-builder-el-7  el_after_av_hr  el_before_av_hr  '><div class='av-share-box'><h5 class='av-share-link-description av-no-toc '>Compartir esta noticia<\/h5><ul class='av-share-box-list noLightbox'><li class='av-share-link av-social-link-facebook' ><a target=\"_blank\" aria-label=\"Compartir en Facebook\" href='https:\/\/www.facebook.com\/sharer.php?u=https:\/\/radiorevelacionfm.cl\/?p=51179&#038;t=Informaci%C3%B3n%20m%C3%A1s%20clara%20y%20accesible%3A%20Mideso%20Ays%C3%A9n%20invita%20a%20conocer%20nueva%20cartola%20del%20Registro%20Social%20de%20Hogares' aria-hidden='false' data-av_icon='\ue8f3' data-av_iconfont='entypo-fontello' title='' data-avia-related-tooltip='Compartir en Facebook' rel=\"noopener\"><span class='avia_hidden_link_text'>Compartir en Facebook<\/span><\/a><\/li><li class='av-share-link av-social-link-twitter' ><a target=\"_blank\" aria-label=\"Compartir en Twitter\" href='https:\/\/twitter.com\/share?text=Informaci%C3%B3n%20m%C3%A1s%20clara%20y%20accesible%3A%20Mideso%20Ays%C3%A9n%20invita%20a%20conocer%20nueva%20cartola%20del%20Registro%20Social%20de%20Hogares&#038;url=https:\/\/radiorevelacionfm.cl\/?p=51179' aria-hidden='false' data-av_icon='\ue8f1' data-av_iconfont='entypo-fontello' title='' data-avia-related-tooltip='Compartir en Twitter' rel=\"noopener\"><span class='avia_hidden_link_text'>Compartir en Twitter<\/span><\/a><\/li><li class='av-share-link av-social-link-whatsapp' ><a target=\"_blank\" aria-label=\"Compartir en Whatsapp\" href='https:\/\/api.whatsapp.com\/send?text=https:\/\/radiorevelacionfm.cl\/?p=51179' aria-hidden='false' data-av_icon='\uf232' data-av_iconfont='entypo-fontello' title='' data-avia-related-tooltip='Compartir en Whatsapp' rel=\"noopener\"><span class='avia_hidden_link_text'>Compartir en Whatsapp<\/span><\/a><\/li><li class='av-share-link av-social-link-linkedin' ><a target=\"_blank\" aria-label=\"Compartir en LinkedIn\" href='https:\/\/linkedin.com\/shareArticle?mini=true&#038;title=Informaci%C3%B3n%20m%C3%A1s%20clara%20y%20accesible%3A%20Mideso%20Ays%C3%A9n%20invita%20a%20conocer%20nueva%20cartola%20del%20Registro%20Social%20de%20Hogares&#038;url=https:\/\/radiorevelacionfm.cl\/?p=51179' aria-hidden='false' data-av_icon='\ue8fc' data-av_iconfont='entypo-fontello' title='' data-avia-related-tooltip='Compartir en LinkedIn' rel=\"noopener\"><span class='avia_hidden_link_text'>Compartir en LinkedIn<\/span><\/a><\/li><li class='av-share-link av-social-link-mail' ><a  aria-label=\"Compartir por correo\" href='mailto:?subject=Informaci%C3%B3n%20m%C3%A1s%20clara%20y%20accesible%3A%20Mideso%20Ays%C3%A9n%20invita%20a%20conocer%20nueva%20cartola%20del%20Registro%20Social%20de%20Hogares&#038;body=https:\/\/radiorevelacionfm.cl\/?p=51179' aria-hidden='false' data-av_icon='\ue805' data-av_iconfont='entypo-fontello' title='' data-avia-related-tooltip='Compartir por correo'><span class='avia_hidden_link_text'>Compartir por correo<\/span><\/a><\/li><\/ul><\/div><\/div>\n<div  style='height:50px' class='hr hr-invisible   avia-builder-el-8  el_after_av_social_share  el_before_av_comments_list '><span class='hr-inner ' ><span class='hr-inner-style'><\/span><\/span><\/div>\n<div  class='av-buildercomment  av-blog-meta-html-info-disabled av-blog-meta-tag-disabled  '><\/div>\n","protected":false},"excerpt":{"rendered":"","protected":false},"author":1,"featured_media":51180,"comment_status":"open","ping_status":"open","sticky":false,"template":"","format":"standard","meta":{"footnotes":""},"categories":[38],"tags":[],"class_list":["post-51179","post","type-post","status-publish","format-standard","has-post-thumbnail","hentry","category-regional"],"jetpack_featured_media_url":"https:\/\/radiorevelacionfm.cl\/wp-content\/uploads\/2025\/03\/persona-viendo-cartola-1-1.jpeg","_links":{"self":[{"href":"https:\/\/radiorevelacionfm.cl\/index.php?rest_route=\/wp\/v2\/posts\/51179","targetHints":{"allow":["GET"]}}],"collection":[{"href":"https:\/\/radiorevelacionfm.cl\/index.php?rest_route=\/wp\/v2\/posts"}],"about":[{"href":"https:\/\/radiorevelacionfm.cl\/index.php?rest_route=\/wp\/v2\/types\/post"}],"author":[{"embeddable":true,"href":"https:\/\/radiorevelacionfm.cl\/index.php?rest_route=\/wp\/v2\/users\/1"}],"replies":[{"embeddable":true,"href":"https:\/\/radiorevelacionfm.cl\/index.php?rest_route=%2Fwp%2Fv2%2Fcomments&post=51179"}],"version-history":[{"count":1,"href":"https:\/\/radiorevelacionfm.cl\/index.php?rest_route=\/wp\/v2\/posts\/51179\/revisions"}],"predecessor-version":[{"id":51181,"href":"https:\/\/radiorevelacionfm.cl\/index.php?rest_route=\/wp\/v2\/posts\/51179\/revisions\/51181"}],"wp:featuredmedia":[{"embeddable":true,"href":"https:\/\/radiorevelacionfm.cl\/index.php?rest_route=\/wp\/v2\/media\/51180"}],"wp:attachment":[{"href":"https:\/\/radiorevelacionfm.cl\/index.php?rest_route=%2Fwp%2Fv2%2Fmedia&parent=51179"}],"wp:term":[{"taxonomy":"category","embeddable":true,"href":"https:\/\/radiorevelacionfm.cl\/index.php?rest_route=%2Fwp%2Fv2%2Fcategories&post=51179"},{"taxonomy":"post_tag","embeddable":true,"href":"https:\/\/radiorevelacionfm.cl\/index.php?rest_route=%2Fwp%2Fv2%2Ftags&post=51179"}],"curies":[{"name":"wp","href":"https:\/\/api.w.org\/{rel}","templated":true}]}}